{"id":27548,"date":"2025-10-22T09:59:32","date_gmt":"2025-10-22T09:59:32","guid":{"rendered":"https:\/\/www.berti.net\/?p=27548"},"modified":"2025-10-22T10:01:01","modified_gmt":"2025-10-22T10:01:01","slug":"holz-als-ressource-fur-die-zukunft-nachhaltigkeit-innovation-und-umweltverantwortung-3","status":"publish","type":"post","link":"https:\/\/berti.net\/de\/magazine\/holz-als-ressource-fur-die-zukunft-nachhaltigkeit-innovation-und-umweltverantwortung-3\/","title":{"rendered":"Berti empf\u00e4ngt internationale Architekten und Designer"},"content":{"rendered":"\n<div class=\"wp-block-group post-categories has-global-padding is-content-justification-left is-layout-constrained wp-container-core-group-is-layout-118d8d6f wp-block-group-is-layout-constrained\" style=\"margin-top:var(--wp--preset--spacing--30);margin-bottom:var(--wp--preset--spacing--60);font-size:11px\">\n<div class=\"wp-block-group is-content-justification-center is-nowrap is-layout-flex wp-container-core-group-is-layout-60758a6d wp-block-group-is-layout-flex\">\n<p>Magazin \/<\/p>\n\n\n<div class=\"taxonomy-category wp-block-post-terms\"><a href=\"https:\/\/berti.net\/de\/magazine\/category\/veranstaltungen\/\" rel=\"tag\">Veranstaltungen<\/a><\/div><\/div>\n<\/div>\n\n<div class=\"wp-block-group title-text-indented-pattern animated fadeIn has-global-padding is-layout-constrained wp-container-core-group-is-layout-b2ab1441 wp-block-group-is-layout-constrained\" style=\"margin-bottom:var(--wp--preset--spacing--90)\">\n<div class=\"wp-block-group has-global-padding is-layout-constrained wp-container-core-group-is-layout-6dea37ad wp-block-group-is-layout-constrained\"><div style=\"font-style:normal;font-weight:600;text-transform:uppercase;\" class=\"has-link-color wp-elements-32859cd979b45056895d81c5660c23a0 wp-block-post-date has-text-color has-base-color has-s-font-size\"><time datetime=\"2025-10-22T09:59:32+00:00\">22 October 2025<\/time><\/div>\n\n\n<h1 class=\"wp-block-heading has-text-color\" style=\"color:#000000\">Berti empf\u00e4ngt <strong>internationale Architekten und Designer<\/strong><\/h1>\n\n\n\n<h2 class=\"wp-block-heading has-text-color has-m-32-font-size\" style=\"color:#000000;margin-bottom:var(--wp--preset--spacing--20)\">Ein immersives Erlebnis zwischen Design, <strong>Innovation und italienischer Handwerkskunst<\/strong><\/h2>\n\n\n\n<p class=\"has-m-22-font-size\">Am <strong>15. Oktober hatte Berti Pavimenti Legno<\/strong> das Vergn\u00fcgen, eine Gruppe von <strong>Architekten und Designern aus Aserbaidschan, Georgien, Kasachstan und Usbekistan<\/strong> f\u00fcr einen Tag des Austauschs, der Begegnung und der Inspiration in der Welt des <strong>Designs und der Architektur<\/strong> zu empfangen. Ein besonderer Termin verwandelte den Firmensitz in einen Ort des Dialogs und der Entdeckung, wo <strong>Holz<\/strong> der Protagonist einer Geschichte von <strong>Technologie, Erfahrung und Leidenschaft Made in Italy<\/strong> war. <\/p>\n<\/div>\n<\/div>\n\n<div class=\"wp-block-group alignwide has-global-padding is-layout-constrained wp-container-core-group-is-layout-d427c859 wp-block-group-is-layout-constrained\" style=\"margin-top:var(--wp--preset--spacing--50);margin-bottom:var(--wp--preset--spacing--50);padding-right:16px;padding-left:16px\">\n<figure class=\"wp-block-image size-full\"><img loading=\"lazy\" decoding=\"async\" width=\"1928\" height=\"1084\" src=\"https:\/\/www.berti.net\/wp-content\/uploads\/architetti-visita-berti-pavimenti-legno.jpg\" alt=\"\" class=\"wp-image-27557\" srcset=\"https:\/\/berti.net\/wp-content\/uploads\/architetti-visita-berti-pavimenti-legno.jpg 1928w, https:\/\/berti.net\/wp-content\/uploads\/architetti-visita-berti-pavimenti-legno-812x457.jpg 812w, https:\/\/berti.net\/wp-content\/uploads\/architetti-visita-berti-pavimenti-legno-1920x1080.jpg 1920w, https:\/\/berti.net\/wp-content\/uploads\/architetti-visita-berti-pavimenti-legno-768x432.jpg 768w, https:\/\/berti.net\/wp-content\/uploads\/architetti-visita-berti-pavimenti-legno-1536x864.jpg 1536w\" sizes=\"auto, (max-width: 1928px) 100vw, 1928px\" \/><\/figure>\n<\/div>\n\n<div class=\"wp-block-group title-text-indented-pattern animated fadeIn has-global-padding is-layout-constrained wp-container-core-group-is-layout-b2ab1441 wp-block-group-is-layout-constrained\" style=\"margin-bottom:var(--wp--preset--spacing--90)\">\n<div class=\"wp-block-group has-global-padding is-layout-constrained wp-container-core-group-is-layout-6dea37ad wp-block-group-is-layout-constrained\">\n<h2 class=\"wp-block-heading has-text-color has-m-32-font-size\" style=\"color:#000000;margin-bottom:var(--wp--preset--spacing--20)\">Ein Tag der Begegnung und Inspiration<\/h2>\n\n\n\n<p class=\"has-m-22-font-size\">W\u00e4hrend des Besuchs konnten die Fachleute <strong>den Produktionsprozess von Berti aus erster Hand erleben<\/strong>, von der <strong>Auswahl der Rohstoffe<\/strong> \u00fcber die Verarbeitung, die <strong>Oberfl\u00e4chenbehandlungen<\/strong> bis hin zur <strong>Qualit\u00e4tskontrolle<\/strong>. Die Tour erm\u00f6glichte es, zu verstehen, wie <strong>handwerkliche Sorgfalt<\/strong> und <strong>technologische Pr\u00e4zision<\/strong> im Unternehmen in perfekter Harmonie koexistieren. Besonderes Interesse galt der <a href=\"https:\/\/www.berti.net\/de\/parkett\/parkett-diesel-wohnen\/\"><strong>neuen Diesel-Kollektion<\/strong><\/a>, die f\u00fcr ihre <strong>zeitgen\u00f6ssische Identit\u00e4t<\/strong> und die F\u00e4higkeit, <strong>\u00c4sthetik und Widerstandsf\u00e4higkeit zu verbinden<\/strong>, gesch\u00e4tzt wurde.  <\/p>\n\n\n\n<p class=\"has-s-font-size\"><em>&#8221;<strong>Den Produktionsprozess aus der N\u00e4he zu sehen und zu ber\u00fchren<\/strong>, hat alles viel realer und bedeutungsvoller gemacht. Viele hatten nicht mit der Gr\u00f6\u00dfe und Komplexit\u00e4t des Werks gerechnet, und das hat ihre Wahrnehmung des <strong>authentischen Markenwerts<\/strong> wirklich gest\u00e4rkt.&#8221; \u2014 Internationaler Partner zu Besuch <\/em><\/p>\n\n\n\n<p class=\"has-s-font-size\"><a href=\"https:\/\/www.berti.net\/de\/parkett\/parkett-diesel-wohnen\/\">\u2937 <strong>Diesel Living Kollektion<\/strong><\/a><\/p>\n<\/div>\n<\/div>\n\n<div class=\"wp-block-group alignwide has-global-padding is-layout-constrained wp-container-core-group-is-layout-d427c859 wp-block-group-is-layout-constrained\" style=\"margin-top:var(--wp--preset--spacing--50);margin-bottom:var(--wp--preset--spacing--50);padding-right:16px;padding-left:16px\">\n<figure class=\"wp-block-image size-large\"><img loading=\"lazy\" decoding=\"async\" width=\"1920\" height=\"1080\" src=\"https:\/\/www.berti.net\/wp-content\/uploads\/visita-squarespace-berti-pavimenti-legno-1920x1080.jpg\" alt=\"\" class=\"wp-image-27567\" srcset=\"https:\/\/berti.net\/wp-content\/uploads\/visita-squarespace-berti-pavimenti-legno-1920x1080.jpg 1920w, https:\/\/berti.net\/wp-content\/uploads\/visita-squarespace-berti-pavimenti-legno-812x457.jpg 812w, https:\/\/berti.net\/wp-content\/uploads\/visita-squarespace-berti-pavimenti-legno-768x432.jpg 768w, https:\/\/berti.net\/wp-content\/uploads\/visita-squarespace-berti-pavimenti-legno-1536x864.jpg 1536w, https:\/\/berti.net\/wp-content\/uploads\/visita-squarespace-berti-pavimenti-legno.jpg 1928w\" sizes=\"auto, (max-width: 1920px) 100vw, 1920px\" \/><\/figure>\n<\/div>\n\n<div class=\"wp-block-group title-text-indented-pattern animated fadeIn has-global-padding is-layout-constrained wp-container-core-group-is-layout-b2ab1441 wp-block-group-is-layout-constrained\" style=\"margin-bottom:var(--wp--preset--spacing--90)\">\n<div class=\"wp-block-group has-global-padding is-layout-constrained wp-container-core-group-is-layout-6dea37ad wp-block-group-is-layout-constrained\">\n<h2 class=\"wp-block-heading has-text-color has-m-32-font-size\" style=\"color:#000000;margin-bottom:var(--wp--preset--spacing--20)\">Gastfreundschaft, Beziehungen und gemeinsamer Wert<\/h2>\n\n\n\n<p class=\"has-m-22-font-size\">Die Erfahrung war auch ein Moment der <strong>menschlichen und beruflichen Beziehung.<\/strong><br\/>Von der Organisation der <strong>Transfers<\/strong> und des <strong>Hotelempfangs<\/strong> bis hin zum <strong>geselligen Abschlussessen<\/strong> wurde jedes Detail sorgf\u00e4ltig geplant, um ein umfassendes und einbindendes Erlebnis zu bieten.<\/p>\n\n\n\n<p class=\"has-s-font-size\">&#8221;<strong>Die Zeit, die eine Marke ihren Partnern widmet, hat einen enormen Wert<\/strong>, und Sie haben das vollst\u00e4ndig bewiesen.&#8221;<br\/>\u2014 <em>Dankesnachricht, die von der Gruppe erhalten wurde<\/em><\/p>\n<\/div>\n<\/div>\n\n<div class=\"wp-block-group alignwide has-global-padding is-layout-constrained wp-container-core-group-is-layout-d427c859 wp-block-group-is-layout-constrained\" style=\"margin-top:var(--wp--preset--spacing--50);margin-bottom:var(--wp--preset--spacing--50);padding-right:16px;padding-left:16px\">\n<figure class=\"wp-block-image size-full\"><img loading=\"lazy\" decoding=\"async\" width=\"1928\" height=\"1084\" src=\"https:\/\/www.berti.net\/wp-content\/uploads\/visita-fabbrica-berti-pavimenti-legno.jpg\" alt=\"\" class=\"wp-image-27562\" srcset=\"https:\/\/berti.net\/wp-content\/uploads\/visita-fabbrica-berti-pavimenti-legno.jpg 1928w, https:\/\/berti.net\/wp-content\/uploads\/visita-fabbrica-berti-pavimenti-legno-812x457.jpg 812w, https:\/\/berti.net\/wp-content\/uploads\/visita-fabbrica-berti-pavimenti-legno-1920x1080.jpg 1920w, https:\/\/berti.net\/wp-content\/uploads\/visita-fabbrica-berti-pavimenti-legno-768x432.jpg 768w, https:\/\/berti.net\/wp-content\/uploads\/visita-fabbrica-berti-pavimenti-legno-1536x864.jpg 1536w\" sizes=\"auto, (max-width: 1928px) 100vw, 1928px\" \/><\/figure>\n<\/div>\n\n<div class=\"wp-block-group title-text-indented-pattern animated fadeIn has-global-padding is-layout-constrained wp-container-core-group-is-layout-b2ab1441 wp-block-group-is-layout-constrained\" style=\"margin-bottom:var(--wp--preset--spacing--90)\">\n<div class=\"wp-block-group has-global-padding is-layout-constrained wp-container-core-group-is-layout-6dea37ad wp-block-group-is-layout-constrained\">\n<h2 class=\"wp-block-heading has-text-color has-m-32-font-size\" style=\"color:#000000;margin-bottom:var(--wp--preset--spacing--20)\">Ein Erlebnis, das auf Anfrage m\u00f6glich ist<\/h2>\n\n\n\n<p class=\"has-m-22-font-size\">Die <strong>Unternehmensbesichtigungen<\/strong> stellen f\u00fcr <strong>Berti<\/strong> eine wichtige Gelegenheit zum <strong>Austausch und zur Transparenz<\/strong> dar: Momente, die denjenigen gewidmet sind, die <strong>die Produktionsrealit\u00e4t aus der N\u00e4he kennenlernen<\/strong>, die <strong>Verarbeitungsprozesse<\/strong> und die <strong>Qualit\u00e4t der <a href=\"https:\/\/www.berti.net\/de\/unternehmen\/\">Holzb\u00f6den Made in Italy<\/a><\/strong> erfahren m\u00f6chten.<\/p>\n\n\n\n<p><a href=\"https:\/\/www.berti.net\/de\/unternehmen\/\">\u2937 <strong>Unternehmen<\/strong><\/a><\/p>\n\n\n\n<p class=\"has-m-22-font-size\">Auf Anfrage k\u00f6nnen <strong>Architekten, Designer und Branchenprofis<\/strong> <strong>eine gef\u00fchrte Tour durch den Firmensitz organisieren<\/strong>, um <strong>ihr Wissen \u00fcber die Materialien zu vertiefen<\/strong>, <strong>die Kollektionen zu erkunden<\/strong> und <strong>zu entdecken, wie jeder von Berti signierte Boden entsteht<\/strong>.<\/p>\n\n\n\n<p class=\"has-m-22-font-size\">Das k\u00f6nnte Sie auch interessieren:<br\/><a href=\"https:\/\/www.berti.net\/de\/kontaktieren-sie-uns\/\">\u2937 <strong>Kontaktieren Sie uns<\/strong><br\/><\/a><a href=\"https:\/\/www.berti.net\/de\/unternehmen\/\">\u2937 <strong>Unternehmen<\/strong><br\/><\/a><a href=\"https:\/\/www.berti.net\/de\/parkett\/parkett-diesel-wohnen\/\">\u2937 <strong>Diesel Living Kollektion<\/strong><\/a><\/p>\n<\/div>\n<\/div>\n\n<div class=\"wp-block-group post-categories has-global-padding is-content-justification-left is-layout-constrained wp-container-core-group-is-layout-328eab2d wp-block-group-is-layout-constrained\" style=\"margin-top:var(--wp--preset--spacing--70);margin-bottom:var(--wp--preset--spacing--90);font-size:11px\">\n<div class=\"wp-block-group is-content-justification-center is-nowrap is-layout-flex wp-container-core-group-is-layout-60758a6d wp-block-group-is-layout-flex\">\n<p>Magazin \/<\/p>\n\n\n<div class=\"taxonomy-category wp-block-post-terms\"><a href=\"https:\/\/berti.net\/de\/magazine\/category\/veranstaltungen\/\" rel=\"tag\">Veranstaltungen<\/a><\/div><\/div>\n<\/div>\n","protected":false},"excerpt":{"rendered":"<p>Magazin \/ Berti empf\u00e4ngt internationale Architekten und Designer Ein immersives Erlebnis zwischen Design, Innovation und italienischer Handwerkskunst Am 15. Oktober hatte Berti Pavimenti Legno das Vergn\u00fcgen, eine Gruppe von Architekten und Designern aus Aserbaidschan, Georgien, Kasachstan und Usbekistan f\u00fcr einen Tag des Austauschs, der Begegnung und der Inspiration in der Welt des Designs und der Architektur zu empfangen. Ein besonderer [&hellip;]<\/p>\n","protected":false},"author":13,"featured_media":27577,"comment_status":"closed","ping_status":"closed","sticky":false,"template":"","format":"standard","meta":{"footnotes":""},"categories":[178],"tags":[322,328,331,332,329,326,325,327,324,323,330],"class_list":["post-27548","post","type-post","status-publish","format-standard","has-post-thumbnail","hentry","category-veranstaltungen","tag-berti-bodenbelage","tag-diesel-parkett-kollektion","tag-holzboden-fur-innenraume","tag-italienische-handwerkskunst-parkett","tag-parkett-fur-architekten-und-designer","tag-parkett-made-in-italy","tag-parkett-produktion-made-in-italy","tag-parkettunternehmen-venetien","tag-unternehmensbesichtigung-parkett","tag-unternehmensbesichtigungen-berti","tag-werksbesichtigung-parkett"],"_links":{"self":[{"href":"https:\/\/berti.net\/de\/wp-json\/wp\/v2\/posts\/27548","targetHints":{"allow":["GET"]}}],"collection":[{"href":"https:\/\/berti.net\/de\/wp-json\/wp\/v2\/posts"}],"about":[{"href":"https:\/\/berti.net\/de\/wp-json\/wp\/v2\/types\/post"}],"author":[{"embeddable":true,"href":"https:\/\/berti.net\/de\/wp-json\/wp\/v2\/users\/13"}],"replies":[{"embeddable":true,"href":"https:\/\/berti.net\/de\/wp-json\/wp\/v2\/comments?post=27548"}],"version-history":[{"count":3,"href":"https:\/\/berti.net\/de\/wp-json\/wp\/v2\/posts\/27548\/revisions"}],"predecessor-version":[{"id":27583,"href":"https:\/\/berti.net\/de\/wp-json\/wp\/v2\/posts\/27548\/revisions\/27583"}],"wp:featuredmedia":[{"embeddable":true,"href":"https:\/\/berti.net\/de\/wp-json\/wp\/v2\/media\/27577"}],"wp:attachment":[{"href":"https:\/\/berti.net\/de\/wp-json\/wp\/v2\/media?parent=27548"}],"wp:term":[{"taxonomy":"category","embeddable":true,"href":"https:\/\/berti.net\/de\/wp-json\/wp\/v2\/categories?post=27548"},{"taxonomy":"post_tag","embeddable":true,"href":"https:\/\/berti.net\/de\/wp-json\/wp\/v2\/tags?post=27548"}],"curies":[{"name":"wp","href":"https:\/\/api.w.org\/{rel}","templated":true}]}}