{"id":23695,"date":"2011-09-26T14:26:48","date_gmt":"2011-09-26T14:26:48","guid":{"rendered":"https:\/\/www.berti.net\/magazine\/das-neue-konzept-sozialer-wohnungsbau-auf-der-made-expo-in-mailand\/"},"modified":"2025-06-05T07:41:01","modified_gmt":"2025-06-05T07:41:01","slug":"das-neue-konzept-sozialer-wohnungsbau-auf-der-made-expo-in-mailand","status":"publish","type":"post","link":"https:\/\/berti.net\/de\/magazine\/das-neue-konzept-sozialer-wohnungsbau-auf-der-made-expo-in-mailand\/","title":{"rendered":"Das neue Konzept \u201eSozialer Wohnungsbau\u201c auf der Made Expo in Mailand"},"content":{"rendered":"\n<div class=\"wp-block-group post-detail-pattern is-container has-base-2-color has-contrast-background-color has-text-color has-background has-link-color wp-elements-1294f5a1da40fd2bb84a4e0567d30379 has-global-padding is-layout-constrained wp-block-group-is-layout-constrained\" style=\"margin-top:0;margin-bottom:0;padding-top:var(--wp--preset--spacing--70);padding-bottom:var(--wp--preset--spacing--70)\">\n<div class=\"wp-block-columns alignwide is-layout-flex wp-container-core-columns-is-layout-d125203f wp-block-columns-is-layout-flex\" style=\"margin-bottom:var(--wp--preset--spacing--50)\">\n<div class=\"wp-block-column is-vertically-aligned-stretch is-layout-flow wp-block-column-is-layout-flow\" style=\"padding-right:0;flex-basis:50%\">\n<div class=\"wp-block-group is-vertical is-content-justification-stretch is-layout-flex wp-container-core-group-is-layout-e9e70883 wp-block-group-is-layout-flex\" style=\"min-height:100%\">\n<div class=\"wp-block-group post-categories is-nowrap is-layout-flex wp-container-core-group-is-layout-3155b93e wp-block-group-is-layout-flex\" style=\"margin-top:var(--wp--preset--spacing--20);font-size:11px\">\n<p>Magazin \/<\/p>\n\n\n<div class=\"taxonomy-category wp-block-post-terms\"><a href=\"https:\/\/berti.net\/de\/magazine\/category\/projekte\/\" rel=\"tag\">Projekte<\/a><span class=\"wp-block-post-terms__separator\">, <\/span><a href=\"https:\/\/berti.net\/de\/magazine\/category\/produkte\/\" rel=\"tag\">Produkte<\/a><\/div><\/div>\n\n\n<div style=\"font-style:normal;font-weight:600;text-transform:uppercase;\" class=\"has-link-color wp-elements-32859cd979b45056895d81c5660c23a0 wp-block-post-date has-text-color has-base-color has-s-font-size\"><time datetime=\"2011-09-26T14:26:48+00:00\">26 September 2011<\/time><\/div>\n\n\n<h1 class=\"wp-block-heading post-title\">Das neue Konzept<strong>\u201eSozialer Wohnungsbau<\/strong>\u201c auf der <strong>Made Expo<\/strong> in Mailand<\/h1>\n\n\n\n<h2 class=\"wp-block-heading post-subtitle\" style=\"margin-bottom:var(--wp--preset--spacing--20)\">In diesem Herbst voller Termine haben wir mit der ausgezeichneten Erfahrung auf der <strong>Cersaie in Bologna<\/strong> in Begleitung von <strong>Jacuzzi <\/strong>begonnen und bereiten uns nun auf eine \u00e4hnliche Erfahrung vor, allerdings in einem anderen Kontext: auf der <strong>Made Expo<\/strong> in Mailand, die vom 5. bis 8. Oktober stattfindet, werden wir im Rahmen einer thematischen Ausstellung pr\u00e4sent sein, um neue Wohnvorschl\u00e4ge zu machen.<\/h2>\n\n\n\n<figure class=\"wp-block-image size-full\"><img loading=\"lazy\" decoding=\"async\" width=\"546\" height=\"720\" src=\"https:\/\/www.berti.net\/wp-content\/uploads\/2011\/09\/SocialHomeDesign.jpg\" alt=\"\" class=\"wp-image-10645\"\/><\/figure>\n\n\n\n<p>Es handelt sich um die Ausstellung <a href=\"https:\/\/www.madeexpo.it\/it\/eventi_social.php\" target=\"_blank\" rel=\"noreferrer noopener\">\u201e<strong><em>Social Home Design, Living the Future<\/em><\/strong><\/a>\u201c &#8211; ein Projekt, das von <strong>Carlo Matthey<\/strong> von <strong>My Exhibition<\/strong> in Zusammenarbeit mit <strong>Federlegnoarredo<\/strong> und <strong>Made Expo<\/strong> kuratiert wurde. Sie wurde in Halle 7 eingerichtet und ist einem aktuellen Thema gewidmet, das f\u00fcr die Entwicklung des Wohnungsbaus von zentraler Bedeutung sein wird: technische und nachhaltige L\u00f6sungen f\u00fcr den Bau von qualitativ hochwertigem, preiswertem Wohnraum, d.h. Sozialwohnungen, die in naher Zukunft ein wichtiges Ziel f\u00fcr \u00f6ffentliche und private Investitionen sein d\u00fcrften.<\/p>\n\n\n\n<p>Eine Gelegenheit, bei der eine neue <strong>Stadtlandschaft<\/strong> und neue Wohnformen entstehen, bei denen Design und die Qualit\u00e4t der Materialien die Energie- und Umweltanforderungen innerhalb zug\u00e4nglicher wirtschaftlicher Parameter herausfordern k\u00f6nnen. Ein gro\u00dfer Test, bei dem die Synergien zwischen der architektonischen H\u00fclle, den Materialien, den Systemen und den Veredelungen in einer koh\u00e4renten und hochprofessionellen Sprache miteinander in Dialog treten m\u00fcssen. <strong>Architekten, Techniker und Hersteller<\/strong> werden sich zusammentun, um den k\u00fcnftigen Bedarf an Wohnraum und die Sanierung des Territoriums zu decken. <\/p>\n\n\n\n<p>Die Ausstellung pr\u00e4sentiert sich daher als eines der ersten \u201eLabore\u201c, in denen <strong>Ideen, Konzepte und L\u00f6sungen<\/strong> verglichen und erprobt werden k\u00f6nnen, um die Aufmerksamkeit auf ein so umfangreiches und zugleich spezifisches Thema zu lenken.<\/p>\n\n\n\n<p>\u201e<strong><em>Social Home Design, die Zukunft leben<\/em><\/strong>\u201c erstreckt sich \u00fcber eine Fl\u00e4che von 1.000 Quadratmetern und beherbergt verschiedene Ausstellungsinstallationen, die von bedeutenden Namen der Architektur- und Designszene unterzeichnet und mit Produkten, die haupts\u00e4chlich <strong>in Italien hergestellt wurden,<\/strong> realisiert wurden.<\/p>\n\n\n\n<p>Insbesondere das Projekt<a href=\"https:\/\/www.spa-design.it\/installazioni.php?section=installazioni&amp;id_evento=RE009608&amp;id=RE009711\" target=\"_blank\" rel=\"noreferrer noopener\">\u201e<strong><em>Rinascimento<\/em><\/strong>\u201c <\/a>des in Italien und im Ausland t\u00e4tigen Architekten und Designers <strong>Marco Piva<\/strong> wird unsere Produkte in einer weiteren Co-Branding-Aktion mit <strong>Jacuzzi<\/strong> aufnehmen, f\u00fcr das derselbe Piva vor kurzem den Entwurf <strong><em>Moove<\/em><\/strong>eine komplette und koordinierte Serie von Badezimmerprodukten, entworfen hat.<\/p>\n<\/div>\n<\/div>\n\n\n\n<div class=\"wp-block-column is-layout-flow wp-container-core-column-is-layout-22223934 wp-block-column-is-layout-flow\" style=\"flex-basis:50%\">\n<figure class=\"wp-block-image size-full\"><img loading=\"lazy\" decoding=\"async\" width=\"615\" height=\"400\" src=\"https:\/\/www.berti.net\/wp-content\/uploads\/2011\/09\/Rinascmento.jpg\" alt=\"\" class=\"wp-image-10648\"\/><\/figure>\n\n\n\n<p>Marco Piva selbst erkl\u00e4rt sein Projekt mit diesen Worten:<em>\u201eEin neues Wohnmodell, das auf industrielle Produktionstechnologien zur\u00fcckgreift, um die Baukosten, Transport- und Installationszeiten einzud\u00e4mmen und ein hohes Ma\u00df an Nachhaltigkeit zu gew\u00e4hrleisten: technische L\u00f6sungen, die in der Lage sind, die Umweltbelastung und den Energieverbrauch zu reduzieren, die rationelle Nutzung erneuerbarer nat\u00fcrlicher Energien und die R\u00fcckgewinnung nicht erneuerbarer Ressourcen<\/em>\u201c.<\/p>\n\n\n\n<p>Auch f\u00fcr uns stellt diese Initiative ein weiteres Entwicklungsmoment dar, um die bereits bestehenden Synergien zu st\u00e4rken und weiterhin konkret mit fortschrittlichen und innovativen L\u00f6sungen zu experimentieren, die nicht nur reich an Vorschl\u00e4gen, sondern auch an praktischen Auswirkungen auf die heutige und zuk\u00fcnftige Wirtschaft sind.<\/p>\n<\/div>\n<\/div>\n\n\n\n<div class=\"wp-block-group post-categories has-global-padding is-content-justification-left is-layout-constrained wp-container-core-group-is-layout-836d34cb wp-block-group-is-layout-constrained\" style=\"margin-top:var(--wp--preset--spacing--70);font-size:11px\">\n<div class=\"wp-block-group is-content-justification-center is-nowrap is-layout-flex wp-container-core-group-is-layout-60758a6d wp-block-group-is-layout-flex\">\n<p>Magazin \/<\/p>\n\n\n<div class=\"taxonomy-category wp-block-post-terms\"><a href=\"https:\/\/berti.net\/de\/magazine\/category\/projekte\/\" rel=\"tag\">Projekte<\/a><span class=\"wp-block-post-terms__separator\">, <\/span><a href=\"https:\/\/berti.net\/de\/magazine\/category\/produkte\/\" rel=\"tag\">Produkte<\/a><\/div><\/div>\n<\/div>\n<\/div>\n\n<p><\/p>\n","protected":false},"excerpt":{"rendered":"<p>Das neue Konzept \u201eSozialer Wohnungsbau\u201c auf der Made Expo in Mailand<\/p>\n","protected":false},"author":9,"featured_media":23699,"comment_status":"closed","ping_status":"closed","sticky":false,"template":"","format":"standard","meta":{"footnotes":""},"categories":[179,161],"tags":[],"class_list":["post-23695","post","type-post","status-publish","format-standard","has-post-thumbnail","hentry","category-projekte","category-produkte"],"_links":{"self":[{"href":"https:\/\/berti.net\/de\/wp-json\/wp\/v2\/posts\/23695","targetHints":{"allow":["GET"]}}],"collection":[{"href":"https:\/\/berti.net\/de\/wp-json\/wp\/v2\/posts"}],"about":[{"href":"https:\/\/berti.net\/de\/wp-json\/wp\/v2\/types\/post"}],"author":[{"embeddable":true,"href":"https:\/\/berti.net\/de\/wp-json\/wp\/v2\/users\/9"}],"replies":[{"embeddable":true,"href":"https:\/\/berti.net\/de\/wp-json\/wp\/v2\/comments?post=23695"}],"version-history":[{"count":1,"href":"https:\/\/berti.net\/de\/wp-json\/wp\/v2\/posts\/23695\/revisions"}],"predecessor-version":[{"id":23705,"href":"https:\/\/berti.net\/de\/wp-json\/wp\/v2\/posts\/23695\/revisions\/23705"}],"wp:featuredmedia":[{"embeddable":true,"href":"https:\/\/berti.net\/de\/wp-json\/wp\/v2\/media\/23699"}],"wp:attachment":[{"href":"https:\/\/berti.net\/de\/wp-json\/wp\/v2\/media?parent=23695"}],"wp:term":[{"taxonomy":"category","embeddable":true,"href":"https:\/\/berti.net\/de\/wp-json\/wp\/v2\/categories?post=23695"},{"taxonomy":"post_tag","embeddable":true,"href":"https:\/\/berti.net\/de\/wp-json\/wp\/v2\/tags?post=23695"}],"curies":[{"name":"wp","href":"https:\/\/api.w.org\/{rel}","templated":true}]}}