{"id":23684,"date":"2011-10-12T14:08:35","date_gmt":"2011-10-12T14:08:35","guid":{"rendered":"https:\/\/www.berti.net\/magazine\/ein-blick-auf-den-arabischen-markt\/"},"modified":"2025-06-05T07:40:56","modified_gmt":"2025-06-05T07:40:56","slug":"ein-blick-auf-den-arabischen-markt","status":"publish","type":"post","link":"https:\/\/berti.net\/de\/magazine\/ein-blick-auf-den-arabischen-markt\/","title":{"rendered":"Ein Blick auf den arabischen Markt"},"content":{"rendered":"\n<div class=\"wp-block-group post-detail-pattern is-container has-base-2-color has-contrast-background-color has-text-color has-background has-link-color wp-elements-aaabf09f6772a2063afabd9bcd1057c9 has-global-padding is-layout-constrained wp-block-group-is-layout-constrained\" style=\"margin-top:0;margin-bottom:0;padding-top:var(--wp--preset--spacing--70);padding-bottom:var(--wp--preset--spacing--70)\">\n<div class=\"wp-block-columns alignwide is-layout-flex wp-container-core-columns-is-layout-d125203f wp-block-columns-is-layout-flex\" style=\"margin-bottom:var(--wp--preset--spacing--50)\">\n<div class=\"wp-block-column is-vertically-aligned-stretch is-layout-flow wp-block-column-is-layout-flow\" style=\"padding-right:0;flex-basis:50%\">\n<div class=\"wp-block-group is-vertical is-content-justification-stretch is-layout-flex wp-container-core-group-is-layout-e9e70883 wp-block-group-is-layout-flex\" style=\"min-height:100%\">\n<div class=\"wp-block-group post-categories is-nowrap is-layout-flex wp-container-core-group-is-layout-3155b93e wp-block-group-is-layout-flex\" style=\"margin-top:var(--wp--preset--spacing--20);font-size:11px\">\n<p>Magazin \/<\/p>\n\n\n<div class=\"taxonomy-category wp-block-post-terms\"><a href=\"https:\/\/berti.net\/de\/magazine\/category\/produkte\/\" rel=\"tag\">Produkte<\/a><span class=\"wp-block-post-terms__separator\">, <\/span><a href=\"https:\/\/berti.net\/de\/magazine\/category\/projekte\/\" rel=\"tag\">Projekte<\/a><\/div><\/div>\n\n\n<div style=\"font-style:normal;font-weight:600;text-transform:uppercase;\" class=\"has-link-color wp-elements-32859cd979b45056895d81c5660c23a0 wp-block-post-date has-text-color has-base-color has-s-font-size\"><time datetime=\"2011-10-12T14:08:35+00:00\">12 October 2011<\/time><\/div>\n\n\n<h1 class=\"wp-block-heading post-title\">Ein Blick auf den <strong>arabischen Markt<\/strong><\/h1>\n\n\n\n<h2 class=\"wp-block-heading post-subtitle\" style=\"margin-bottom:var(--wp--preset--spacing--20)\">Wir haben uns mit <strong>Rami Banbouk<\/strong>, Sales Manager bei Alkayan Decor, unserem exklusiven Vertriebspartner f\u00fcr die arabischen L\u00e4nder, unterhalten.<\/h2>\n\n\n\n<p>Rami, der uns mit seinen Mitarbeitern besuchte, pr\u00e4sentierte uns den <em>Stand der Dinge <\/em>auf dem<strong> arabischen Markt<\/strong>, der sich in st\u00e4ndiger und schneller Expansion befindet und auf dem auch wir immer konkreter Fu\u00df fassen.<\/p>\n\n\n\n<figure class=\"wp-block-image size-full\"><img loading=\"lazy\" decoding=\"async\" width=\"720\" height=\"538\" src=\"https:\/\/www.berti.net\/wp-content\/uploads\/2011\/10\/arabianmarket02.jpg\" alt=\"\" class=\"wp-image-10622\"\/><\/figure>\n\n\n\n<p>Bislang haben wir uns immer auf den Nahen Osten konzentriert, wobei insbesondere<strong> Saudi-Arabien<\/strong> unser Bezugspunkt war. In Zukunft werden jedoch neue Ballungsr\u00e4ume entstehen. Diese erweisen sich als Landepl\u00e4tze von gro\u00dfem Interesse und enormem Potenzial. Wir sprechen hier von Katar, Bahrain und den Arabischen Emiraten.   <\/p>\n\n\n\n<p>Wie wir bereits erw\u00e4hnt haben, werden wir uns bald in ein weiteres arabisches Abenteuer st\u00fcrzen: Nach den <a href=\"https:\/\/www.facebook.com\/media\/set\/?set=a.145618355450262.26692.141722769173154&amp;type=1\" target=\"_blank\" rel=\"noreferrer noopener\">guten Erfahrungen der letztj\u00e4hrigen Ausgabe<\/a> best\u00e4tigen wir unsere Teilnahme an der<strong> Deco Fair 2011<\/strong> in <strong>Jeddah<\/strong> im Dezember. <a href=\"https:\/\/www.facebook.com\/media\/set\/?set=a.283313875014042.79861.141722769173154&amp;type=1\" target=\"_blank\" rel=\"noreferrer noopener\">Hier<\/a> sehen Sie auch eine kleine \u201eVorschau\u201c auf unseren Stand auf der Deco Fair, einer Veranstaltung, die zu Recht reich an Ideen, Einblicken und Anregungen ist.<\/p>\n\n\n\n<p>Wir werden es nicht vers\u00e4umen, Ihnen davon zu berichten&#8230;<\/p>\n\n\n\n<figure class=\"wp-block-image size-full\"><img loading=\"lazy\" decoding=\"async\" width=\"2560\" height=\"1580\" src=\"https:\/\/www.berti.net\/wp-content\/uploads\/2011\/10\/stand-JEDDAH-2011-scaled.jpg\" alt=\"\" class=\"wp-image-10625\" srcset=\"https:\/\/berti.net\/wp-content\/uploads\/2011\/10\/stand-JEDDAH-2011-scaled.jpg 2560w, https:\/\/berti.net\/wp-content\/uploads\/2011\/10\/stand-JEDDAH-2011-812x501.jpg 812w, https:\/\/berti.net\/wp-content\/uploads\/2011\/10\/stand-JEDDAH-2011-1920x1185.jpg 1920w, https:\/\/berti.net\/wp-content\/uploads\/2011\/10\/stand-JEDDAH-2011-768x474.jpg 768w, https:\/\/berti.net\/wp-content\/uploads\/2011\/10\/stand-JEDDAH-2011-1536x948.jpg 1536w, https:\/\/berti.net\/wp-content\/uploads\/2011\/10\/stand-JEDDAH-2011-2048x1264.jpg 2048w\" sizes=\"auto, (max-width: 2560px) 100vw, 2560px\" \/><\/figure>\n<\/div>\n<\/div>\n\n\n\n<div class=\"wp-block-column is-layout-flow wp-container-core-column-is-layout-22223934 wp-block-column-is-layout-flow\" style=\"flex-basis:50%\">\n<figure class=\"wp-block-embed is-type-video is-provider-youtube wp-block-embed-youtube wp-embed-aspect-16-9 wp-has-aspect-ratio\"><div class=\"wp-block-embed__wrapper\">\n<iframe loading=\"lazy\" title=\"Interview with Rami about Arabian Market\" width=\"500\" height=\"281\" src=\"https:\/\/www.youtube.com\/embed\/tBGLGNfnzxc?feature=oembed\" frameborder=\"0\" allow=\"accelerometer; autoplay; clipboard-write; encrypted-media; gyroscope; picture-in-picture; web-share\" referrerpolicy=\"strict-origin-when-cross-origin\" allowfullscreen><\/iframe>\n<\/div><\/figure>\n<\/div>\n<\/div>\n\n\n\n<div class=\"wp-block-group post-categories has-global-padding is-content-justification-left is-layout-constrained wp-container-core-group-is-layout-836d34cb wp-block-group-is-layout-constrained\" style=\"margin-top:var(--wp--preset--spacing--70);font-size:11px\">\n<div class=\"wp-block-group is-content-justification-center is-nowrap is-layout-flex wp-container-core-group-is-layout-60758a6d wp-block-group-is-layout-flex\">\n<p>Magazin \/<\/p>\n\n\n<div class=\"taxonomy-category wp-block-post-terms\"><a href=\"https:\/\/berti.net\/de\/magazine\/category\/produkte\/\" rel=\"tag\">Produkte<\/a><span class=\"wp-block-post-terms__separator\">, <\/span><a href=\"https:\/\/berti.net\/de\/magazine\/category\/projekte\/\" rel=\"tag\">Projekte<\/a><\/div><\/div>\n<\/div>\n<\/div>\n\n<p><\/p>\n","protected":false},"excerpt":{"rendered":"<p>Rami Banbouk, Verkaufsleiter bei Alkayan Decor, unserem exklusiven Vertriebspartner f\u00fcr die arabischen L\u00e4nder.<\/p>\n","protected":false},"author":9,"featured_media":23686,"comment_status":"closed","ping_status":"closed","sticky":false,"template":"","format":"standard","meta":{"footnotes":""},"categories":[161,179],"tags":[],"class_list":["post-23684","post","type-post","status-publish","format-standard","has-post-thumbnail","hentry","category-produkte","category-projekte"],"_links":{"self":[{"href":"https:\/\/berti.net\/de\/wp-json\/wp\/v2\/posts\/23684","targetHints":{"allow":["GET"]}}],"collection":[{"href":"https:\/\/berti.net\/de\/wp-json\/wp\/v2\/posts"}],"about":[{"href":"https:\/\/berti.net\/de\/wp-json\/wp\/v2\/types\/post"}],"author":[{"embeddable":true,"href":"https:\/\/berti.net\/de\/wp-json\/wp\/v2\/users\/9"}],"replies":[{"embeddable":true,"href":"https:\/\/berti.net\/de\/wp-json\/wp\/v2\/comments?post=23684"}],"version-history":[{"count":1,"href":"https:\/\/berti.net\/de\/wp-json\/wp\/v2\/posts\/23684\/revisions"}],"predecessor-version":[{"id":23689,"href":"https:\/\/berti.net\/de\/wp-json\/wp\/v2\/posts\/23684\/revisions\/23689"}],"wp:featuredmedia":[{"embeddable":true,"href":"https:\/\/berti.net\/de\/wp-json\/wp\/v2\/media\/23686"}],"wp:attachment":[{"href":"https:\/\/berti.net\/de\/wp-json\/wp\/v2\/media?parent=23684"}],"wp:term":[{"taxonomy":"category","embeddable":true,"href":"https:\/\/berti.net\/de\/wp-json\/wp\/v2\/categories?post=23684"},{"taxonomy":"post_tag","embeddable":true,"href":"https:\/\/berti.net\/de\/wp-json\/wp\/v2\/tags?post=23684"}],"curies":[{"name":"wp","href":"https:\/\/api.w.org\/{rel}","templated":true}]}}