{"id":23675,"date":"2011-08-01T14:52:27","date_gmt":"2011-08-01T14:52:27","guid":{"rendered":"https:\/\/www.berti.net\/magazine\/das-warehouse-13-fotostudio\/"},"modified":"2025-06-05T07:40:55","modified_gmt":"2025-06-05T07:40:55","slug":"das-warehouse-13-fotostudio","status":"publish","type":"post","link":"https:\/\/berti.net\/de\/magazine\/das-warehouse-13-fotostudio\/","title":{"rendered":"Das \u201eWarehouse 13\u201c Fotostudio"},"content":{"rendered":"\n<div class=\"wp-block-group post-detail-pattern is-container has-base-2-color has-contrast-background-color has-text-color has-background has-link-color wp-elements-625047a9d2851504ca7d1bf16c983e3a has-global-padding is-layout-constrained wp-block-group-is-layout-constrained\" style=\"margin-top:0;margin-bottom:0;padding-top:var(--wp--preset--spacing--70);padding-bottom:var(--wp--preset--spacing--70)\">\n<div class=\"wp-block-columns alignwide is-layout-flex wp-container-core-columns-is-layout-d125203f wp-block-columns-is-layout-flex\" style=\"margin-bottom:var(--wp--preset--spacing--50)\">\n<div class=\"wp-block-column is-vertically-aligned-stretch is-layout-flow wp-block-column-is-layout-flow\" style=\"padding-right:0;flex-basis:50%\">\n<div class=\"wp-block-group is-vertical is-content-justification-stretch is-layout-flex wp-container-core-group-is-layout-e9e70883 wp-block-group-is-layout-flex\" style=\"min-height:100%\">\n<div class=\"wp-block-group post-categories is-nowrap is-layout-flex wp-container-core-group-is-layout-3155b93e wp-block-group-is-layout-flex\" style=\"margin-top:var(--wp--preset--spacing--20);font-size:11px\">\n<p>Magazin \/<\/p>\n\n\n<div class=\"taxonomy-category wp-block-post-terms\"><a href=\"https:\/\/berti.net\/de\/magazine\/category\/projekte\/\" rel=\"tag\">Projekte<\/a><span class=\"wp-block-post-terms__separator\">, <\/span><a href=\"https:\/\/berti.net\/de\/magazine\/category\/produkte\/\" rel=\"tag\">Produkte<\/a><\/div><\/div>\n\n\n<div style=\"font-style:normal;font-weight:600;text-transform:uppercase;\" class=\"has-link-color wp-elements-32859cd979b45056895d81c5660c23a0 wp-block-post-date has-text-color has-base-color has-s-font-size\"><time datetime=\"2011-08-01T14:52:27+00:00\">1 August 2011<\/time><\/div>\n\n\n<h1 class=\"wp-block-heading post-title\">Das<strong>\u201eWarehouse 13<\/strong>\u201c Fotostudio<\/h1>\n\n\n\n<h2 class=\"wp-block-heading post-subtitle\" style=\"margin-bottom:var(--wp--preset--spacing--20)\">Die <strong>Marketingabteilung<\/strong> von Berti bleibt nie stehen. Neue Horizonte sind ein Ansporn, auf den wir nicht verzichten k\u00f6nnen. Die j\u00fcngste Entwicklung war die Einrichtung eines Fotostudios, <strong>\u201eWarehouse 13\u201c<\/strong>. <\/h2>\n\n\n\n<p>An diesem Ort empfangen wir von Zeit zu Zeit Fotografen, Regisseure und Stylisten sowie Kommunikationsprofis wie Art Buyer und Kreative. Die hochmoderne technische Ausstattung und die N\u00e4he zum Hauptsitz erm\u00f6glichen es uns, hier Videos und Tutorials sowie Set- und Stilllebenaufnahmen zu realisieren. Und das alles schnell und unmittelbar, um Kunden und H\u00e4ndlern alle Neuheiten des Berti und Berti Studio Sortiments zu pr\u00e4sentieren. Wir wollen uns auf ein <strong>aktuelles<\/strong>, frisches und sich st\u00e4ndig weiterentwickelndes <strong>Image<\/strong> konzentrieren: im Gleichschritt mit dem Geschmack der Verbraucher und den Ver\u00e4nderungen.   <\/p>\n\n\n\n<figure class=\"wp-block-image size-full\"><img loading=\"lazy\" decoding=\"async\" width=\"800\" height=\"533\" src=\"https:\/\/www.berti.net\/wp-content\/uploads\/2011\/08\/1-1.jpg\" alt=\"\" class=\"wp-image-10669\" srcset=\"https:\/\/berti.net\/wp-content\/uploads\/2011\/08\/1-1.jpg 800w, https:\/\/berti.net\/wp-content\/uploads\/2011\/08\/1-1-768x512.jpg 768w\" sizes=\"auto, (max-width: 800px) 100vw, 800px\" \/><\/figure>\n\n\n\n<p>In diesem Artikel m\u00f6chten wir Ihnen anhand von <em>Backstage-Fotos<\/em> eine Vorschau auf die Aufnahmen zeigen, die in unserem Studio \u201eWarehouse 13\u201c f\u00fcr das <strong>neue Produkt Antico Noce<\/strong> gemacht wurden.<\/p>\n\n\n\n<figure class=\"wp-block-image size-full\"><img loading=\"lazy\" decoding=\"async\" width=\"800\" height=\"533\" src=\"https:\/\/www.berti.net\/wp-content\/uploads\/2011\/08\/2.jpg\" alt=\"\" class=\"wp-image-10672\" srcset=\"https:\/\/berti.net\/wp-content\/uploads\/2011\/08\/2.jpg 800w, https:\/\/berti.net\/wp-content\/uploads\/2011\/08\/2-768x512.jpg 768w\" sizes=\"auto, (max-width: 800px) 100vw, 800px\" \/><\/figure>\n\n\n\n<p>Wir halten es f\u00fcr eine gute Gelegenheit, Sie an der Arbeit der Fotogruppe teilhaben zu lassen und Sie durch die verschiedenen Phasen zu f\u00fchren: die Vorbereitung, die Beleuchtung, das Studium der Komposition und schlie\u00dflich die Aufnahme. All diese Momente haben zu einem Ergebnis gef\u00fchrt, das wir bald mit Ihnen teilen werden. <\/p>\n<\/div>\n<\/div>\n\n\n\n<div class=\"wp-block-column is-layout-flow wp-container-core-column-is-layout-22223934 wp-block-column-is-layout-flow\" style=\"flex-basis:50%\">\n<figure class=\"wp-block-image size-full\"><img loading=\"lazy\" decoding=\"async\" width=\"800\" height=\"533\" src=\"https:\/\/www.berti.net\/wp-content\/uploads\/2011\/08\/3.jpg\" alt=\"\" class=\"wp-image-10675\" srcset=\"https:\/\/berti.net\/wp-content\/uploads\/2011\/08\/3.jpg 800w, https:\/\/berti.net\/wp-content\/uploads\/2011\/08\/3-768x512.jpg 768w\" sizes=\"auto, (max-width: 800px) 100vw, 800px\" \/><\/figure>\n\n\n\n<figure class=\"wp-block-image size-full\"><img loading=\"lazy\" decoding=\"async\" width=\"800\" height=\"533\" src=\"https:\/\/www.berti.net\/wp-content\/uploads\/2011\/08\/5.jpg\" alt=\"\" class=\"wp-image-10678\" srcset=\"https:\/\/berti.net\/wp-content\/uploads\/2011\/08\/5.jpg 800w, https:\/\/berti.net\/wp-content\/uploads\/2011\/08\/5-768x512.jpg 768w\" sizes=\"auto, (max-width: 800px) 100vw, 800px\" \/><\/figure>\n<\/div>\n<\/div>\n\n\n\n<div class=\"wp-block-group post-categories has-global-padding is-content-justification-left is-layout-constrained wp-container-core-group-is-layout-836d34cb wp-block-group-is-layout-constrained\" style=\"margin-top:var(--wp--preset--spacing--70);font-size:11px\">\n<div class=\"wp-block-group is-content-justification-center is-nowrap is-layout-flex wp-container-core-group-is-layout-60758a6d wp-block-group-is-layout-flex\">\n<p>Magazin \/<\/p>\n\n\n<div class=\"taxonomy-category wp-block-post-terms\"><a href=\"https:\/\/berti.net\/de\/magazine\/category\/projekte\/\" rel=\"tag\">Projekte<\/a><span class=\"wp-block-post-terms__separator\">, <\/span><a href=\"https:\/\/berti.net\/de\/magazine\/category\/produkte\/\" rel=\"tag\">Produkte<\/a><\/div><\/div>\n<\/div>\n<\/div>\n\n<p><\/p>\n","protected":false},"excerpt":{"rendered":"<p>Die neueste Entwicklung war die Einrichtung eines Fotostudios, \u201eWarehouse 13\u201c.<\/p>\n","protected":false},"author":9,"featured_media":23677,"comment_status":"closed","ping_status":"closed","sticky":false,"template":"","format":"standard","meta":{"footnotes":""},"categories":[179,161],"tags":[],"class_list":["post-23675","post","type-post","status-publish","format-standard","has-post-thumbnail","hentry","category-projekte","category-produkte"],"_links":{"self":[{"href":"https:\/\/berti.net\/de\/wp-json\/wp\/v2\/posts\/23675","targetHints":{"allow":["GET"]}}],"collection":[{"href":"https:\/\/berti.net\/de\/wp-json\/wp\/v2\/posts"}],"about":[{"href":"https:\/\/berti.net\/de\/wp-json\/wp\/v2\/types\/post"}],"author":[{"embeddable":true,"href":"https:\/\/berti.net\/de\/wp-json\/wp\/v2\/users\/9"}],"replies":[{"embeddable":true,"href":"https:\/\/berti.net\/de\/wp-json\/wp\/v2\/comments?post=23675"}],"version-history":[{"count":1,"href":"https:\/\/berti.net\/de\/wp-json\/wp\/v2\/posts\/23675\/revisions"}],"predecessor-version":[{"id":23683,"href":"https:\/\/berti.net\/de\/wp-json\/wp\/v2\/posts\/23675\/revisions\/23683"}],"wp:featuredmedia":[{"embeddable":true,"href":"https:\/\/berti.net\/de\/wp-json\/wp\/v2\/media\/23677"}],"wp:attachment":[{"href":"https:\/\/berti.net\/de\/wp-json\/wp\/v2\/media?parent=23675"}],"wp:term":[{"taxonomy":"category","embeddable":true,"href":"https:\/\/berti.net\/de\/wp-json\/wp\/v2\/categories?post=23675"},{"taxonomy":"post_tag","embeddable":true,"href":"https:\/\/berti.net\/de\/wp-json\/wp\/v2\/tags?post=23675"}],"curies":[{"name":"wp","href":"https:\/\/api.w.org\/{rel}","templated":true}]}}