{"id":23671,"date":"2011-10-05T14:16:45","date_gmt":"2011-10-05T14:16:45","guid":{"rendered":"https:\/\/www.berti.net\/magazine\/das-solidaritatsdorf-mirano\/"},"modified":"2025-06-05T07:40:54","modified_gmt":"2025-06-05T07:40:54","slug":"das-solidaritatsdorf-mirano","status":"publish","type":"post","link":"https:\/\/berti.net\/de\/magazine\/das-solidaritatsdorf-mirano\/","title":{"rendered":"Das Solidarit\u00e4tsdorf Mirano"},"content":{"rendered":"\n<div class=\"wp-block-group post-detail-pattern is-container has-base-2-color has-contrast-background-color has-text-color has-background has-link-color wp-elements-537094288568fe779c9127b8b0fa9935 has-global-padding is-layout-constrained wp-block-group-is-layout-constrained\" style=\"margin-top:0;margin-bottom:0;padding-top:var(--wp--preset--spacing--70);padding-bottom:var(--wp--preset--spacing--70)\">\n<div class=\"wp-block-columns alignwide is-layout-flex wp-container-core-columns-is-layout-d125203f wp-block-columns-is-layout-flex\" style=\"margin-bottom:var(--wp--preset--spacing--50)\">\n<div class=\"wp-block-column is-vertically-aligned-stretch is-layout-flow wp-block-column-is-layout-flow\" style=\"padding-right:0;flex-basis:50%\">\n<div class=\"wp-block-group is-vertical is-content-justification-stretch is-layout-flex wp-container-core-group-is-layout-e9e70883 wp-block-group-is-layout-flex\" style=\"min-height:100%\">\n<div class=\"wp-block-group post-categories is-nowrap is-layout-flex wp-container-core-group-is-layout-3155b93e wp-block-group-is-layout-flex\" style=\"margin-top:var(--wp--preset--spacing--20);font-size:11px\">\n<p>Magazin \/<\/p>\n\n\n<div class=\"taxonomy-category wp-block-post-terms\"><a href=\"https:\/\/berti.net\/de\/magazine\/category\/projekte\/\" rel=\"tag\">Projekte<\/a><span class=\"wp-block-post-terms__separator\">, <\/span><a href=\"https:\/\/berti.net\/de\/magazine\/category\/veranstaltungen\/\" rel=\"tag\">Veranstaltungen<\/a><\/div><\/div>\n\n\n<div style=\"font-style:normal;font-weight:600;text-transform:uppercase;\" class=\"has-link-color wp-elements-32859cd979b45056895d81c5660c23a0 wp-block-post-date has-text-color has-base-color has-s-font-size\"><time datetime=\"2011-10-05T14:16:45+00:00\">5 October 2011<\/time><\/div>\n\n\n<h1 class=\"wp-block-heading post-title\">Das <strong>Solidarit\u00e4tsdorf<\/strong> Mirano<\/h1>\n\n\n\n<h2 class=\"wp-block-heading post-subtitle\" style=\"margin-bottom:var(--wp--preset--spacing--20)\">Das <strong>Solidarit\u00e4tsdorf Mirano<\/strong> ist ein Projekt, das vor einigen Monaten nach monatelanger Arbeit der Verantwortlichen und Organisatoren offiziell gestartet wurde.<\/h2>\n\n\n\n<p>In der kleinen Stadt in der Provinz Venezia ist die  <strong>Cav. Guido Gini Onlus Stiftung   <\/strong>baute ein modernes Wohnzentrum mit dem Ziel, eine Gemeinschaft zu schaffen, die eine Reihe von Menschen mit psychischen\/physischen und wirtschaftlichen Benachteiligungen, Minderj\u00e4hrige in schwierigen Verh\u00e4ltnissen und unterst\u00fctzende Familien, die am Gemeinschaftsleben mitwirken wollten, zusammenbringt.<\/p>\n\n\n\n<figure class=\"wp-block-image size-full\"><img loading=\"lazy\" decoding=\"async\" width=\"911\" height=\"683\" src=\"https:\/\/www.berti.net\/wp-content\/uploads\/2011\/10\/villaggiosolidale01.jpg\" alt=\"\" class=\"wp-image-10632\" srcset=\"https:\/\/berti.net\/wp-content\/uploads\/2011\/10\/villaggiosolidale01.jpg 911w, https:\/\/berti.net\/wp-content\/uploads\/2011\/10\/villaggiosolidale01-812x609.jpg 812w, https:\/\/berti.net\/wp-content\/uploads\/2011\/10\/villaggiosolidale01-768x576.jpg 768w\" sizes=\"auto, (max-width: 911px) 100vw, 911px\" \/><\/figure>\n\n\n\n<p>Unser Beitrag bestand darin, dass wir dem Dorf das zur Verf\u00fcgung stellen konnten, was uns offensichtlich am leichtesten fiel, n\u00e4mlich unsere Holzb\u00f6den, um die neuen Wohnungen nicht nur \u00e4sthetisch, sondern auch funktional noch angenehmer zu gestalten.<\/p>\n\n\n\n<p>Das Village wird in dem historischen Komplex der <strong>Villa Bold\u00f9-Grimani<\/strong> aus dem 19. Jahrhundert auf einer Fl\u00e4che von 19.000 Quadratmetern entstehen, davon 5.000 Quadratmeter \u00fcberdachte Fl\u00e4chen und 14.000 Quadratmeter Gr\u00fcnfl\u00e4chen, darunter G\u00e4rten, Sportpl\u00e4tze und ein jahrhundertealter Park, von denen einige f\u00fcr die \u00d6ffentlichkeit zug\u00e4nglich sind. Das Village wird etwa <strong>80 Personen<\/strong> beherbergen, die die R\u00e4ume, die das Village ihnen bietet, bewohnen und mit Leben f\u00fcllen k\u00f6nnen. <\/p>\n\n\n\n<p>Unser Unternehmen wurde direkt von <strong>Giancarlo<\/strong> und <strong>Rosanna<\/strong> vertreten, die pers\u00f6nlich an der Operation beteiligt und beim Einweihungsabend anwesend waren und f\u00fcr die von der Gesch\u00e4ftsleitung schmeichelhafte Worte reserviert waren:<\/p>\n\n\n\n<figure class=\"wp-block-image size-full\"><img loading=\"lazy\" decoding=\"async\" width=\"994\" height=\"668\" src=\"https:\/\/www.berti.net\/wp-content\/uploads\/2011\/10\/villaggiosolidale03.jpg\" alt=\"\" class=\"wp-image-10635\" srcset=\"https:\/\/berti.net\/wp-content\/uploads\/2011\/10\/villaggiosolidale03.jpg 994w, https:\/\/berti.net\/wp-content\/uploads\/2011\/10\/villaggiosolidale03-812x546.jpg 812w, https:\/\/berti.net\/wp-content\/uploads\/2011\/10\/villaggiosolidale03-768x516.jpg 768w\" sizes=\"auto, (max-width: 994px) 100vw, 994px\" \/><\/figure>\n\n\n\n<p><em>Vom ersten Treffen mit Frau Rosanna und Herrn Giancarlo \u00fcber die verschiedenen Treffen und Telefongespr\u00e4che mit Frau Mariagrazia und dem Lager- und Transportpersonal bis hin zum Besuch der Eigent\u00fcmer in den Einrichtungen: Diese Ereignisse haben uns ein ganz besonderes Unternehmen entdecken lassen. Jeder dieser Menschen war freundlich, einf\u00fchlsam und hat so viel zu unserer Initiative beigetragen. Unser gr\u00f6\u00dfter und aufrichtigster DANK geht an alle bei <strong>Berti <\/strong>, einem Unternehmen, das auf Werten und Menschen aufbaut!  <\/em><\/p>\n\n\n\n<p>Nat\u00fcrlich werden wir die Entwicklung des Solidarity Village weiter verfolgen und alle Aktivit\u00e4ten unterst\u00fctzen und f\u00f6rdern. Gut gemacht, Jungs, macht weiter so! <\/p>\n<\/div>\n<\/div>\n\n\n\n<div class=\"wp-block-column is-layout-flow wp-container-core-column-is-layout-22223934 wp-block-column-is-layout-flow\" style=\"flex-basis:50%\">\n<p><em>Auf dem Bild sehen Sie Giancarlo und Rosanna Berti w\u00e4hrend der Er\u00f6ffnungsveranstaltung des Village im vergangenen Juni.<\/em><\/p>\n\n\n\n<figure class=\"wp-block-image size-full\"><img loading=\"lazy\" decoding=\"async\" width=\"1200\" height=\"796\" src=\"https:\/\/www.berti.net\/wp-content\/uploads\/2011\/10\/villaggiosolidale04.jpg\" alt=\"\" class=\"wp-image-10638\" srcset=\"https:\/\/berti.net\/wp-content\/uploads\/2011\/10\/villaggiosolidale04.jpg 1200w, https:\/\/berti.net\/wp-content\/uploads\/2011\/10\/villaggiosolidale04-812x539.jpg 812w, https:\/\/berti.net\/wp-content\/uploads\/2011\/10\/villaggiosolidale04-768x509.jpg 768w\" sizes=\"auto, (max-width: 1200px) 100vw, 1200px\" \/><\/figure>\n\n\n\n<p><strong>REFERENZ-LINKS:<\/strong><br\/><a href=\"https:\/\/www.villaggiosolidale.it\/\" target=\"_blank\" rel=\"noreferrer noopener\">www.villaggiosolidale.it<\/a><\/p>\n<\/div>\n<\/div>\n\n\n\n<div class=\"wp-block-group post-categories has-global-padding is-content-justification-left is-layout-constrained wp-container-core-group-is-layout-836d34cb wp-block-group-is-layout-constrained\" style=\"margin-top:var(--wp--preset--spacing--70);font-size:11px\">\n<div class=\"wp-block-group is-content-justification-center is-nowrap is-layout-flex wp-container-core-group-is-layout-60758a6d wp-block-group-is-layout-flex\">\n<p>Magazin \/<\/p>\n\n\n<div class=\"taxonomy-category wp-block-post-terms\"><a href=\"https:\/\/berti.net\/de\/magazine\/category\/projekte\/\" rel=\"tag\">Projekte<\/a><span class=\"wp-block-post-terms__separator\">, <\/span><a href=\"https:\/\/berti.net\/de\/magazine\/category\/veranstaltungen\/\" rel=\"tag\">Veranstaltungen<\/a><\/div><\/div>\n<\/div>\n<\/div>\n\n<p><\/p>\n","protected":false},"excerpt":{"rendered":"<p>Das Solidarit\u00e4tsdorf Mirano ist ein Projekt, das vor einigen Monaten nach monatelanger Arbeit der Verantwortlichen und Organisatoren offiziell gestartet wurde.<\/p>\n","protected":false},"author":9,"featured_media":23672,"comment_status":"closed","ping_status":"closed","sticky":false,"template":"","format":"standard","meta":{"footnotes":""},"categories":[179,178],"tags":[],"class_list":["post-23671","post","type-post","status-publish","format-standard","has-post-thumbnail","hentry","category-projekte","category-veranstaltungen"],"_links":{"self":[{"href":"https:\/\/berti.net\/de\/wp-json\/wp\/v2\/posts\/23671","targetHints":{"allow":["GET"]}}],"collection":[{"href":"https:\/\/berti.net\/de\/wp-json\/wp\/v2\/posts"}],"about":[{"href":"https:\/\/berti.net\/de\/wp-json\/wp\/v2\/types\/post"}],"author":[{"embeddable":true,"href":"https:\/\/berti.net\/de\/wp-json\/wp\/v2\/users\/9"}],"replies":[{"embeddable":true,"href":"https:\/\/berti.net\/de\/wp-json\/wp\/v2\/comments?post=23671"}],"version-history":[{"count":1,"href":"https:\/\/berti.net\/de\/wp-json\/wp\/v2\/posts\/23671\/revisions"}],"predecessor-version":[{"id":23680,"href":"https:\/\/berti.net\/de\/wp-json\/wp\/v2\/posts\/23671\/revisions\/23680"}],"wp:featuredmedia":[{"embeddable":true,"href":"https:\/\/berti.net\/de\/wp-json\/wp\/v2\/media\/23672"}],"wp:attachment":[{"href":"https:\/\/berti.net\/de\/wp-json\/wp\/v2\/media?parent=23671"}],"wp:term":[{"taxonomy":"category","embeddable":true,"href":"https:\/\/berti.net\/de\/wp-json\/wp\/v2\/categories?post=23671"},{"taxonomy":"post_tag","embeddable":true,"href":"https:\/\/berti.net\/de\/wp-json\/wp\/v2\/tags?post=23671"}],"curies":[{"name":"wp","href":"https:\/\/api.w.org\/{rel}","templated":true}]}}