{"id":23667,"date":"2011-10-19T13:27:06","date_gmt":"2011-10-19T13:27:06","guid":{"rendered":"https:\/\/www.berti.net\/magazine\/parquet-mehr-als-eine-ruckkehr-in-die-zukunft-informieren-sie-sich\/"},"modified":"2025-06-05T07:40:54","modified_gmt":"2025-06-05T07:40:54","slug":"parquet-mehr-als-eine-ruckkehr-in-die-zukunft-informieren-sie-sich","status":"publish","type":"post","link":"https:\/\/berti.net\/de\/magazine\/parquet-mehr-als-eine-ruckkehr-in-die-zukunft-informieren-sie-sich\/","title":{"rendered":"PARQUET: Mehr als eine R\u00fcckkehr in die Zukunft &#8211; informieren Sie sich!"},"content":{"rendered":"\n<div class=\"wp-block-group post-detail-pattern is-container has-base-2-color has-contrast-background-color has-text-color has-background has-link-color wp-elements-657916dbf3c43dae9405b3c083088a5c has-global-padding is-layout-constrained wp-block-group-is-layout-constrained\" style=\"margin-top:0;margin-bottom:0;padding-top:var(--wp--preset--spacing--70);padding-bottom:var(--wp--preset--spacing--70)\">\n<div class=\"wp-block-columns alignwide is-layout-flex wp-container-core-columns-is-layout-d125203f wp-block-columns-is-layout-flex\" style=\"margin-bottom:var(--wp--preset--spacing--50)\">\n<div class=\"wp-block-column is-vertically-aligned-stretch is-layout-flow wp-block-column-is-layout-flow\" style=\"padding-right:0;flex-basis:50%\">\n<div class=\"wp-block-group is-vertical is-content-justification-stretch is-layout-flex wp-container-core-group-is-layout-e9e70883 wp-block-group-is-layout-flex\" style=\"min-height:100%\">\n<div class=\"wp-block-group post-categories is-nowrap is-layout-flex wp-container-core-group-is-layout-3155b93e wp-block-group-is-layout-flex\" style=\"margin-top:var(--wp--preset--spacing--20);font-size:11px\">\n<p>Magazin \/<\/p>\n\n\n<div class=\"taxonomy-category wp-block-post-terms\"><a href=\"https:\/\/berti.net\/de\/magazine\/category\/produkte\/\" rel=\"tag\">Produkte<\/a><span class=\"wp-block-post-terms__separator\">, <\/span><a href=\"https:\/\/berti.net\/de\/magazine\/category\/projekte\/\" rel=\"tag\">Projekte<\/a><\/div><\/div>\n\n\n<div style=\"font-style:normal;font-weight:600;text-transform:uppercase;\" class=\"has-link-color wp-elements-32859cd979b45056895d81c5660c23a0 wp-block-post-date has-text-color has-base-color has-s-font-size\"><time datetime=\"2011-10-19T13:27:06+00:00\">19 October 2011<\/time><\/div>\n\n\n<h1 class=\"wp-block-heading post-title\"><strong>PARQUET<\/strong>: Mehr als eine R\u00fcckkehr in die Zukunft &#8211; informieren Sie sich!<\/h1>\n\n\n\n<h2 class=\"wp-block-heading post-subtitle\" style=\"margin-bottom:var(--wp--preset--spacing--20)\">Das Thema <strong>Parkett<\/strong> wurde vor kurzem vom <strong>Corriere della Sera<\/strong> behandelt: In seiner Ausgabe vom 15. Oktober 2011 k\u00f6nnen Sie auf Seite 37 einen Artikel mit dem Titel: <strong>\u201e<a href=\"https:\/\/archiviostorico.corriere.it\/2011\/ottobre\/15\/Parquet_ritorno_futuro_co_9_111015034.shtml\" target=\"_blank\" rel=\"noreferrer noopener\">Parkett, zur\u00fcck in die Zukunft<\/a>\u201c<\/strong> lesen <strong>.<\/strong><\/h2>\n\n\n\n<p>Es ist erfreulich, dass das Thema Holzfu\u00dfb\u00f6den in einer nationalen Zeitung behandelt wird. Weniger erfreut sind wir dar\u00fcber, dass das Thema mit dem Hinweis auf falsche Daten behandelt wird. <\/p>\n\n\n\n<figure class=\"wp-block-image size-full\"><img loading=\"lazy\" decoding=\"async\" width=\"1810\" height=\"2560\" src=\"https:\/\/www.berti.net\/wp-content\/uploads\/2011\/10\/parquet-ritorno-al-futuro-scaled.jpg\" alt=\"\" class=\"wp-image-10613\" srcset=\"https:\/\/berti.net\/wp-content\/uploads\/2011\/10\/parquet-ritorno-al-futuro-scaled.jpg 1810w, https:\/\/berti.net\/wp-content\/uploads\/2011\/10\/parquet-ritorno-al-futuro-574x812.jpg 574w, https:\/\/berti.net\/wp-content\/uploads\/2011\/10\/parquet-ritorno-al-futuro-1357x1920.jpg 1357w, https:\/\/berti.net\/wp-content\/uploads\/2011\/10\/parquet-ritorno-al-futuro-768x1086.jpg 768w, https:\/\/berti.net\/wp-content\/uploads\/2011\/10\/parquet-ritorno-al-futuro-1086x1536.jpg 1086w, https:\/\/berti.net\/wp-content\/uploads\/2011\/10\/parquet-ritorno-al-futuro-1448x2048.jpg 1448w\" sizes=\"auto, (max-width: 1810px) 100vw, 1810px\" \/><\/figure>\n\n\n\n<p>Es gibt insbesondere zwei Punkte, die gekl\u00e4rt werden m\u00fcssen.<\/p>\n\n\n\n<p>Bei der Diskussion \u00fcber die <strong>Arten von Parkett<\/strong> wird zwischen <a href=\"https:\/\/www.berti.net\/#\/faq\/tecniche\/che-differenza-ce-tra-parquet-tradizionale-e-prefinito_it_0_5_824.html\" target=\"_blank\" rel=\"noreferrer noopener\">traditionellem Parkett (Massivholz) und Fertigparkett<\/a> unterschieden. In Bezug auf <strong>Fertigparkett<\/strong> gibt es einen schwerwiegenden Irrtum bez\u00fcglich der Dicke der Deckschicht. Ein Fertigparkett besteht aus Massivholzst\u00e4ben, die die oberste Schicht eines jeden Elements bilden, die sogenannte Geh- oder Edelschicht, die auf einer dickeren Schicht ruht, die als Tr\u00e4ger dient.  <\/p>\n\n\n\n<p>Um von <strong>Parkett<\/strong> sprechen zu k\u00f6nnen, ist es nach der Norm UNI EN 13489 erforderlich, dass die Edelholzschicht des Bodens eine Dicke von mindestens 2,5 mm hat. Wenn die Dicke des Edelholzes weniger als 2,5 mm betr\u00e4gt, k\u00f6nnen wir nicht von Parkett sprechen. <\/p>\n\n\n\n<p>Ein weiterer falscher Ratschlag bezieht sich auf die Kompatibilit\u00e4t von Parkett und Holzb\u00f6den mit <strong>Fu\u00dfbodenheizungssystemen<\/strong>. Wie sowohl in den einschl\u00e4gigen Normen als auch in der Rubrik FAQ auf unserer Website<a href=\"https:\/\/www.berti.net\/#\/faq\/generiche\/il-parquet-e-compatibile-con-il-sistema-di-riscaldamento-a-pavimento_it_0_5_1103.html\" target=\"_blank\" rel=\"noreferrer noopener\">(Ist Parkett mit Fu\u00dfbodenheizungen kompatibel?<\/a>) angegeben, gibt es f\u00fcr Holzb\u00f6den keine Kontraindikationen, wenn eine Fu\u00dfbodenheizung installiert wurde. Alle Fertigprodukte sind f\u00fcr die Verlegung auf Fu\u00dfbodenheizungen geeignet, da sie eine mehrschichtige, in mehrere Teile zerlegte R\u00fcckseite haben, die eine gleichm\u00e4\u00dfige W\u00e4rmeverteilung \u00fcber die gesamte Fl\u00e4che erm\u00f6glicht. Dank technologischer Innovationen k\u00f6nnen Sie sich bei der Herstellung von Parkett auf ein Produkt verlassen, das seine Stabilit\u00e4t beibeh\u00e4lt.   <\/p>\n\n\n\n<p>Dies soll keine Polemik sein, sondern nur auf Ungenauigkeiten hinweisen und es dem Verbraucher erm\u00f6glichen, sich ein klares Bild von Parkett zu machen und es zu kennen.<\/p>\n<\/div>\n<\/div>\n\n\n\n<div class=\"wp-block-column is-layout-flow wp-container-core-column-is-layout-22223934 wp-block-column-is-layout-flow\" style=\"flex-basis:50%\">\n<figure class=\"wp-block-image size-full\"><img loading=\"lazy\" decoding=\"async\" width=\"1016\" height=\"764\" src=\"https:\/\/www.berti.net\/wp-content\/uploads\/2011\/10\/scheda-prodotto.png\" alt=\"\" class=\"wp-image-10616\" srcset=\"https:\/\/berti.net\/wp-content\/uploads\/2011\/10\/scheda-prodotto.png 1016w, https:\/\/berti.net\/wp-content\/uploads\/2011\/10\/scheda-prodotto-812x611.png 812w, https:\/\/berti.net\/wp-content\/uploads\/2011\/10\/scheda-prodotto-768x578.png 768w\" sizes=\"auto, (max-width: 1016px) 100vw, 1016px\" \/><\/figure>\n\n\n\n<p>Berti betrachtet \u201eSchulung\u201c und die Verbreitung <strong>technischer Informationen <\/strong>als eine der wichtigsten strategischen Aktivit\u00e4ten. Nicht nur unser Vertriebsnetz ist mit den Produkten und ihren Eigenschaften vertraut, sondern auch die Kunden haben Zugang zu Informationen, um fundierte Bewertungen und \u00dcberlegungen anstellen zu k\u00f6nnen. Die Sammlung von FAQs auf der Website Berti.net ist f\u00fcr uns das ideale Instrument, um jeden zu informieren, der Fragen hat oder mehr \u00fcber jeden Aspekt von Holzfu\u00dfb\u00f6den erfahren m\u00f6chte. Wenn wir speziell \u00fcber Berti-Produkte sprechen, k\u00f6nnen alle technischen Datenbl\u00e4tter mit St\u00e4rken, Angaben und Ratschl\u00e4gen f\u00fcr die verschiedenen Berti-Produkte eingesehen werden, wie Sie auf dem Screenshot unten als Beispiel sehen k\u00f6nnen.   <\/p>\n\n\n\n<p><strong>Helfen Sie uns, korrekte Informationen zu verbreiten<\/strong>: nicht nur zum Schutz des Produkts und der Hersteller. Die Verbraucher sind die erste Kategorie, die es zu sch\u00fctzen gilt: Es ist wichtig, die richtigen Informationen zu kennen, um informierte K\u00e4ufe zu t\u00e4tigen und Betrug zu vermeiden. Wissen ist die beste Waffe der Verteidigung.  <\/p>\n\n\n\n<p><strong>REFERENZ-LINKS:<\/strong><\/p>\n\n\n\n<p><a href=\"https:\/\/www.berti.net\/#\/faq_it_0_5_0.html\" target=\"_blank\" rel=\"noreferrer noopener\"><strong>FAQ Berti<\/strong><\/a><\/p>\n\n\n\n<p><a href=\"https:\/\/www.berti.net\/#\" target=\"_blank\" rel=\"noreferrer noopener\"><strong>Berti.net Website<\/strong><\/a><\/p>\n<\/div>\n<\/div>\n\n\n\n<div class=\"wp-block-group post-categories has-global-padding is-content-justification-left is-layout-constrained wp-container-core-group-is-layout-836d34cb wp-block-group-is-layout-constrained\" style=\"margin-top:var(--wp--preset--spacing--70);font-size:11px\">\n<div class=\"wp-block-group is-content-justification-center is-nowrap is-layout-flex wp-container-core-group-is-layout-60758a6d wp-block-group-is-layout-flex\">\n<p>Magazin \/<\/p>\n\n\n<div class=\"taxonomy-category wp-block-post-terms\"><a href=\"https:\/\/berti.net\/de\/magazine\/category\/produkte\/\" rel=\"tag\">Produkte<\/a><span class=\"wp-block-post-terms__separator\">, <\/span><a href=\"https:\/\/berti.net\/de\/magazine\/category\/projekte\/\" rel=\"tag\">Projekte<\/a><\/div><\/div>\n<\/div>\n<\/div>\n\n<p><\/p>\n","protected":false},"excerpt":{"rendered":"<p>Das Thema Parkett wurde k\u00fcrzlich vom Corriere della Sera behandelt<\/p>\n","protected":false},"author":9,"featured_media":23669,"comment_status":"closed","ping_status":"closed","sticky":false,"template":"","format":"standard","meta":{"footnotes":""},"categories":[161,179],"tags":[],"class_list":["post-23667","post","type-post","status-publish","format-standard","has-post-thumbnail","hentry","category-produkte","category-projekte"],"_links":{"self":[{"href":"https:\/\/berti.net\/de\/wp-json\/wp\/v2\/posts\/23667","targetHints":{"allow":["GET"]}}],"collection":[{"href":"https:\/\/berti.net\/de\/wp-json\/wp\/v2\/posts"}],"about":[{"href":"https:\/\/berti.net\/de\/wp-json\/wp\/v2\/types\/post"}],"author":[{"embeddable":true,"href":"https:\/\/berti.net\/de\/wp-json\/wp\/v2\/users\/9"}],"replies":[{"embeddable":true,"href":"https:\/\/berti.net\/de\/wp-json\/wp\/v2\/comments?post=23667"}],"version-history":[{"count":1,"href":"https:\/\/berti.net\/de\/wp-json\/wp\/v2\/posts\/23667\/revisions"}],"predecessor-version":[{"id":23676,"href":"https:\/\/berti.net\/de\/wp-json\/wp\/v2\/posts\/23667\/revisions\/23676"}],"wp:featuredmedia":[{"embeddable":true,"href":"https:\/\/berti.net\/de\/wp-json\/wp\/v2\/media\/23669"}],"wp:attachment":[{"href":"https:\/\/berti.net\/de\/wp-json\/wp\/v2\/media?parent=23667"}],"wp:term":[{"taxonomy":"category","embeddable":true,"href":"https:\/\/berti.net\/de\/wp-json\/wp\/v2\/categories?post=23667"},{"taxonomy":"post_tag","embeddable":true,"href":"https:\/\/berti.net\/de\/wp-json\/wp\/v2\/tags?post=23667"}],"curies":[{"name":"wp","href":"https:\/\/api.w.org\/{rel}","templated":true}]}}