{"id":23662,"date":"2011-12-05T12:59:32","date_gmt":"2011-12-05T12:59:32","guid":{"rendered":"https:\/\/www.berti.net\/magazine\/zuruck-von-der-deco-fair-in-jeddah\/"},"modified":"2025-06-05T07:40:53","modified_gmt":"2025-06-05T07:40:53","slug":"zuruck-von-der-deco-fair-in-jeddah","status":"publish","type":"post","link":"https:\/\/berti.net\/de\/magazine\/zuruck-von-der-deco-fair-in-jeddah\/","title":{"rendered":"Zur\u00fcck von der Deco Fair in Jeddah&#8230;"},"content":{"rendered":"\n<div class=\"wp-block-group post-detail-pattern is-container has-base-2-color has-contrast-background-color has-text-color has-background has-link-color wp-elements-1a8c4229b91b410668f58ba3aecfa595 has-global-padding is-layout-constrained wp-block-group-is-layout-constrained\" style=\"margin-top:0;margin-bottom:0;padding-top:var(--wp--preset--spacing--70);padding-bottom:var(--wp--preset--spacing--70)\">\n<div class=\"wp-block-columns alignwide is-layout-flex wp-container-core-columns-is-layout-d125203f wp-block-columns-is-layout-flex\" style=\"margin-bottom:var(--wp--preset--spacing--50)\">\n<div class=\"wp-block-column is-vertically-aligned-stretch is-layout-flow wp-block-column-is-layout-flow\" style=\"padding-right:0;flex-basis:50%\">\n<div class=\"wp-block-group is-vertical is-content-justification-stretch is-layout-flex wp-container-core-group-is-layout-e9e70883 wp-block-group-is-layout-flex\" style=\"min-height:100%\">\n<div class=\"wp-block-group post-categories is-nowrap is-layout-flex wp-container-core-group-is-layout-3155b93e wp-block-group-is-layout-flex\" style=\"margin-top:var(--wp--preset--spacing--20);font-size:11px\">\n<p>Magazin \/<\/p>\n\n\n<div class=\"taxonomy-category wp-block-post-terms\"><a href=\"https:\/\/berti.net\/de\/magazine\/category\/produkte\/\" rel=\"tag\">Produkte<\/a><span class=\"wp-block-post-terms__separator\">, <\/span><a href=\"https:\/\/berti.net\/de\/magazine\/category\/projekte\/\" rel=\"tag\">Projekte<\/a><\/div><\/div>\n\n\n<div style=\"font-style:normal;font-weight:600;text-transform:uppercase;\" class=\"has-link-color wp-elements-32859cd979b45056895d81c5660c23a0 wp-block-post-date has-text-color has-base-color has-s-font-size\"><time datetime=\"2011-12-05T12:59:32+00:00\">5 December 2011<\/time><\/div>\n\n\n<h1 class=\"wp-block-heading post-title\">Zur\u00fcck von der <strong>Deco Fair<\/strong> in <strong>Jeddah<\/strong>&#8230;<\/h1>\n\n\n\n<h2 class=\"wp-block-heading post-subtitle\" style=\"margin-bottom:var(--wp--preset--spacing--20)\">Wir sind gerade von einem weiteren sch\u00f6nen Abenteuer zur\u00fcckgekehrt. Jede Erfahrung im Ausland lehrt uns etwas, denn man reist mit einer Menge Erwartungen, aber vor allem mit Neugierde ab und kehrt mit einem Koffer voller unerwarteter Ideen und mit einer sch\u00f6nen Liste neuer Kontakte und Projekte nach Hause zur\u00fcck.<\/h2>\n\n\n\n<p>Wir waren bereits im letzten Jahr auf der <strong>Deco Fair<\/strong> in <strong>Jeddah<\/strong>, und dies war die zweite Teilnahme von <strong>Berti Pavimenti Legno<\/strong> an der wichtigen Messe in <strong>Saudi-Arabien.<\/strong> In diesem Zusammenhang ist die Figur von <strong>Corrado Mulfari<\/strong> von <strong><em>Alkayan Decor <\/em><\/strong> (unser exklusiver Vertriebspartner f\u00fcr die arabischen L\u00e4nder), ein echtes <em>Zeichen der Verbundenheit<\/em> von <strong>Berti <\/strong>mit der <strong>Welt und dem arabischen Markt<\/strong>, der st\u00e4ndig in Bewegung ist und w\u00e4chst.  Wir hatten diese neue kommerzielle Dynamik bereits vor ein paar Monaten in einem <strong><a href=\"https:\/\/blog.berti.net\/a-look-into-the-arabic-market\" target=\"_blank\" rel=\"noreferrer noopener\">Video-Interview<\/a><\/strong>erw\u00e4hnt, als wir Besuch bekamen von<strong><em> Rami Bambouk<\/em><\/strong>, ebenfalls von <em><strong>Alkayan Dekor<\/strong><\/em>.<\/p>\n\n\n\n<figure class=\"wp-block-image size-full\"><img loading=\"lazy\" decoding=\"async\" width=\"320\" height=\"213\" src=\"https:\/\/www.berti.net\/wp-content\/uploads\/2011\/12\/decofair2011-Berti.jpg\" alt=\"\" class=\"wp-image-10577\"\/><\/figure>\n\n\n\n<p>Die \u201e<strong><em>Ausstellung f\u00fcr Dekoration und Wohnaccessoires<\/em><\/strong>\u201c in <strong>Jeddahha<\/strong>wurde an f\u00fcnf Tagen von mehr als<strong> 600<\/strong> internationalen<strong> Ausstellern<\/strong> auf einer Fl\u00e4che von etwa <strong>10.000 Quadratmetern<\/strong> besucht.<\/p>\n\n\n\n<p>Eine weitere wichtige Tatsache, \u00fcber die wir nachdenken sollten: <strong>Berti<\/strong>&#8216;s war die einzige italienische Pr\u00e4senz im Bereich Holzfu\u00dfb\u00f6den auf der arabischen Kirmes, und das ist ein weiterer Grund, stolz auf unsere Arbeit und unsere Gesch\u00e4ftsstrategien zu sein.<\/p>\n\n\n\n<p>Wir waren nicht nur die einzigen Vertreter des<strong> Made in Italy<\/strong> in unserem spezifischen Sektor, sondern konnten auch auf die r\u00e4umliche N\u00e4he mehrerer renommierter Marken z\u00e4hlen, mit denen wir einen Dialog begonnen haben: wir sprechen von <strong>Missoni<\/strong> <strong>Home, Fendi Casa<\/strong>, <strong>Kenzo Maison<\/strong>, <strong>Jean Paul Gaultier <\/strong>f\u00fcr<strong> Roche Bobois<\/strong>.<\/p>\n<\/div>\n<\/div>\n\n\n\n<div class=\"wp-block-column is-layout-flow wp-container-core-column-is-layout-22223934 wp-block-column-is-layout-flow\" style=\"flex-basis:50%\">\n<figure class=\"wp-block-embed is-type-video is-provider-youtube wp-block-embed-youtube wp-embed-aspect-16-9 wp-has-aspect-ratio\"><div class=\"wp-block-embed__wrapper\">\n<iframe loading=\"lazy\" title=\"Berti @ Deco Fair 2011\" width=\"500\" height=\"281\" src=\"https:\/\/www.youtube.com\/embed\/xNeTAm5uvfQ?feature=oembed\" frameborder=\"0\" allow=\"accelerometer; autoplay; clipboard-write; encrypted-media; gyroscope; picture-in-picture; web-share\" referrerpolicy=\"strict-origin-when-cross-origin\" allowfullscreen><\/iframe>\n<\/div><\/figure>\n\n\n\n<p>M\u00e4rkte und vor allem andere Kulturen k\u00f6nnen manchmal Angst ausl\u00f6sen, einfach weil sie nicht vertraut sind. Wir sprechen nun schon seit einigen Jahren \u00fcber<strong>\u201eGlobalisierung<\/strong>\u201c und dennoch halten sich viele Klischees und Vorurteile hartn\u00e4ckig. <\/p>\n\n\n\n<p>Sich einem neuen Markt zu stellen, bedeutet vor allem, <strong>kommerzielle, kulturelle und pers\u00f6nliche Beziehungen<\/strong> in einem immer gr\u00f6\u00dferen, dichteren und unstrukturierteren Netz zu kn\u00fcpfen, das schwer zu umrei\u00dfen ist, aber immer mehr M\u00f6glichkeiten und \u00dcberraschungen bietet, mit der M\u00f6glichkeit eines st\u00e4ndigen Vergleichs und dem Vorteil, die aktuellsten Trends in unserem Sektor verfolgen und anfassen zu k\u00f6nnen.<\/p>\n\n\n\n<p>Dennoch wollen wir jetzt nicht aufh\u00f6ren, sondern unsere Anstrengungen verst\u00e4rken, um in dieser Richtung weiterzumachen!<\/p>\n\n\n\n<p><a href=\"https:\/\/www.flickr.com\/photos\/bertipavimenti\/sets\/72157628230998663\/\" target=\"_blank\" rel=\"noopener\"><strong>SEHEN SIE SICH DIE DECO FAIR BILDERGALERIE AUF FLICKR AN!<\/strong><\/a><\/p>\n<\/div>\n<\/div>\n\n\n\n<div class=\"wp-block-group post-categories has-global-padding is-content-justification-left is-layout-constrained wp-container-core-group-is-layout-836d34cb wp-block-group-is-layout-constrained\" style=\"margin-top:var(--wp--preset--spacing--70);font-size:11px\">\n<div class=\"wp-block-group is-content-justification-center is-nowrap is-layout-flex wp-container-core-group-is-layout-60758a6d wp-block-group-is-layout-flex\">\n<p>Magazin \/<\/p>\n\n\n<div class=\"taxonomy-category wp-block-post-terms\"><a href=\"https:\/\/berti.net\/de\/magazine\/category\/produkte\/\" rel=\"tag\">Produkte<\/a><span class=\"wp-block-post-terms__separator\">, <\/span><a href=\"https:\/\/berti.net\/de\/magazine\/category\/projekte\/\" rel=\"tag\">Projekte<\/a><\/div><\/div>\n<\/div>\n<\/div>\n\n<p><\/p>\n","protected":false},"excerpt":{"rendered":"<p>Wir sind gerade von einem weiteren sch\u00f6nen Abenteuer auf der Deco Fair in Jeddah zur\u00fcckgekehrt<\/p>\n","protected":false},"author":9,"featured_media":23664,"comment_status":"closed","ping_status":"closed","sticky":false,"template":"","format":"standard","meta":{"footnotes":""},"categories":[161,179],"tags":[],"class_list":["post-23662","post","type-post","status-publish","format-standard","has-post-thumbnail","hentry","category-produkte","category-projekte"],"_links":{"self":[{"href":"https:\/\/berti.net\/de\/wp-json\/wp\/v2\/posts\/23662","targetHints":{"allow":["GET"]}}],"collection":[{"href":"https:\/\/berti.net\/de\/wp-json\/wp\/v2\/posts"}],"about":[{"href":"https:\/\/berti.net\/de\/wp-json\/wp\/v2\/types\/post"}],"author":[{"embeddable":true,"href":"https:\/\/berti.net\/de\/wp-json\/wp\/v2\/users\/9"}],"replies":[{"embeddable":true,"href":"https:\/\/berti.net\/de\/wp-json\/wp\/v2\/comments?post=23662"}],"version-history":[{"count":1,"href":"https:\/\/berti.net\/de\/wp-json\/wp\/v2\/posts\/23662\/revisions"}],"predecessor-version":[{"id":23668,"href":"https:\/\/berti.net\/de\/wp-json\/wp\/v2\/posts\/23662\/revisions\/23668"}],"wp:featuredmedia":[{"embeddable":true,"href":"https:\/\/berti.net\/de\/wp-json\/wp\/v2\/media\/23664"}],"wp:attachment":[{"href":"https:\/\/berti.net\/de\/wp-json\/wp\/v2\/media?parent=23662"}],"wp:term":[{"taxonomy":"category","embeddable":true,"href":"https:\/\/berti.net\/de\/wp-json\/wp\/v2\/categories?post=23662"},{"taxonomy":"post_tag","embeddable":true,"href":"https:\/\/berti.net\/de\/wp-json\/wp\/v2\/tags?post=23662"}],"curies":[{"name":"wp","href":"https:\/\/api.w.org\/{rel}","templated":true}]}}