{"id":23656,"date":"2011-10-21T13:24:42","date_gmt":"2011-10-21T13:24:42","guid":{"rendered":"https:\/\/www.berti.net\/magazine\/die-zeit-bewohnen-neue-perspektiven-fur-eine-nachhaltigere-wirtschaft\/"},"modified":"2025-06-05T07:40:52","modified_gmt":"2025-06-05T07:40:52","slug":"die-zeit-bewohnen-neue-perspektiven-fur-eine-nachhaltigere-wirtschaft","status":"publish","type":"post","link":"https:\/\/berti.net\/de\/magazine\/die-zeit-bewohnen-neue-perspektiven-fur-eine-nachhaltigere-wirtschaft\/","title":{"rendered":"Die Zeit bewohnen: neue Perspektiven f\u00fcr eine nachhaltigere Wirtschaft"},"content":{"rendered":"\n<div class=\"wp-block-group post-detail-pattern is-container has-base-2-color has-contrast-background-color has-text-color has-background has-link-color wp-elements-31ccd84dc9ab422ad60546b739cdb5c2 has-global-padding is-layout-constrained wp-block-group-is-layout-constrained\" style=\"margin-top:0;margin-bottom:0;padding-top:var(--wp--preset--spacing--70);padding-bottom:var(--wp--preset--spacing--70)\">\n<div class=\"wp-block-columns alignwide is-layout-flex wp-container-core-columns-is-layout-d125203f wp-block-columns-is-layout-flex\" style=\"margin-bottom:var(--wp--preset--spacing--50)\">\n<div class=\"wp-block-column is-vertically-aligned-stretch is-layout-flow wp-block-column-is-layout-flow\" style=\"padding-right:0;flex-basis:50%\">\n<div class=\"wp-block-group is-vertical is-content-justification-stretch is-layout-flex wp-container-core-group-is-layout-e9e70883 wp-block-group-is-layout-flex\" style=\"min-height:100%\">\n<div class=\"wp-block-group post-categories is-nowrap is-layout-flex wp-container-core-group-is-layout-3155b93e wp-block-group-is-layout-flex\" style=\"margin-top:var(--wp--preset--spacing--20);font-size:11px\">\n<p>Magazin \/<\/p>\n\n\n<div class=\"taxonomy-category wp-block-post-terms\"><a href=\"https:\/\/berti.net\/de\/magazine\/category\/produkte\/\" rel=\"tag\">Produkte<\/a><span class=\"wp-block-post-terms__separator\">, <\/span><a href=\"https:\/\/berti.net\/de\/magazine\/category\/projekte\/\" rel=\"tag\">Projekte<\/a><\/div><\/div>\n\n\n<div style=\"font-style:normal;font-weight:600;text-transform:uppercase;\" class=\"has-link-color wp-elements-32859cd979b45056895d81c5660c23a0 wp-block-post-date has-text-color has-base-color has-s-font-size\"><time datetime=\"2011-10-21T13:24:42+00:00\">21 October 2011<\/time><\/div>\n\n\n<h1 class=\"wp-block-heading post-title\"><strong>Die Zeit bewohnen<\/strong>: neue Perspektiven f\u00fcr eine<strong>nachhaltigere Wirtschaft<\/strong><\/h1>\n\n\n\n<h2 class=\"wp-block-heading post-subtitle\" style=\"margin-bottom:var(--wp--preset--spacing--20)\">Die Ausgabe 2011 des <strong>Projekts Abitare il Tempo 100%<\/strong>, das von Veronafiere in Zusammenarbeit mit Federmobili organisiert wird, wurde komplett \u00fcberarbeitet.<\/h2>\n\n\n\n<figure class=\"wp-block-image size-full\"><img loading=\"lazy\" decoding=\"async\" width=\"795\" height=\"625\" src=\"https:\/\/www.berti.net\/wp-content\/uploads\/2011\/10\/workshop-abitare-il-tempo.jpg\" alt=\"\" class=\"wp-image-10602\" srcset=\"https:\/\/berti.net\/wp-content\/uploads\/2011\/10\/workshop-abitare-il-tempo.jpg 795w, https:\/\/berti.net\/wp-content\/uploads\/2011\/10\/workshop-abitare-il-tempo-768x604.jpg 768w\" sizes=\"auto, (max-width: 795px) 100vw, 795px\" \/><\/figure>\n\n\n\n<p>Sie wird zum Treffpunkt f\u00fcr den unabh\u00e4ngigen Vertrieb, der auf der Suche nach Informationen, Schulungen, Kommunikation, Dienstleistungen <strong>, neuen Produktmischungen, Kreativit\u00e4t und innovativen Vertriebsformen ist.<\/strong> Ein wahrer Kongress f\u00fcr den M\u00f6belvertrieb, der durch ein umfangreiches Veranstaltungsprogramm unterst\u00fctzt wird, zu dem auch einige wichtige Workshops mit sehr praktischem Bezug geh\u00f6ren, in denen Themen behandelt werden, die eng mit der T\u00e4tigkeit des M\u00f6belh\u00e4ndlers verbunden sind. <\/p>\n\n\n\n<p>Auch wir waren in diesen Tagen auf der Messe anwesend, allerdings als einfache und neugierige Zuschauer, und haben an mehreren interessanten Veranstaltungen teilgenommen. Eines der geplanten Seminare mit dem Titel &#8216;<strong><em>Wird uns der neue Verbraucher etwas verkaufen?<\/em><\/strong>&#8221;, ausgearbeitet von <a href=\"https:\/\/www.sharazad.com\/\" target=\"_blank\" rel=\"noreferrer noopener\"><strong>Sharazad<\/strong><\/a>beleuchtete, wie eine neue kulturelle Dimension in Verbindung mit einer Krise der als unfehlbar geltenden Wirtschaftsparadigmen und der Konsolidierung der sozialen Technologien einen neuen Verbrauchertypus entstehen l\u00e4sst. <\/p>\n\n\n\n<figure class=\"wp-block-image size-full\"><img loading=\"lazy\" decoding=\"async\" width=\"838\" height=\"615\" src=\"https:\/\/www.berti.net\/wp-content\/uploads\/2011\/10\/etsy.png\" alt=\"\" class=\"wp-image-10605\" srcset=\"https:\/\/berti.net\/wp-content\/uploads\/2011\/10\/etsy.png 838w, https:\/\/berti.net\/wp-content\/uploads\/2011\/10\/etsy-812x596.png 812w, https:\/\/berti.net\/wp-content\/uploads\/2011\/10\/etsy-768x564.png 768w\" sizes=\"auto, (max-width: 838px) 100vw, 838px\" \/><\/figure>\n\n\n\n<p>Beispielhaft war die Pr\u00e4sentation des Koffers <a href=\"https:\/\/www.etsy.com\/\" target=\"_blank\" rel=\"noreferrer noopener\"><em><strong>etsy.com<\/strong><\/em><\/a>der E-Commerce, der die gr\u00f6\u00dfte Gemeinschaft von K\u00e4ufern und Verk\u00e4ufern handgefertigter Produkte im Internet zusammenbringt. Im Gegensatz zu E-Bay ist Etsy eine Plattform, die den Inhalt beim Eintritt filtert und von den H\u00e4ndlern verlangt, dass sie genaue Regeln f\u00fcr die fotografische Pr\u00e4sentation der angebotenen Waren einhalten. Seit 2009 gibt es auch einen inoffiziellen italienischen Blog, der als \u201eEtsy Italia Team\u201c bekannt ist und sich als das erste Team pr\u00e4sentiert, das von italienischen Verk\u00e4ufern mit dem Ziel gegr\u00fcndet wurde, sich gegenseitig durch Diskussionen zu unterst\u00fctzen. Das ultimative Ziel ist es, Antworten auf Zweifel und Probleme zu geben, zusammen mit einer Lawine von Ideen f\u00fcr Werbeaktivit\u00e4ten innerhalb oder au\u00dferhalb von Etsy.   <\/p>\n\n\n\n<p>Au\u00dferdem wird Unterst\u00fctzung angeboten, um zu verstehen, wie der Online-Handel funktioniert und um den eigenen Shop zu verbessern (Ratschl\u00e4ge zum Fotografieren, zur Preisgestaltung, zum Verfassen von Beschreibungen usw.).<br\/>Eine weitere interessante Plattform, die auf der Konferenz vorgestellt wurde, ist die \u201e<strong><em>Woche f\u00fcr nachhaltiges Design<\/em><\/strong>\u201c, die als Kultur- und Kommunikationsprojekt gedacht ist, um die Verbreitung von \u00f6kologisch-nachhaltigem Design zu f\u00f6rdern. Ein Meta-Container, der eine Reihe von Initiativen zusammenfasst, die darauf abzielen, Verbraucher und Akteure des Sektors in Fragen des Designs und der \u00f6kologischen Nachhaltigkeit einzubeziehen und zu sensibilisieren. <\/p>\n<\/div>\n<\/div>\n\n\n\n<div class=\"wp-block-column is-layout-flow wp-container-core-column-is-layout-22223934 wp-block-column-is-layout-flow\" style=\"flex-basis:50%\">\n<figure class=\"wp-block-image size-full\"><img loading=\"lazy\" decoding=\"async\" width=\"284\" height=\"179\" src=\"https:\/\/www.berti.net\/wp-content\/uploads\/2011\/10\/Abitareiltempo2011.png\" alt=\"\" class=\"wp-image-10608\"\/><\/figure>\n\n\n\n<p>Schlie\u00dflich wurden vier erfolgreiche <strong>Gesch\u00e4ftsbeispiele<\/strong> vorgestellt: <strong><a href=\"https:\/\/www.amplificatoreculturale.it\/\" target=\"_blank\" rel=\"noreferrer noopener\">Amplificatoreculturale.it <\/a><\/strong>unter der Leitung von Matteo Zamboni, <a href=\"https:\/\/www.reverselab.it\/\" target=\"_blank\" rel=\"noreferrer noopener\"><strong>reverselab.it<\/strong><\/a>vorgestellt von Federica Collato, das kleine Unternehmen aus Verona <strong><a href=\"https:\/\/www.lounge-tek.com\/\" target=\"_blank\" rel=\"noreferrer noopener\">lounge-tek.com<\/a><\/strong> e <strong><a href=\"https:\/\/www.pensierifattiamano.it\/\" target=\"_blank\" rel=\"noreferrer noopener\">pensierifattiamano.it<\/a><\/strong>erdacht von Maria Cristina Pizzato.<\/p>\n\n\n\n<p>Der Kern der Rede in dieser Stunde voller Bedeutungen und Einsichten ist in der Workshop-Pr\u00e4sentation enthalten, die darauf abzielt, die charakteristischen Merkmale dieser neuen Verbraucher zu skizzieren, die die wahren Protagnostiker des zuk\u00fcnftigen Marktes sein werden, <em>\u201eMenschen, die nicht nur auf anomale Weise konsumieren und nach Sinn und Engagement suchen, sondern auch die Dimension des Machens wiederentdecken, mit Blick auf<strong> Nachhaltigkeit<\/strong>, und wie sie durch <strong>Erm\u00f6glichungsplattformen<\/strong> und <strong>sozialen E-Commerce<\/strong> ihre Nische der Qualit\u00e4t und Einzigartigkeit auf dem internationalen Markt pr\u00e4sentieren\u201c.<\/em><\/p>\n<\/div>\n<\/div>\n\n\n\n<div class=\"wp-block-group post-categories has-global-padding is-content-justification-left is-layout-constrained wp-container-core-group-is-layout-836d34cb wp-block-group-is-layout-constrained\" style=\"margin-top:var(--wp--preset--spacing--70);font-size:11px\">\n<div class=\"wp-block-group is-content-justification-center is-nowrap is-layout-flex wp-container-core-group-is-layout-60758a6d wp-block-group-is-layout-flex\">\n<p>Magazin \/<\/p>\n\n\n<div class=\"taxonomy-category wp-block-post-terms\"><a href=\"https:\/\/berti.net\/de\/magazine\/category\/produkte\/\" rel=\"tag\">Produkte<\/a><span class=\"wp-block-post-terms__separator\">, <\/span><a href=\"https:\/\/berti.net\/de\/magazine\/category\/projekte\/\" rel=\"tag\">Projekte<\/a><\/div><\/div>\n<\/div>\n<\/div>\n\n<p><\/p>\n","protected":false},"excerpt":{"rendered":"<p>2011 Ausgabe des Projekts Abitare il Tempo 100%<\/p>\n","protected":false},"author":9,"featured_media":23659,"comment_status":"closed","ping_status":"closed","sticky":false,"template":"","format":"standard","meta":{"footnotes":""},"categories":[161,179],"tags":[],"class_list":["post-23656","post","type-post","status-publish","format-standard","has-post-thumbnail","hentry","category-produkte","category-projekte"],"_links":{"self":[{"href":"https:\/\/berti.net\/de\/wp-json\/wp\/v2\/posts\/23656","targetHints":{"allow":["GET"]}}],"collection":[{"href":"https:\/\/berti.net\/de\/wp-json\/wp\/v2\/posts"}],"about":[{"href":"https:\/\/berti.net\/de\/wp-json\/wp\/v2\/types\/post"}],"author":[{"embeddable":true,"href":"https:\/\/berti.net\/de\/wp-json\/wp\/v2\/users\/9"}],"replies":[{"embeddable":true,"href":"https:\/\/berti.net\/de\/wp-json\/wp\/v2\/comments?post=23656"}],"version-history":[{"count":1,"href":"https:\/\/berti.net\/de\/wp-json\/wp\/v2\/posts\/23656\/revisions"}],"predecessor-version":[{"id":23666,"href":"https:\/\/berti.net\/de\/wp-json\/wp\/v2\/posts\/23656\/revisions\/23666"}],"wp:featuredmedia":[{"embeddable":true,"href":"https:\/\/berti.net\/de\/wp-json\/wp\/v2\/media\/23659"}],"wp:attachment":[{"href":"https:\/\/berti.net\/de\/wp-json\/wp\/v2\/media?parent=23656"}],"wp:term":[{"taxonomy":"category","embeddable":true,"href":"https:\/\/berti.net\/de\/wp-json\/wp\/v2\/categories?post=23656"},{"taxonomy":"post_tag","embeddable":true,"href":"https:\/\/berti.net\/de\/wp-json\/wp\/v2\/tags?post=23656"}],"curies":[{"name":"wp","href":"https:\/\/api.w.org\/{rel}","templated":true}]}}