{"id":23651,"date":"2011-11-11T13:10:58","date_gmt":"2011-11-11T13:10:58","guid":{"rendered":"https:\/\/www.berti.net\/magazine\/lassen-sie-uns-uber-nachhaltigkeit-sprechen-und-offen-fur-den-dialog-sein\/"},"modified":"2025-06-05T07:40:51","modified_gmt":"2025-06-05T07:40:51","slug":"lassen-sie-uns-uber-nachhaltigkeit-sprechen-und-offen-fur-den-dialog-sein","status":"publish","type":"post","link":"https:\/\/berti.net\/de\/magazine\/lassen-sie-uns-uber-nachhaltigkeit-sprechen-und-offen-fur-den-dialog-sein\/","title":{"rendered":"Lassen Sie uns \u00fcber Nachhaltigkeit sprechen und offen f\u00fcr den Dialog sein!"},"content":{"rendered":"\n<div class=\"wp-block-group post-detail-pattern is-container has-base-2-color has-contrast-background-color has-text-color has-background has-link-color wp-elements-3a4385d7f7357286f27997b5a29de21c has-global-padding is-layout-constrained wp-block-group-is-layout-constrained\" style=\"margin-top:0;margin-bottom:0;padding-top:var(--wp--preset--spacing--70);padding-bottom:var(--wp--preset--spacing--70)\">\n<div class=\"wp-block-columns alignwide is-layout-flex wp-container-core-columns-is-layout-d125203f wp-block-columns-is-layout-flex\" style=\"margin-bottom:var(--wp--preset--spacing--50)\">\n<div class=\"wp-block-column is-vertically-aligned-stretch is-layout-flow wp-block-column-is-layout-flow\" style=\"padding-right:0;flex-basis:50%\">\n<div class=\"wp-block-group is-vertical is-content-justification-stretch is-layout-flex wp-container-core-group-is-layout-e9e70883 wp-block-group-is-layout-flex\" style=\"min-height:100%\">\n<div class=\"wp-block-group post-categories is-nowrap is-layout-flex wp-container-core-group-is-layout-3155b93e wp-block-group-is-layout-flex\" style=\"margin-top:var(--wp--preset--spacing--20);font-size:11px\">\n<p>Magazin \/<\/p>\n\n\n<div class=\"taxonomy-category wp-block-post-terms\"><a href=\"https:\/\/berti.net\/de\/magazine\/category\/produkte\/\" rel=\"tag\">Produkte<\/a><span class=\"wp-block-post-terms__separator\">, <\/span><a href=\"https:\/\/berti.net\/de\/magazine\/category\/projekte\/\" rel=\"tag\">Projekte<\/a><\/div><\/div>\n\n\n<div style=\"font-style:normal;font-weight:600;text-transform:uppercase;\" class=\"has-link-color wp-elements-32859cd979b45056895d81c5660c23a0 wp-block-post-date has-text-color has-base-color has-s-font-size\"><time datetime=\"2011-11-11T13:10:58+00:00\">11 November 2011<\/time><\/div>\n\n\n<h1 class=\"wp-block-heading post-title\">Lassen Sie uns \u00fcber <strong>Nachhaltigkeit<\/strong> sprechen und offen f\u00fcr den Dialog sein!<\/h1>\n\n\n\n<h2 class=\"wp-block-heading post-subtitle\" style=\"margin-bottom:var(--wp--preset--spacing--20)\">In diesen Monaten gro\u00dfer Unruhe, sowohl online als auch offline, haben wir gesehen, dass <strong>Konversation und Austausch<\/strong>, zwei Eckpfeiler des Webs und des Social Webs, so wahr wie eh und je sind. W\u00e4hrend die Zahlen bei unseren Aktivit\u00e4ten zu steigen beginnen, wird dem qualitativen Teil der Interaktionen, die jeden Tag im Web entstehen, ein besonderes Gewicht beigemessen. <\/h2>\n\n\n\n<p>Wir haben festgestellt, wie schnell Ph\u00e4nomene des Instant Sharing ausgel\u00f6st werden k\u00f6nnen, Tugendkreise, die nicht nur Insidern, sondern der breiten \u00d6ffentlichkeit vorbehalten sind. Denken Sie nur an<a href=\"https:\/\/blog.berti.net\/parquet-piu-che-un-ritorno-al-futuro-torniamo-ad-informarci\" target=\"_blank\" rel=\"noreferrer noopener\"> unseren Artikel als Reaktion auf den Corriere della Sera<\/a>, der falsche und oberfl\u00e4chliche Informationen \u00fcber bestimmte Praktiken in unserem Sektor geliefert hatte: Um es streng technisch auszudr\u00fccken, reicht es manchmal aus, auf den<strong><em>Hashtag<\/em><\/strong> um an den interessantesten und sichtbarsten Diskussionen teilzunehmen. <\/p>\n\n\n\n<figure class=\"wp-block-image size-full\"><img loading=\"lazy\" decoding=\"async\" width=\"480\" height=\"720\" src=\"https:\/\/www.berti.net\/wp-content\/uploads\/2011\/11\/bertiambiente.jpg\" alt=\"\" class=\"wp-image-10583\"\/><\/figure>\n\n\n\n<p>Nachdem wir die Reichweite unseres vernetzten Observatoriums erweitert haben, auch dank des Themas <strong>Sozialer Wohnungsbau<\/strong> und der damit verbundenen Veranstaltung im Rahmen der <strong>Made Expo in Mailand<\/strong> im vergangenen Monat, haben wir unsere Augen f\u00fcr neue Modelle nachhaltiger Arbeit und Gestaltung ge\u00f6ffnet, die auch auf der <a href=\"https:\/\/blog.berti.net\/abitare-il-tempo-nuove-prospettive-per-un%E2%80%99economia-piu-sostenibile\" target=\"_blank\" rel=\"noreferrer noopener\"><strong>Abitare il Tempo in Verona<\/strong><\/a>wo weitere Beispiele und konkrete Ideen f\u00fcr nachhaltiges Wirtschaften vorgestellt wurden.<\/p>\n\n\n\n<p>Gerade Nachhaltigkeit ist ein Thema, \u00fcber das jetzt im Internet in rasantem Tempo gesprochen wird, vor allem in dieser Zeit der Krise und Instabilit\u00e4t, vor allem in wirtschaftlicher und \u00f6kologischer Hinsicht, so sehr, dass<strong>\u201egr\u00fcnes Marketing<\/strong>\u201c im Grunde zu einem Bereich voller Inhalte, Ideen und Vorschl\u00e4ge, aber auch Klischees geworden ist.<\/p>\n\n\n\n<p>In die Falle des so genannten<strong>\u201eGreenwashing<\/strong>\u201c zu tappen (in der Praxis ist es, wie Wikipedia sagt,<em>\u201eeine ungerechtfertigte Aneignung von Umwelttugenden durch ein Unternehmen<\/em>\u201c) kann eine Sache von wenigen Augenblicken sein: <strong>umweltfreundlich, nachhaltig, biokompatibel<\/strong>, so viele bombastische Begriffe, die Gefahr laufen, nichtssagend, wenn nicht sogar kontraproduktiv zu sein.<\/p>\n\n\n\n<p>Gerade ein Artikel, auf den wir vor kurzem gesto\u00dfen sind, hat uns zum Nachdenken \u00fcber diese Frage gebracht: Werbung mit Umweltthemen unterscheidet sich von herk\u00f6mmlicher produktbezogener Werbung. Wenn ein Produkt beworben wird, weil es billiger ist, gen\u00fcgt ein kurzer Check, um dies zu best\u00e4tigen, oder wenn ein bestimmtes Getr\u00e4nk behauptet wird, im Vergleich zu allen Konkurrenten das schmackhafteste zu sein, gen\u00fcgen ein paar Euro, um zu sehen, ob dies stimmt oder nicht. Aber wenn wir \u00fcber diese Fragen sprechen, was macht dann wirklich einen Unterschied und wie k\u00f6nnen wir den Wahrheitsgehalt bestimmter Behauptungen \u00fcberpr\u00fcfen? <\/p>\n<\/div>\n<\/div>\n\n\n\n<div class=\"wp-block-column is-layout-flow wp-container-core-column-is-layout-22223934 wp-block-column-is-layout-flow\" style=\"flex-basis:50%\">\n<p><strong>\u201e<em>Wie kann ein Verbraucher sicher sein, dass die Behauptungen eines Unternehmens, selbst wenn sie wahr sind, die ganze Geschichte widerspiegeln?<\/em>\u201c.<\/strong> Dies ist einer der Einw\u00e4nde, auf die wir bei denjenigen gesto\u00dfen sind, die tiefer in die Materie einsteigen wollen. <\/p>\n\n\n\n<p>Wir m\u00f6chten auch unsere Mittel und das Netzwerk nutzen, um von Verbrauchern, Nutzern oder &#8216;menschlicheren&#8217; Menschen zu erfahren, was sie \u00fcber das Thema denken, und um alle unsere &#8216;<strong><em>Follower<\/em><\/strong>&#8221;Follower&#8221; im Netz zu machen. Wir w\u00fcrden wirklich gerne anfangen, dar\u00fcber zu sprechen, aber mit den richtigen Worten und in den passenden T\u00f6nen&#8230; diese faszinierende Reise beginnt f\u00fcr uns jetzt! <\/p>\n<\/div>\n<\/div>\n\n\n\n<div class=\"wp-block-group post-categories has-global-padding is-content-justification-left is-layout-constrained wp-container-core-group-is-layout-836d34cb wp-block-group-is-layout-constrained\" style=\"margin-top:var(--wp--preset--spacing--70);font-size:11px\">\n<div class=\"wp-block-group is-content-justification-center is-nowrap is-layout-flex wp-container-core-group-is-layout-60758a6d wp-block-group-is-layout-flex\">\n<p>Magazin \/<\/p>\n\n\n<div class=\"taxonomy-category wp-block-post-terms\"><a href=\"https:\/\/berti.net\/de\/magazine\/category\/produkte\/\" rel=\"tag\">Produkte<\/a><span class=\"wp-block-post-terms__separator\">, <\/span><a href=\"https:\/\/berti.net\/de\/magazine\/category\/projekte\/\" rel=\"tag\">Projekte<\/a><\/div><\/div>\n<\/div>\n<\/div>\n\n<p><\/p>\n","protected":false},"excerpt":{"rendered":"<p>Lassen Sie uns \u00fcber Nachhaltigkeit sprechen und offen f\u00fcr den Dialog sein<\/p>\n","protected":false},"author":9,"featured_media":23652,"comment_status":"closed","ping_status":"closed","sticky":false,"template":"","format":"standard","meta":{"footnotes":""},"categories":[161,179],"tags":[],"class_list":["post-23651","post","type-post","status-publish","format-standard","has-post-thumbnail","hentry","category-produkte","category-projekte"],"_links":{"self":[{"href":"https:\/\/berti.net\/de\/wp-json\/wp\/v2\/posts\/23651","targetHints":{"allow":["GET"]}}],"collection":[{"href":"https:\/\/berti.net\/de\/wp-json\/wp\/v2\/posts"}],"about":[{"href":"https:\/\/berti.net\/de\/wp-json\/wp\/v2\/types\/post"}],"author":[{"embeddable":true,"href":"https:\/\/berti.net\/de\/wp-json\/wp\/v2\/users\/9"}],"replies":[{"embeddable":true,"href":"https:\/\/berti.net\/de\/wp-json\/wp\/v2\/comments?post=23651"}],"version-history":[{"count":1,"href":"https:\/\/berti.net\/de\/wp-json\/wp\/v2\/posts\/23651\/revisions"}],"predecessor-version":[{"id":23655,"href":"https:\/\/berti.net\/de\/wp-json\/wp\/v2\/posts\/23651\/revisions\/23655"}],"wp:featuredmedia":[{"embeddable":true,"href":"https:\/\/berti.net\/de\/wp-json\/wp\/v2\/media\/23652"}],"wp:attachment":[{"href":"https:\/\/berti.net\/de\/wp-json\/wp\/v2\/media?parent=23651"}],"wp:term":[{"taxonomy":"category","embeddable":true,"href":"https:\/\/berti.net\/de\/wp-json\/wp\/v2\/categories?post=23651"},{"taxonomy":"post_tag","embeddable":true,"href":"https:\/\/berti.net\/de\/wp-json\/wp\/v2\/tags?post=23651"}],"curies":[{"name":"wp","href":"https:\/\/api.w.org\/{rel}","templated":true}]}}