{"id":23592,"date":"2012-02-27T16:05:48","date_gmt":"2012-02-27T16:05:48","guid":{"rendered":"https:\/\/www.berti.net\/magazine\/die-mutter-teresa-vereinigung-stellt-sich-vor\/"},"modified":"2025-06-05T07:40:44","modified_gmt":"2025-06-05T07:40:44","slug":"die-mutter-teresa-vereinigung-stellt-sich-vor","status":"publish","type":"post","link":"https:\/\/berti.net\/de\/magazine\/die-mutter-teresa-vereinigung-stellt-sich-vor\/","title":{"rendered":"Die Mutter Teresa Vereinigung stellt sich vor"},"content":{"rendered":"\n<div class=\"wp-block-group post-detail-pattern is-container has-base-2-color has-contrast-background-color has-text-color has-background has-link-color wp-elements-b1dfe5b794fc6230bdc02f3f9479b828 has-global-padding is-layout-constrained wp-block-group-is-layout-constrained\" style=\"margin-top:0;margin-bottom:0;padding-top:var(--wp--preset--spacing--70);padding-bottom:var(--wp--preset--spacing--70)\">\n<div class=\"wp-block-columns alignwide is-layout-flex wp-container-core-columns-is-layout-d125203f wp-block-columns-is-layout-flex\" style=\"margin-bottom:var(--wp--preset--spacing--50)\">\n<div class=\"wp-block-column is-vertically-aligned-stretch is-layout-flow wp-block-column-is-layout-flow\" style=\"padding-right:0;flex-basis:50%\">\n<div class=\"wp-block-group is-vertical is-content-justification-stretch is-layout-flex wp-container-core-group-is-layout-e9e70883 wp-block-group-is-layout-flex\" style=\"min-height:100%\">\n<div class=\"wp-block-group post-categories is-nowrap is-layout-flex wp-container-core-group-is-layout-3155b93e wp-block-group-is-layout-flex\" style=\"margin-top:var(--wp--preset--spacing--20);font-size:11px\">\n<p>Magazin \/<\/p>\n\n\n<div class=\"taxonomy-category wp-block-post-terms\"><a href=\"https:\/\/berti.net\/de\/magazine\/category\/produkte\/\" rel=\"tag\">Produkte<\/a><span class=\"wp-block-post-terms__separator\">, <\/span><a href=\"https:\/\/berti.net\/de\/magazine\/category\/projekte\/\" rel=\"tag\">Projekte<\/a><\/div><\/div>\n\n\n<div style=\"font-style:normal;font-weight:600;text-transform:uppercase;\" class=\"has-link-color wp-elements-32859cd979b45056895d81c5660c23a0 wp-block-post-date has-text-color has-base-color has-s-font-size\"><time datetime=\"2012-02-27T16:05:48+00:00\">27 February 2012<\/time><\/div>\n\n\n<h1 class=\"wp-block-heading post-title\">Die<strong>Mutter Teresa Vereinigung<\/strong> stellt sich vor<\/h1>\n\n\n\n<h2 class=\"wp-block-heading post-subtitle\" style=\"margin-bottom:var(--wp--preset--spacing--20)\">Wir glauben, dass es an der Zeit ist, eine Aktivit\u00e4t, die unsere Familie und unser Unternehmen seit Jahren aus\u00fcben, mehr und mehr in den Vordergrund zu r\u00fccken, n\u00e4mlich den<strong>Verein Mutter Teresa<\/strong>, der im M\u00e4rz 2004 gegr\u00fcndet wurde und von vielen willensstarken Menschen getragen wird, die die gleichen Werte wie wir teilen.<\/h2>\n\n\n\n<p>Die<strong>Mutter Teresa Vereinigung<\/strong> wurde gegr\u00fcndet, um die Sensibilit\u00e4t zu f\u00f6rdern, um den Schw\u00e4chsten in unserer Gesellschaft zu helfen, sowohl vor Ort als auch in anderen L\u00e4ndern, und um mit anderen Organisationen oder Institutionen zusammenzuarbeiten.<\/p>\n\n\n\n<figure class=\"wp-block-image size-full\"><img loading=\"lazy\" decoding=\"async\" width=\"1200\" height=\"900\" src=\"https:\/\/www.berti.net\/wp-content\/uploads\/2012\/02\/P1040135.jpg\" alt=\"\" class=\"wp-image-10410\" srcset=\"https:\/\/berti.net\/wp-content\/uploads\/2012\/02\/P1040135.jpg 1200w, https:\/\/berti.net\/wp-content\/uploads\/2012\/02\/P1040135-812x609.jpg 812w, https:\/\/berti.net\/wp-content\/uploads\/2012\/02\/P1040135-768x576.jpg 768w\" sizes=\"auto, (max-width: 1200px) 100vw, 1200px\" \/><\/figure>\n\n\n\n<p>Fast acht Jahre nach ihrer Geburt kann Mutter Teresa auf den Beitrag unseres <strong>Ladens<\/strong> z\u00e4hlen, der nur wenige Kilometer vom Berti-Hauptsitz entfernt liegt. Alles, was in dem Gesch\u00e4ft angeboten wird, ist gespendet und der gesamte Betrag wird ohne Abzug f\u00fcr wohlt\u00e4tige Zwecke gespendet. Der Laden wird von einer Gruppe von Freiwilligen gef\u00fchrt, die jeden Tag einen gro\u00dfz\u00fcgigen Service bieten.  <\/p>\n\n\n\n<p>Wir begannen <strong>72 Fernadoptionen<\/strong> in Brasilien und Indien, die auch heute noch aktiv sind.<\/p>\n\n\n\n<p>Seit 2005 unterst\u00fctzen wir ein M\u00e4dchen aus Sierra Leone namens <strong>Madu<\/strong>, das f\u00fcr eine gr\u00f6\u00dfere Kieferoperation nach Italien gebracht wurde, weil sie sich nicht normal ern\u00e4hren konnte. Sie lebt jetzt in einem Familienhaus hier in Italien und es geht ihr besser. <\/p>\n\n\n\n<figure class=\"wp-block-image size-full\"><img loading=\"lazy\" decoding=\"async\" width=\"1200\" height=\"906\" src=\"https:\/\/www.berti.net\/wp-content\/uploads\/2012\/02\/01.jpg\" alt=\"\" class=\"wp-image-10413\" srcset=\"https:\/\/berti.net\/wp-content\/uploads\/2012\/02\/01.jpg 1200w, https:\/\/berti.net\/wp-content\/uploads\/2012\/02\/01-812x613.jpg 812w, https:\/\/berti.net\/wp-content\/uploads\/2012\/02\/01-768x580.jpg 768w\" sizes=\"auto, (max-width: 1200px) 100vw, 1200px\" \/><\/figure>\n\n\n\n<p>Erw\u00e4hnenswert ist auch unsere Zusammenarbeit mit <strong>CUAMM Doctors with Africa aus Padua<\/strong> f\u00fcr den Bau von drei Brunnen und einer Kinderstation in <strong>\u00c4thiopien<\/strong> zur Behandlung von Unterern\u00e4hrung bei Kindern, einer Ursache f\u00fcr hohe Sterblichkeit.<\/p>\n\n\n\n<p>Dar\u00fcber hinaus leisten wir einen j\u00e4hrlichen Beitrag an <strong>Bea Petrape Brasilien<\/strong> f\u00fcr die Ausbildung und Rehabilitation von Stra\u00dfenkindern f\u00fcr ein menschenw\u00fcrdiges Leben.<\/p>\n\n\n\n<p>Seit 2009 unterst\u00fctzen wir verschiedene Aktivit\u00e4ten der indischen Schwestern in <strong>Kalkutta<\/strong>: vom Mittagessen f\u00fcr die Armen anl\u00e4sslich der Hundertjahrfeier von Mutter Teresa bis hin zur Unterst\u00fctzung der \u00c4rmsten durch den Bau eines Hauses, eines Brunnens und den Kauf von Medikamenten und lebensnotwendigen Dingen.<\/p>\n\n\n\n<figure class=\"wp-block-image size-full\"><img loading=\"lazy\" decoding=\"async\" width=\"800\" height=\"600\" src=\"https:\/\/www.berti.net\/wp-content\/uploads\/2012\/02\/P1130902.jpg\" alt=\"\" class=\"wp-image-10416\" srcset=\"https:\/\/berti.net\/wp-content\/uploads\/2012\/02\/P1130902.jpg 800w, https:\/\/berti.net\/wp-content\/uploads\/2012\/02\/P1130902-768x576.jpg 768w\" sizes=\"auto, (max-width: 800px) 100vw, 800px\" \/><\/figure>\n\n\n\n<p>Au\u00dferdem wurde eine Kirche in der <strong>Elfenbeink\u00fcste <\/strong>gebaut und wir haben einen Beitrag zum Bau einer Schule im <strong>Kongo<\/strong> geleistet.<\/p>\n\n\n\n<p>Der Verband unterh\u00e4lt, ebenfalls mit Unterst\u00fctzung der Firma <strong>Berti<\/strong>, kontinuierliche Beziehungen zu den <strong>Genossenschaften il Graticolato<\/strong> und <strong>Ginestra<\/strong>, die die soziale und berufliche Integration von Menschen mit k\u00f6rperlichen und geistigen Behinderungen und sozialen Schwierigkeiten f\u00f6rdern, indem sie ihnen manuelle Arbeit f\u00fcr die Gestaltung spezieller B\u00f6den zur Verf\u00fcgung stellen.<\/p>\n\n\n\n<p>Wir haben Holz f\u00fcr die Zimmer eines Frauenwaisenhauses geliefert, das Waisenkinder aus dem <strong>Bosnienkrieg<\/strong> aufnimmt, und in der gleichen Gegend haben wir die Kapelle im Inneren komplett gebaut.<\/p>\n\n\n\n<p>Unser Holzfu\u00dfboden konnte auch die gro\u00dfartige Arbeit des <strong><a href=\"https:\/\/blog.berti.net\/il-villaggio-solidale-di-mirano\" target=\"_blank\" rel=\"noreferrer noopener\">Solidarit\u00e4tsdorfs in Mirano<\/a><\/strong>das in mehreren Wohnungen hilfsbereite Familien zusammenbringt und von sozialer Ausgrenzung bedrohte Menschen aufnimmt.<\/p>\n\n\n\n<p>In diesem Jahr sind unsere Projekte: der Bau einer Schule f\u00fcr 200 Kinder und Jugendliche in <strong>Sierra Leone<\/strong> und der Bau einiger H\u00fctten f\u00fcr arme Familien, die auf den Stra\u00dfen von <strong>Kalkutta<\/strong> leben m\u00fcssen.<\/p>\n\n\n\n<p>Unser Verein setzt sich f\u00fcr den Erfolg der Projekte ein und garantiert diesen, indem er sich auf vertrauensw\u00fcrdige Personen und die Dokumentation der abgeschlossenen Projekte beruft. Wir werden uns auch weiterhin von Zeit zu Zeit zu diesem Thema \u00e4u\u00dfern und vertrauen darauf, dass wir viele Menschen einbeziehen werden, die durch den Verein Mutter Teresa Gutes tun wollen, geleitet von dem Geist der Seriosit\u00e4t, Fairness und Transparenz! <\/p>\n\n\n\n<p>Alle Spenden erfolgen per Scheck, so dass die R\u00fcckverfolgbarkeit Ihrer Spende jederzeit \u00fcberpr\u00fcft werden kann.<\/p>\n\n\n\n<p>F\u00fcr alle weiteren Informationen besuchen Sie bitte die <a href=\"https:\/\/www.associazionemadreteresa.net\/index_en.html\" target=\"_blank\" rel=\"noopener\">offizielle Website der Vereinigung<\/a>.<\/p>\n<\/div>\n<\/div>\n\n\n\n<div class=\"wp-block-column is-layout-flow wp-container-core-column-is-layout-22223934 wp-block-column-is-layout-flow\" style=\"flex-basis:50%\">\n<figure class=\"wp-block-image size-full\"><img loading=\"lazy\" decoding=\"async\" width=\"1200\" height=\"900\" src=\"https:\/\/www.berti.net\/wp-content\/uploads\/2012\/02\/P1030825.jpg\" alt=\"\" class=\"wp-image-10419\" srcset=\"https:\/\/berti.net\/wp-content\/uploads\/2012\/02\/P1030825.jpg 1200w, https:\/\/berti.net\/wp-content\/uploads\/2012\/02\/P1030825-812x609.jpg 812w, https:\/\/berti.net\/wp-content\/uploads\/2012\/02\/P1030825-768x576.jpg 768w\" sizes=\"auto, (max-width: 1200px) 100vw, 1200px\" \/><\/figure>\n\n\n\n<figure class=\"wp-block-image size-full\"><img loading=\"lazy\" decoding=\"async\" width=\"2048\" height=\"1536\" src=\"https:\/\/www.berti.net\/wp-content\/uploads\/2012\/02\/P1040053.jpg\" alt=\"\" class=\"wp-image-10422\" srcset=\"https:\/\/berti.net\/wp-content\/uploads\/2012\/02\/P1040053.jpg 2048w, https:\/\/berti.net\/wp-content\/uploads\/2012\/02\/P1040053-812x609.jpg 812w, https:\/\/berti.net\/wp-content\/uploads\/2012\/02\/P1040053-1920x1440.jpg 1920w, https:\/\/berti.net\/wp-content\/uploads\/2012\/02\/P1040053-768x576.jpg 768w, https:\/\/berti.net\/wp-content\/uploads\/2012\/02\/P1040053-1536x1152.jpg 1536w\" sizes=\"auto, (max-width: 2048px) 100vw, 2048px\" \/><\/figure>\n\n\n\n<figure class=\"wp-block-image size-full\"><img loading=\"lazy\" decoding=\"async\" width=\"1200\" height=\"900\" src=\"https:\/\/www.berti.net\/wp-content\/uploads\/2012\/02\/P1040108.jpg\" alt=\"\" class=\"wp-image-10425\" srcset=\"https:\/\/berti.net\/wp-content\/uploads\/2012\/02\/P1040108.jpg 1200w, https:\/\/berti.net\/wp-content\/uploads\/2012\/02\/P1040108-812x609.jpg 812w, https:\/\/berti.net\/wp-content\/uploads\/2012\/02\/P1040108-768x576.jpg 768w\" sizes=\"auto, (max-width: 1200px) 100vw, 1200px\" \/><\/figure>\n\n\n\n<figure class=\"wp-block-image size-full\"><img loading=\"lazy\" decoding=\"async\" width=\"1200\" height=\"900\" src=\"https:\/\/www.berti.net\/wp-content\/uploads\/2012\/02\/P1040182.jpg\" alt=\"\" class=\"wp-image-10428\" srcset=\"https:\/\/berti.net\/wp-content\/uploads\/2012\/02\/P1040182.jpg 1200w, https:\/\/berti.net\/wp-content\/uploads\/2012\/02\/P1040182-812x609.jpg 812w, https:\/\/berti.net\/wp-content\/uploads\/2012\/02\/P1040182-768x576.jpg 768w\" sizes=\"auto, (max-width: 1200px) 100vw, 1200px\" \/><\/figure>\n\n\n\n<figure class=\"wp-block-image size-full\"><img loading=\"lazy\" decoding=\"async\" width=\"1200\" height=\"900\" src=\"https:\/\/www.berti.net\/wp-content\/uploads\/2012\/02\/P1040194.jpg\" alt=\"\" class=\"wp-image-10431\" srcset=\"https:\/\/berti.net\/wp-content\/uploads\/2012\/02\/P1040194.jpg 1200w, https:\/\/berti.net\/wp-content\/uploads\/2012\/02\/P1040194-812x609.jpg 812w, https:\/\/berti.net\/wp-content\/uploads\/2012\/02\/P1040194-768x576.jpg 768w\" sizes=\"auto, (max-width: 1200px) 100vw, 1200px\" \/><\/figure>\n\n\n\n<figure class=\"wp-block-image size-full\"><img loading=\"lazy\" decoding=\"async\" width=\"1024\" height=\"768\" src=\"https:\/\/www.berti.net\/wp-content\/uploads\/2012\/02\/UNA-PREGHIERA-PER-TUTTI-NOI-1.jpg\" alt=\"\" class=\"wp-image-10434\" srcset=\"https:\/\/berti.net\/wp-content\/uploads\/2012\/02\/UNA-PREGHIERA-PER-TUTTI-NOI-1.jpg 1024w, https:\/\/berti.net\/wp-content\/uploads\/2012\/02\/UNA-PREGHIERA-PER-TUTTI-NOI-1-812x609.jpg 812w, https:\/\/berti.net\/wp-content\/uploads\/2012\/02\/UNA-PREGHIERA-PER-TUTTI-NOI-1-768x576.jpg 768w\" sizes=\"auto, (max-width: 1024px) 100vw, 1024px\" \/><\/figure>\n\n\n\n<figure class=\"wp-block-image size-full\"><img loading=\"lazy\" decoding=\"async\" width=\"1024\" height=\"768\" src=\"https:\/\/www.berti.net\/wp-content\/uploads\/2012\/02\/1.a-parte-UFFICIO.jpg\" alt=\"\" class=\"wp-image-10437\" srcset=\"https:\/\/berti.net\/wp-content\/uploads\/2012\/02\/1.a-parte-UFFICIO.jpg 1024w, https:\/\/berti.net\/wp-content\/uploads\/2012\/02\/1.a-parte-UFFICIO-812x609.jpg 812w, https:\/\/berti.net\/wp-content\/uploads\/2012\/02\/1.a-parte-UFFICIO-768x576.jpg 768w\" sizes=\"auto, (max-width: 1024px) 100vw, 1024px\" \/><\/figure>\n<\/div>\n<\/div>\n\n\n\n<div class=\"wp-block-group post-categories has-global-padding is-content-justification-left is-layout-constrained wp-container-core-group-is-layout-836d34cb wp-block-group-is-layout-constrained\" style=\"margin-top:var(--wp--preset--spacing--70);font-size:11px\">\n<div class=\"wp-block-group is-content-justification-center is-nowrap is-layout-flex wp-container-core-group-is-layout-60758a6d wp-block-group-is-layout-flex\">\n<p>Magazin \/<\/p>\n\n\n<div class=\"taxonomy-category wp-block-post-terms\"><a href=\"https:\/\/berti.net\/de\/magazine\/category\/produkte\/\" rel=\"tag\">Produkte<\/a><span class=\"wp-block-post-terms__separator\">, <\/span><a href=\"https:\/\/berti.net\/de\/magazine\/category\/projekte\/\" rel=\"tag\">Projekte<\/a><\/div><\/div>\n<\/div>\n<\/div>\n\n<p><\/p>\n","protected":false},"excerpt":{"rendered":"<p>Die Mutter Teresa Vereinigung stellt sich vor<\/p>\n","protected":false},"author":9,"featured_media":23598,"comment_status":"closed","ping_status":"closed","sticky":false,"template":"","format":"standard","meta":{"footnotes":""},"categories":[161,179],"tags":[],"class_list":["post-23592","post","type-post","status-publish","format-standard","has-post-thumbnail","hentry","category-produkte","category-projekte"],"_links":{"self":[{"href":"https:\/\/berti.net\/de\/wp-json\/wp\/v2\/posts\/23592","targetHints":{"allow":["GET"]}}],"collection":[{"href":"https:\/\/berti.net\/de\/wp-json\/wp\/v2\/posts"}],"about":[{"href":"https:\/\/berti.net\/de\/wp-json\/wp\/v2\/types\/post"}],"author":[{"embeddable":true,"href":"https:\/\/berti.net\/de\/wp-json\/wp\/v2\/users\/9"}],"replies":[{"embeddable":true,"href":"https:\/\/berti.net\/de\/wp-json\/wp\/v2\/comments?post=23592"}],"version-history":[{"count":1,"href":"https:\/\/berti.net\/de\/wp-json\/wp\/v2\/posts\/23592\/revisions"}],"predecessor-version":[{"id":23620,"href":"https:\/\/berti.net\/de\/wp-json\/wp\/v2\/posts\/23592\/revisions\/23620"}],"wp:featuredmedia":[{"embeddable":true,"href":"https:\/\/berti.net\/de\/wp-json\/wp\/v2\/media\/23598"}],"wp:attachment":[{"href":"https:\/\/berti.net\/de\/wp-json\/wp\/v2\/media?parent=23592"}],"wp:term":[{"taxonomy":"category","embeddable":true,"href":"https:\/\/berti.net\/de\/wp-json\/wp\/v2\/categories?post=23592"},{"taxonomy":"post_tag","embeddable":true,"href":"https:\/\/berti.net\/de\/wp-json\/wp\/v2\/tags?post=23592"}],"curies":[{"name":"wp","href":"https:\/\/api.w.org\/{rel}","templated":true}]}}