{"id":23586,"date":"2011-12-09T12:42:32","date_gmt":"2011-12-09T12:42:32","guid":{"rendered":"https:\/\/www.berti.net\/magazine\/berti-und-farben-auf-wasserbasis-eine-neue-pflanze-fur-eine-neue-okologische-perspektive\/"},"modified":"2025-06-05T07:40:44","modified_gmt":"2025-06-05T07:40:44","slug":"berti-und-farben-auf-wasserbasis-eine-neue-pflanze-fur-eine-neue-okologische-perspektive","status":"publish","type":"post","link":"https:\/\/berti.net\/de\/magazine\/berti-und-farben-auf-wasserbasis-eine-neue-pflanze-fur-eine-neue-okologische-perspektive\/","title":{"rendered":"Berti und Farben auf Wasserbasis: eine neue Pflanze f\u00fcr eine neue \u00f6kologische Perspektive"},"content":{"rendered":"\n<div class=\"wp-block-group post-detail-pattern is-container has-base-2-color has-contrast-background-color has-text-color has-background has-link-color wp-elements-22eb1b52264292f0dfefcc62ab9e32af has-global-padding is-layout-constrained wp-block-group-is-layout-constrained\" style=\"margin-top:0;margin-bottom:0;padding-top:var(--wp--preset--spacing--70);padding-bottom:var(--wp--preset--spacing--70)\">\n<div class=\"wp-block-columns alignwide is-layout-flex wp-container-core-columns-is-layout-d125203f wp-block-columns-is-layout-flex\" style=\"margin-bottom:var(--wp--preset--spacing--50)\">\n<div class=\"wp-block-column is-vertically-aligned-stretch is-layout-flow wp-block-column-is-layout-flow\" style=\"padding-right:0;flex-basis:50%\">\n<div class=\"wp-block-group is-vertical is-content-justification-stretch is-layout-flex wp-container-core-group-is-layout-e9e70883 wp-block-group-is-layout-flex\" style=\"min-height:100%\">\n<div class=\"wp-block-group post-categories is-nowrap is-layout-flex wp-container-core-group-is-layout-3155b93e wp-block-group-is-layout-flex\" style=\"margin-top:var(--wp--preset--spacing--20);font-size:11px\">\n<p>Magazin \/<\/p>\n\n\n<div class=\"taxonomy-category wp-block-post-terms\"><a href=\"https:\/\/berti.net\/de\/magazine\/category\/produkte\/\" rel=\"tag\">Produkte<\/a><span class=\"wp-block-post-terms__separator\">, <\/span><a href=\"https:\/\/berti.net\/de\/magazine\/category\/projekte\/\" rel=\"tag\">Projekte<\/a><\/div><\/div>\n\n\n<div style=\"font-style:normal;font-weight:600;text-transform:uppercase;\" class=\"has-link-color wp-elements-32859cd979b45056895d81c5660c23a0 wp-block-post-date has-text-color has-base-color has-s-font-size\"><time datetime=\"2011-12-09T12:42:32+00:00\">9 December 2011<\/time><\/div>\n\n\n<h1 class=\"wp-block-heading post-title\"><strong>Berti<\/strong> und <strong>Farben auf Wasserbasis<\/strong>: <strong>eine neue<\/strong> Pflanze f\u00fcr eine <strong>neue \u00f6kologische Perspektive<\/strong><\/h1>\n\n\n\n<h2 class=\"wp-block-heading post-subtitle\" style=\"margin-bottom:var(--wp--preset--spacing--20)\">Dank seines st\u00e4ndigen Engagements in der Forschung, der Entwicklung neuer Technologien und der Erweiterung seiner Produktionskapazit\u00e4ten ist <strong>Berti<\/strong> zum Synonym f\u00fcr \u00d6kologie und h\u00f6chste Qualit\u00e4t geworden.<\/h2>\n\n\n\n<p>Ab Januar 2012 wird Berti n\u00e4mlich die neue <strong>Mega-Lackieranlage<\/strong> in Betrieb nehmen <strong>, die Lacke auf Wasserbasis verwendet<\/strong>: eine Anlage mit einer L\u00e4nge von 250 Laufmetern, die im Panorama der europ\u00e4ischen Holzfu\u00dfbodenhersteller ihresgleichen sucht. Dieses System wurde in der neuen Anlage mit den neuesten Anlagentechnologien realisiert, die f\u00fcr die Bed\u00fcrfnisse der Holzbehandlung und -veredelung entwickelt wurden, dank L\u00f6sungen, die ein absolutes Qualit\u00e4ts- und Zuverl\u00e4ssigkeitsniveau garantieren. <\/p>\n\n\n\n<figure class=\"wp-block-image size-full\"><img loading=\"lazy\" decoding=\"async\" width=\"2560\" height=\"808\" src=\"https:\/\/www.berti.net\/wp-content\/uploads\/2011\/12\/nuova-linea-verniciatura-1-scaled.jpg\" alt=\"\" class=\"wp-image-10546\" srcset=\"https:\/\/berti.net\/wp-content\/uploads\/2011\/12\/nuova-linea-verniciatura-1-scaled.jpg 2560w, https:\/\/berti.net\/wp-content\/uploads\/2011\/12\/nuova-linea-verniciatura-1-812x256.jpg 812w, https:\/\/berti.net\/wp-content\/uploads\/2011\/12\/nuova-linea-verniciatura-1-1920x606.jpg 1920w, https:\/\/berti.net\/wp-content\/uploads\/2011\/12\/nuova-linea-verniciatura-1-768x243.jpg 768w, https:\/\/berti.net\/wp-content\/uploads\/2011\/12\/nuova-linea-verniciatura-1-1536x485.jpg 1536w, https:\/\/berti.net\/wp-content\/uploads\/2011\/12\/nuova-linea-verniciatura-1-2048x647.jpg 2048w\" sizes=\"auto, (max-width: 2560px) 100vw, 2560px\" \/><\/figure>\n\n\n\n<p class=\"has-xxs-font-size\">Neue Berti-Lackieranlage<\/p>\n\n\n\n<p>Das Produkt durchl\u00e4uft die Beschichtungsanlage mit einer Geschwindigkeit von etwa 10 Metern pro Minute und durchl\u00e4uft dabei die verschiedenen Stadien des Zyklus, darunter:<\/p>\n\n\n\n<ol class=\"wp-block-list\">\n<li>Kalibrierung,<\/li>\n\n\n\n<li>b\u00fcrsten,<\/li>\n\n\n\n<li>Durchgang im Ofen zum Trocknen,<\/li>\n\n\n\n<li>Abf\u00fcllmaschinen,<\/li>\n\n\n\n<li>Schleifmaschinen,<\/li>\n\n\n\n<li>b\u00fcrsten,<\/li>\n\n\n\n<li>Farbstoff auf Wasserbasis,<\/li>\n\n\n\n<li>Farbstofftrocknung,<\/li>\n\n\n\n<li>Abf\u00fcllmaschinen,<\/li>\n\n\n\n<li>Schleifen,<\/li>\n\n\n\n<li>Abf\u00fcllmaschinen,<\/li>\n\n\n\n<li>Schleifen,<\/li>\n\n\n\n<li>Schleierfarbe,<\/li>\n\n\n\n<li>Trocknen im Ofen.<\/li>\n<\/ol>\n\n\n\n<p>Nach etwa 25 Minuten und 14 Arbeitsschritten ist das Produkt bereit f\u00fcr die letzte Phase: Die abgeschr\u00e4gten Bretter sind bereit f\u00fcr die Verpackung, w\u00e4hrend die anderen Produkte ohne Abschr\u00e4gung die letzte Formungsphase durchlaufen m\u00fcssen.<\/p>\n\n\n\n<p>Berti hat beschlossen, sich auf die Seite der Umwelt zu stellen und eine ganzheitliche Sichtweise auf die Umwelt zu wahren. Aus diesem Grund genie\u00dfen die Produktionsabteilung und das Werk einen gr\u00f6\u00dferen Schutz: alle Emissionen in die Umwelt wurden eliminiert. Wie wurde dies erreicht?  <\/p>\n\n\n\n<figure class=\"wp-block-image size-full\"><img loading=\"lazy\" decoding=\"async\" width=\"800\" height=\"533\" src=\"https:\/\/www.berti.net\/wp-content\/uploads\/2011\/12\/nuova-linea-verniciatura-11.jpg\" alt=\"\" class=\"wp-image-10550\" srcset=\"https:\/\/berti.net\/wp-content\/uploads\/2011\/12\/nuova-linea-verniciatura-11.jpg 800w, https:\/\/berti.net\/wp-content\/uploads\/2011\/12\/nuova-linea-verniciatura-11-768x512.jpg 768w\" sizes=\"auto, (max-width: 800px) 100vw, 800px\" \/><\/figure>\n\n\n\n<p>Ab Januar 2012 wird Berti Pavimenti Legno der einzige Hersteller in Italien sein, der <strong>Lacke auf Wasserbasis<\/strong> f\u00fcr die Oberfl\u00e4chenbehandlung von Parkett verwendet. Diese Art von Lack, die in der neuen Anlage verwendet wird, erm\u00f6glicht es uns, weiterhin ein Produkt zu haben, das seine Eigenschaften in Bezug auf Widerstandsf\u00e4higkeit, Qualit\u00e4t, H\u00e4rte und Aussehen beibeh\u00e4lt. Wir haben die \u00f6kologischen Bedingungen verbessert, indem wir die Produktionsanlage umstrukturiert, die Produktionskapazit\u00e4t erh\u00f6ht und gleichzeitig den hohen Qualit\u00e4tsstandard aufrechterhalten haben.  <\/p>\n\n\n\n<p>Diese Entscheidung steht im Einklang mit dem Wunsch, die Ressourcen zu sch\u00fctzen, mit denen wir bei Berti jeden Tag arbeiten, sowie die<strong>Umwelt<\/strong>, die uns umgibt. Der Wunsch, umweltfreundliche Produkte herzustellen, qualifiziert uns als Unternehmen, das eine aktive Rolle im Umweltschutz spielt. <\/p>\n\n\n\n<p>Die Produkte von <strong>Berti<\/strong> in den Kategorien Lux, Antico und Basic sind so konzipiert und gestaltet, dass sie dank der Verwendung von Farben auf Wasserbasis die Produktionsaktivit\u00e4ten mit der Umwelt in Einklang bringen und integrieren. Die neue Produktlinie ist auch darauf ausgerichtet, dank der Farben auf Wasserbasis naturalisierte und gebleichte Oberfl\u00e4chen zu entwickeln, bis hin zu den sich st\u00e4ndig erneuernden Farben von <strong>BertiStudio<\/strong>. Die Wasserlacke von Berti schonen die Umwelt: Sie weisen 95% weniger sch\u00e4dliche Emissionen auf als ein normaler Lack auf L\u00f6sungsmittelbasis, w\u00e4hrend sie gleichzeitig einen hervorragenden professionellen Qualit\u00e4tsstandard beibehalten. <strong>Diese Produkte werden von Berti garantiert<\/strong>.  <\/p>\n\n\n\n<figure class=\"wp-block-image size-full\"><img loading=\"lazy\" decoding=\"async\" width=\"428\" height=\"184\" src=\"https:\/\/www.berti.net\/wp-content\/uploads\/2011\/12\/vantaggi-vernice-ad-acqua.jpg\" alt=\"\" class=\"wp-image-10553\"\/><\/figure>\n\n\n\n<p class=\"has-xxs-font-size\">Neue Berti-Lackieranlage<\/p>\n<\/div>\n<\/div>\n\n\n\n<div class=\"wp-block-column is-layout-flow wp-container-core-column-is-layout-22223934 wp-block-column-is-layout-flow\" style=\"flex-basis:50%\">\n<figure class=\"wp-block-image size-full\"><img loading=\"lazy\" decoding=\"async\" width=\"800\" height=\"533\" src=\"https:\/\/www.berti.net\/wp-content\/uploads\/2011\/12\/nuova-linea-verniciatura-3.jpg\" alt=\"\" class=\"wp-image-10556\" srcset=\"https:\/\/berti.net\/wp-content\/uploads\/2011\/12\/nuova-linea-verniciatura-3.jpg 800w, https:\/\/berti.net\/wp-content\/uploads\/2011\/12\/nuova-linea-verniciatura-3-768x512.jpg 768w\" sizes=\"auto, (max-width: 800px) 100vw, 800px\" \/><\/figure>\n\n\n\n<figure class=\"wp-block-image size-full\"><img loading=\"lazy\" decoding=\"async\" width=\"800\" height=\"533\" src=\"https:\/\/www.berti.net\/wp-content\/uploads\/2011\/12\/nuova-linea-verniciatura-4.jpg\" alt=\"\" class=\"wp-image-10559\" srcset=\"https:\/\/berti.net\/wp-content\/uploads\/2011\/12\/nuova-linea-verniciatura-4.jpg 800w, https:\/\/berti.net\/wp-content\/uploads\/2011\/12\/nuova-linea-verniciatura-4-768x512.jpg 768w\" sizes=\"auto, (max-width: 800px) 100vw, 800px\" \/><\/figure>\n\n\n\n<figure class=\"wp-block-image size-full\"><img loading=\"lazy\" decoding=\"async\" width=\"800\" height=\"533\" src=\"https:\/\/www.berti.net\/wp-content\/uploads\/2011\/12\/nuova-linea-verniciatura-5.jpg\" alt=\"\" class=\"wp-image-10562\" srcset=\"https:\/\/berti.net\/wp-content\/uploads\/2011\/12\/nuova-linea-verniciatura-5.jpg 800w, https:\/\/berti.net\/wp-content\/uploads\/2011\/12\/nuova-linea-verniciatura-5-768x512.jpg 768w\" sizes=\"auto, (max-width: 800px) 100vw, 800px\" \/><\/figure>\n\n\n\n<figure class=\"wp-block-image size-full\"><img loading=\"lazy\" decoding=\"async\" width=\"800\" height=\"533\" src=\"https:\/\/www.berti.net\/wp-content\/uploads\/2011\/12\/nuova-linea-verniciatura-6.jpg\" alt=\"\" class=\"wp-image-10565\" srcset=\"https:\/\/berti.net\/wp-content\/uploads\/2011\/12\/nuova-linea-verniciatura-6.jpg 800w, https:\/\/berti.net\/wp-content\/uploads\/2011\/12\/nuova-linea-verniciatura-6-768x512.jpg 768w\" sizes=\"auto, (max-width: 800px) 100vw, 800px\" \/><\/figure>\n\n\n\n<figure class=\"wp-block-image size-full\"><img loading=\"lazy\" decoding=\"async\" width=\"800\" height=\"533\" src=\"https:\/\/www.berti.net\/wp-content\/uploads\/2011\/12\/nuova-linea-verniciatura-7.jpg\" alt=\"\" class=\"wp-image-10568\" srcset=\"https:\/\/berti.net\/wp-content\/uploads\/2011\/12\/nuova-linea-verniciatura-7.jpg 800w, https:\/\/berti.net\/wp-content\/uploads\/2011\/12\/nuova-linea-verniciatura-7-768x512.jpg 768w\" sizes=\"auto, (max-width: 800px) 100vw, 800px\" \/><\/figure>\n\n\n\n<figure class=\"wp-block-image size-full\"><img loading=\"lazy\" decoding=\"async\" width=\"800\" height=\"533\" src=\"https:\/\/www.berti.net\/wp-content\/uploads\/2011\/12\/nuova-linea-verniciatura-8.jpg\" alt=\"\" class=\"wp-image-10571\" srcset=\"https:\/\/berti.net\/wp-content\/uploads\/2011\/12\/nuova-linea-verniciatura-8.jpg 800w, https:\/\/berti.net\/wp-content\/uploads\/2011\/12\/nuova-linea-verniciatura-8-768x512.jpg 768w\" sizes=\"auto, (max-width: 800px) 100vw, 800px\" \/><\/figure>\n\n\n\n<p>Zu diesem Thema lesen Sie bitte auch den Beitrag:<\/p>\n\n\n\n<p><strong><a href=\"https:\/\/blog.berti.net\/lultimo-saluto-allo-storico-impianto-di-verniciatura-di-berti\">Der letzte Abschied von Bertis historischer Lackiererei&#8217;.<\/a><\/strong><\/p>\n\n\n\n<p>Wir lassen Sie mit einem Video zur\u00fcck, das die Aktivit\u00e4ten in der neuen Lackieranlage auf Wasserbasis zeigt. Die Bilder sind wirklich beeindruckend: Kommen Sie mit uns und sehen Sie mit eigenen Augen, wie wir bei Berti arbeiten! <\/p>\n\n\n\n<figure class=\"wp-block-embed is-type-video is-provider-youtube wp-block-embed-youtube wp-embed-aspect-16-9 wp-has-aspect-ratio\"><div class=\"wp-block-embed__wrapper\">\n<iframe loading=\"lazy\" title=\"Berti e la vernice ad acqua: nuovo impianto per una nuova prospettiva ecologica\" width=\"500\" height=\"281\" src=\"https:\/\/www.youtube.com\/embed\/0buKWKUwIhc?feature=oembed\" frameborder=\"0\" allow=\"accelerometer; autoplay; clipboard-write; encrypted-media; gyroscope; picture-in-picture; web-share\" referrerpolicy=\"strict-origin-when-cross-origin\" allowfullscreen><\/iframe>\n<\/div><\/figure>\n<\/div>\n<\/div>\n\n\n\n<div class=\"wp-block-group post-categories has-global-padding is-content-justification-left is-layout-constrained wp-container-core-group-is-layout-836d34cb wp-block-group-is-layout-constrained\" style=\"margin-top:var(--wp--preset--spacing--70);font-size:11px\">\n<div class=\"wp-block-group is-content-justification-center is-nowrap is-layout-flex wp-container-core-group-is-layout-60758a6d wp-block-group-is-layout-flex\">\n<p>Magazin \/<\/p>\n\n\n<div class=\"taxonomy-category wp-block-post-terms\"><a href=\"https:\/\/berti.net\/de\/magazine\/category\/produkte\/\" rel=\"tag\">Produkte<\/a><span class=\"wp-block-post-terms__separator\">, <\/span><a href=\"https:\/\/berti.net\/de\/magazine\/category\/projekte\/\" rel=\"tag\">Projekte<\/a><\/div><\/div>\n<\/div>\n<\/div>\n\n<p><\/p>\n","protected":false},"excerpt":{"rendered":"<p>Berti und Farbe auf Wasserbasis<\/p>\n","protected":false},"author":9,"featured_media":23589,"comment_status":"closed","ping_status":"closed","sticky":false,"template":"","format":"standard","meta":{"footnotes":""},"categories":[161,179],"tags":[],"class_list":["post-23586","post","type-post","status-publish","format-standard","has-post-thumbnail","hentry","category-produkte","category-projekte"],"_links":{"self":[{"href":"https:\/\/berti.net\/de\/wp-json\/wp\/v2\/posts\/23586","targetHints":{"allow":["GET"]}}],"collection":[{"href":"https:\/\/berti.net\/de\/wp-json\/wp\/v2\/posts"}],"about":[{"href":"https:\/\/berti.net\/de\/wp-json\/wp\/v2\/types\/post"}],"author":[{"embeddable":true,"href":"https:\/\/berti.net\/de\/wp-json\/wp\/v2\/users\/9"}],"replies":[{"embeddable":true,"href":"https:\/\/berti.net\/de\/wp-json\/wp\/v2\/comments?post=23586"}],"version-history":[{"count":1,"href":"https:\/\/berti.net\/de\/wp-json\/wp\/v2\/posts\/23586\/revisions"}],"predecessor-version":[{"id":23619,"href":"https:\/\/berti.net\/de\/wp-json\/wp\/v2\/posts\/23586\/revisions\/23619"}],"wp:featuredmedia":[{"embeddable":true,"href":"https:\/\/berti.net\/de\/wp-json\/wp\/v2\/media\/23589"}],"wp:attachment":[{"href":"https:\/\/berti.net\/de\/wp-json\/wp\/v2\/media?parent=23586"}],"wp:term":[{"taxonomy":"category","embeddable":true,"href":"https:\/\/berti.net\/de\/wp-json\/wp\/v2\/categories?post=23586"},{"taxonomy":"post_tag","embeddable":true,"href":"https:\/\/berti.net\/de\/wp-json\/wp\/v2\/tags?post=23586"}],"curies":[{"name":"wp","href":"https:\/\/api.w.org\/{rel}","templated":true}]}}