{"id":23583,"date":"2012-04-10T14:50:11","date_gmt":"2012-04-10T14:50:11","guid":{"rendered":"https:\/\/www.berti.net\/magazine\/ein-gesprach-mit-maurizio-vernata-sie-konnen-die-leidenschaft-spuren\/"},"modified":"2025-06-05T07:40:43","modified_gmt":"2025-06-05T07:40:43","slug":"ein-gesprach-mit-maurizio-vernata-sie-konnen-die-leidenschaft-spuren","status":"publish","type":"post","link":"https:\/\/berti.net\/de\/magazine\/ein-gesprach-mit-maurizio-vernata-sie-konnen-die-leidenschaft-spuren\/","title":{"rendered":"Ein Gespr\u00e4ch mit Maurizio Vernata: Sie k\u00f6nnen die Leidenschaft sp\u00fcren."},"content":{"rendered":"\n<div class=\"wp-block-group post-detail-pattern is-container has-base-2-color has-contrast-background-color has-text-color has-background has-link-color wp-elements-e7dfce4ae3c6466a1962d08575e320f5 has-global-padding is-layout-constrained wp-block-group-is-layout-constrained\" style=\"margin-top:0;margin-bottom:0;padding-top:var(--wp--preset--spacing--70);padding-bottom:var(--wp--preset--spacing--70)\">\n<div class=\"wp-block-columns alignwide is-layout-flex wp-container-core-columns-is-layout-d125203f wp-block-columns-is-layout-flex\" style=\"margin-bottom:var(--wp--preset--spacing--50)\">\n<div class=\"wp-block-column is-vertically-aligned-stretch is-layout-flow wp-block-column-is-layout-flow\" style=\"padding-right:0;flex-basis:50%\">\n<div class=\"wp-block-group is-vertical is-content-justification-stretch is-layout-flex wp-container-core-group-is-layout-e9e70883 wp-block-group-is-layout-flex\" style=\"min-height:100%\">\n<div class=\"wp-block-group post-categories is-nowrap is-layout-flex wp-container-core-group-is-layout-3155b93e wp-block-group-is-layout-flex\" style=\"margin-top:var(--wp--preset--spacing--20);font-size:11px\">\n<p>Magazin \/<\/p>\n\n\n<div class=\"taxonomy-category wp-block-post-terms\"><a href=\"https:\/\/berti.net\/de\/magazine\/category\/produkte\/\" rel=\"tag\">Produkte<\/a><span class=\"wp-block-post-terms__separator\">, <\/span><a href=\"https:\/\/berti.net\/de\/magazine\/category\/projekte\/\" rel=\"tag\">Projekte<\/a><\/div><\/div>\n\n\n<div style=\"font-style:normal;font-weight:600;text-transform:uppercase;\" class=\"has-link-color wp-elements-32859cd979b45056895d81c5660c23a0 wp-block-post-date has-text-color has-base-color has-s-font-size\"><time datetime=\"2012-04-10T14:50:11+00:00\">10 April 2012<\/time><\/div>\n\n\n<h1 class=\"wp-block-heading post-title\">Ein Gespr\u00e4ch mit <strong>Maurizio Vernata<\/strong>: Sie k\u00f6nnen die Leidenschaft sp\u00fcren.<\/h1>\n\n\n\n<h2 class=\"wp-block-heading post-subtitle\" style=\"margin-bottom:var(--wp--preset--spacing--20)\">Wir hielten es f\u00fcr richtig, in diesem Blog denjenigen Raum und Stimme zu geben, die wirklich ein aktiver Teil unseres Unternehmens sind, und dies ist nur die erste von vielen Episoden, die wir Ihnen in K\u00fcrze vorschlagen werden. Zun\u00e4chst m\u00f6chten wir Ihnen <strong>Maurizio Vernata<\/strong> vorstellen, der seit fast zehn Jahren f\u00fcr Berti Pavimenti arbeitet und in der Region Latium t\u00e4tig ist. Wir haben mit ihm Worte, Ideen und Eindr\u00fccke ausgetauscht&#8230;  <\/h2>\n\n\n\n<figure class=\"wp-block-image size-full is-style-default\"><img loading=\"lazy\" decoding=\"async\" width=\"720\" height=\"480\" src=\"https:\/\/www.berti.net\/wp-content\/uploads\/2012\/04\/maurizio_vernata01.jpg\" alt=\"\" class=\"wp-image-10309\"\/><\/figure>\n\n\n\n<p><strong><em>Hallo Maurizio, m\u00f6chten Sie es uns in ein paar Worten sagen, vielleicht nur in 140 Buchstaben, damit es auch wirklich als \u201eTweet\u201c ankommt?<\/em><\/strong><br\/>Guten Morgen, ich bin Maurizio Vernata, geboren und aufgewachsen in Perugia in einer vorbildlichen Familie, mit einer Mutter, die kaufm\u00e4nnische Direktorin war, und einem Vater, der Fu\u00dfball gespielt und dann trainiert hat. Ich lebe seit 1994 in Rom, bin 46 Jahre alt, ehemaliger Lehrer an einer Schule und Universit\u00e4t, ISEF-Absolvent, Absolvent der Motorwissenschaften und Spezialist am Institut Serafico in Assisi, mit zwei Ver\u00f6ffentlichungen und neun Examen in Wirtschaft und Business, und all dies habe ich in meinem vorherigen \u201eLeben\u201c erreicht.<br\/>Heute: aufgrund des Fehlens eines lieben Freundes, der gl\u00fccklicherweise Verkaufsleiter der <em><strong>House srl Vertretungsgesellschaft<\/strong><\/em> die 1996 gegr\u00fcndet wurde und ihren Sitz in Rom hat, und Hofberater f\u00fcr den Bereich Holzfu\u00dfb\u00f6den und \u00e4hnliches, aber vor allem Vater eines wunderbaren 5-j\u00e4hrigen M\u00e4dchens namens Carolina, von dem ich t\u00e4glich Motivation und Lebensfreude erhalte.<\/p>\n\n\n\n<p><strong><em>Wie lange arbeiten Sie schon f\u00fcr Berti Pavimenti?<\/em><\/strong><br\/>Unser Unternehmen arbeitet seit fast zehn Jahren mit Berti zusammen, genauer gesagt seit der Saison 2002-2003.<\/p>\n\n\n\n<p><em><strong>Diese Frage mag sicherlich voreingenommen sein, aber es w\u00e4re f\u00fcr uns interessant, von Ihnen zu erfahren, welche Werte und Eigenschaften Sie am meisten an dem Unternehmen sch\u00e4tzen?<\/strong><\/em><br\/>Die Beziehung ist im Laufe der Zeit durch gegenseitige menschliche und berufliche Bekanntschaft gewachsen. Beides war die Grundlage f\u00fcr die Strukturierung eines Weges, der in der Arbeit und mit der Arbeit lebt, aber durch die Wertsch\u00e4tzung, das Vertrauen und die Zuneigung, die die Familie Berti zu vermitteln vermag, gehoben und gefestigt wird.<br\/>Der Karriereweg war und ist gespickt mit Initiativen, die in einer Branche wie der unseren einzigartig sind: Meetings, Verkaufs- und Schulungskurse, Gestaltung und Entwicklung von Partnershops, lokale und nationale Messen sind das, was uns dank der Arbeit von Matteo Berti von der Konkurrenz unterscheidet.<br\/>Die Seriosit\u00e4t von Giancarlo und Andrea Berti, ihre produktiven und intuitiven F\u00e4higkeiten, die Innovation und die kontinuierliche Forschung und Entwicklung vervollst\u00e4ndigen das Bild eines Unternehmens, das in hohem Ma\u00dfe kontextualisiert ist, was nat\u00fcrlich den entbehrlichen Inhalt des Unternehmens f\u00fcr das Verkaufspersonal auf dem Markt exponentiell erh\u00f6ht.<\/p>\n\n\n\n<p><strong><em>Gerade Latium, die Region, in der Sie t\u00e4tig sind, war und ist f\u00fcr das Unternehmen ein Bereich gro\u00dfer Zufriedenheit. Was sind die Schl\u00fcssel zum Erfolg f\u00fcr Sie und Ihr Team auf dem heutigen Markt? <\/em><\/strong><br\/>Latium h\u00e4tte schon lange eine f\u00fchrende Region sein m\u00fcssen, und das ist zum Teil auch eingetreten. Da wir auf eine Gruppe von Fachleuten zur\u00fcckgreifen k\u00f6nnen, die sich schon immer diesem Sektor gewidmet haben, war es m\u00f6glich, die Wachstumszeiten zu verk\u00fcrzen.<br\/>Nat\u00fcrlich gehen das Team und das Unternehmen gemeinsam mit starker Entschlossenheit und dem unbedingten Willen vor, immer wieder neue ehrgeizige Ziele zu erreichen.<br\/>Professionalit\u00e4t, Service, Verf\u00fcgbarkeit, Pr\u00e4senz und <em>Probleml\u00f6sung<\/em> nach dem Verkauf sind die Eigenschaften, die wir dem Markt vorzuschlagen versuchen und von denen wir glauben, dass sie die richtigen Motivationshebel sind, und die wir daher mit Aktivit\u00e4ten wie lokalen Messen, Treffen und Mitarbeiterschulungen unterst\u00fctzen. Dies ist, kurz gesagt, unsere externe T\u00e4tigkeit, w\u00e4hrend das B\u00fcro die Arbeit der Werbung mit der Verwaltung von Bestellungen, Lieferungen, Angeboten und der administrativen Kontrolle vervollst\u00e4ndigt.  <\/p>\n\n\n\n<figure class=\"wp-block-image size-full is-style-default\"><img loading=\"lazy\" decoding=\"async\" width=\"720\" height=\"480\" src=\"https:\/\/www.berti.net\/wp-content\/uploads\/2012\/04\/maurizio_vernata02.jpg\" alt=\"\" class=\"wp-image-10312\"\/><\/figure>\n<\/div>\n<\/div>\n\n\n\n<div class=\"wp-block-column is-layout-flow wp-container-core-column-is-layout-22223934 wp-block-column-is-layout-flow\" style=\"flex-basis:50%\">\n<p><em><strong>Und was denken Sie \u00fcber soziale Netzwerke? Halten Sie sie f\u00fcr ein echtes Instrument der Mundpropaganda unter den Nutzern und der Kommunikation\/des Dialogs zwischen Unternehmen und Kunden? <\/strong><\/em><br\/>Soziale Netzwerke ja! Ich denke, es ist ein unverzichtbares und unentbehrliches Kommunikationsmittel, im Dialog zwischen Unternehmen und Kunden ist es grundlegend und sehr willkommen, wahrscheinlich ist es heute das Vorrecht vieler (vor allem der neuen Generationen), aber nicht aller.<br\/>Der einzige Hinweis, wahrscheinlich in einem besonders problematischen sozialen Moment, umso mehr muss diese Art der F\u00f6rderung durch die zwischenmenschliche Beziehung unterst\u00fctzt werden.<br\/>Der Benutzer oder der Fachmann muss erstens durch die Kommunikation sensibilisiert und zweitens in allen Aspekten, die einem Gesch\u00e4ftsvorschlag folgen, unterst\u00fctzt werden. <\/p>\n\n\n\n<p><em><strong>Beziehungen sind ein wichtiger Aspekt, insbesondere offline und in einem Unternehmen wie dem Ihren: Wie gehen Sie auf all die Menschen in Ihrem Arbeitsnetzwerk zu?<\/strong><\/em><br\/>Bei dieser T\u00e4tigkeit muss man versuchen, die nat\u00fcrlichen Neigungen und psychologischen Eigenschaften der Mitarbeiter so weit wie m\u00f6glich zu nutzen und zu entwickeln.<br\/>Motivation, Positivit\u00e4t, Zufriedenheit, noch vor dem nicht zu vernachl\u00e4ssigenden wirtschaftlichen Aspekt, sind unserer Meinung nach die grundlegenden Komponenten, die jeden Berufst\u00e4tigen unterst\u00fctzen sollten.<br\/>Das Haus wurde gegr\u00fcndet, um in erster Linie eine Arbeitsgruppe zu sein. Die Tendenz geht also dahin, die klassischen Organigramme von Unternehmen und die Eigenschaften der Fachleute, die t\u00e4glich zusammenarbeiten, aufzubrechen.<br\/>Unsere Vermutung geht so weit, dass wir glauben, dass F\u00e4higkeiten, Spezialisierungen und Begabungen auf diese Weise exponentiell gesteigert werden k\u00f6nnen und &#8211; zu Recht &#8211; nat\u00fcrlich zu Strategien und zur Erreichung von Zielen f\u00fchren.<\/p>\n\n\n\n<figure class=\"wp-block-image size-full is-style-default\"><img loading=\"lazy\" decoding=\"async\" width=\"720\" height=\"480\" src=\"https:\/\/www.berti.net\/wp-content\/uploads\/2012\/04\/maurizio_vernata03.jpg\" alt=\"\" class=\"wp-image-10315\"\/><\/figure>\n\n\n\n<p><em><strong>Drei gute gesch\u00e4ftliche und pers\u00f6nliche Vors\u00e4tze f\u00fcr 2012?<\/strong><\/em><br\/>In der Arbeitsschublade haben wir: Budget, \u00dcberarbeitung des Kundenstamms, Abdeckung von Marktbereichen, die auf der Strecke geblieben sind.<br\/>Projekte: lokale Messen, aber vor allem die Realisierung einer Logistikhalle mit angrenzender Ausstellungshalle als Pilotzentrum f\u00fcr Meetings, Personal Training, Events usw.<br\/>Wachstum ist das Stichwort f\u00fcr uns!<\/p>\n<\/div>\n<\/div>\n\n\n\n<div class=\"wp-block-group post-categories has-global-padding is-content-justification-left is-layout-constrained wp-container-core-group-is-layout-836d34cb wp-block-group-is-layout-constrained\" style=\"margin-top:var(--wp--preset--spacing--70);font-size:11px\">\n<div class=\"wp-block-group is-content-justification-center is-nowrap is-layout-flex wp-container-core-group-is-layout-60758a6d wp-block-group-is-layout-flex\">\n<p>Magazin \/<\/p>\n\n\n<div class=\"taxonomy-category wp-block-post-terms\"><a href=\"https:\/\/berti.net\/de\/magazine\/category\/produkte\/\" rel=\"tag\">Produkte<\/a><span class=\"wp-block-post-terms__separator\">, <\/span><a href=\"https:\/\/berti.net\/de\/magazine\/category\/projekte\/\" rel=\"tag\">Projekte<\/a><\/div><\/div>\n<\/div>\n<\/div>\n\n<p><\/p>\n","protected":false},"excerpt":{"rendered":"<p>Ab heute wird die Berti Havanna-Kollektion um drei Linien erweitert: Havana Decking, Havana Wpc und Havana Tech.<\/p>\n","protected":false},"author":9,"featured_media":23587,"comment_status":"closed","ping_status":"closed","sticky":false,"template":"","format":"standard","meta":{"footnotes":""},"categories":[161,179],"tags":[],"class_list":["post-23583","post","type-post","status-publish","format-standard","has-post-thumbnail","hentry","category-produkte","category-projekte"],"_links":{"self":[{"href":"https:\/\/berti.net\/de\/wp-json\/wp\/v2\/posts\/23583","targetHints":{"allow":["GET"]}}],"collection":[{"href":"https:\/\/berti.net\/de\/wp-json\/wp\/v2\/posts"}],"about":[{"href":"https:\/\/berti.net\/de\/wp-json\/wp\/v2\/types\/post"}],"author":[{"embeddable":true,"href":"https:\/\/berti.net\/de\/wp-json\/wp\/v2\/users\/9"}],"replies":[{"embeddable":true,"href":"https:\/\/berti.net\/de\/wp-json\/wp\/v2\/comments?post=23583"}],"version-history":[{"count":1,"href":"https:\/\/berti.net\/de\/wp-json\/wp\/v2\/posts\/23583\/revisions"}],"predecessor-version":[{"id":23605,"href":"https:\/\/berti.net\/de\/wp-json\/wp\/v2\/posts\/23583\/revisions\/23605"}],"wp:featuredmedia":[{"embeddable":true,"href":"https:\/\/berti.net\/de\/wp-json\/wp\/v2\/media\/23587"}],"wp:attachment":[{"href":"https:\/\/berti.net\/de\/wp-json\/wp\/v2\/media?parent=23583"}],"wp:term":[{"taxonomy":"category","embeddable":true,"href":"https:\/\/berti.net\/de\/wp-json\/wp\/v2\/categories?post=23583"},{"taxonomy":"post_tag","embeddable":true,"href":"https:\/\/berti.net\/de\/wp-json\/wp\/v2\/tags?post=23583"}],"curies":[{"name":"wp","href":"https:\/\/api.w.org\/{rel}","templated":true}]}}