{"id":23572,"date":"2012-03-12T15:39:09","date_gmt":"2012-03-12T15:39:09","guid":{"rendered":"https:\/\/www.berti.net\/magazine\/chatkaffee-mit-marco-piva\/"},"modified":"2025-06-05T07:40:43","modified_gmt":"2025-06-05T07:40:43","slug":"chatkaffee-mit-marco-piva","status":"publish","type":"post","link":"https:\/\/berti.net\/de\/magazine\/chatkaffee-mit-marco-piva\/","title":{"rendered":"Chat&amp;Kaffee mit&#8230; Marco Piva"},"content":{"rendered":"\n<div class=\"wp-block-group post-detail-pattern is-container has-base-2-color has-contrast-background-color has-text-color has-background has-link-color wp-elements-811c3fb4a9edc9234d6fa0e00e8781fe has-global-padding is-layout-constrained wp-block-group-is-layout-constrained\" style=\"margin-top:0;margin-bottom:0;padding-top:var(--wp--preset--spacing--70);padding-bottom:var(--wp--preset--spacing--70)\">\n<div class=\"wp-block-columns alignwide is-layout-flex wp-container-core-columns-is-layout-d125203f wp-block-columns-is-layout-flex\" style=\"margin-bottom:var(--wp--preset--spacing--50)\">\n<div class=\"wp-block-column is-vertically-aligned-stretch is-layout-flow wp-block-column-is-layout-flow\" style=\"padding-right:0;flex-basis:50%\">\n<div class=\"wp-block-group is-vertical is-content-justification-stretch is-layout-flex wp-container-core-group-is-layout-e9e70883 wp-block-group-is-layout-flex\" style=\"min-height:100%\">\n<div class=\"wp-block-group post-categories is-nowrap is-layout-flex wp-container-core-group-is-layout-3155b93e wp-block-group-is-layout-flex\" style=\"margin-top:var(--wp--preset--spacing--20);font-size:11px\">\n<p>Magazin \/<\/p>\n\n\n<div class=\"taxonomy-category wp-block-post-terms\"><a href=\"https:\/\/berti.net\/de\/magazine\/category\/produkte\/\" rel=\"tag\">Produkte<\/a><span class=\"wp-block-post-terms__separator\">, <\/span><a href=\"https:\/\/berti.net\/de\/magazine\/category\/projekte\/\" rel=\"tag\">Projekte<\/a><\/div><\/div>\n\n\n<div style=\"font-style:normal;font-weight:600;text-transform:uppercase;\" class=\"has-link-color wp-elements-32859cd979b45056895d81c5660c23a0 wp-block-post-date has-text-color has-base-color has-s-font-size\"><time datetime=\"2012-03-12T15:39:09+00:00\">12 March 2012<\/time><\/div>\n\n\n<h1 class=\"wp-block-heading post-title\">Chat&amp;Kaffee mit&#8230;<strong>Marco Piva<\/strong><\/h1>\n\n\n\n<h2 class=\"wp-block-heading post-subtitle\" style=\"margin-bottom:var(--wp--preset--spacing--20)\"><strong>Marco Piva<\/strong>, ein Absolvent des Mail\u00e4nder Polytechnikums, war ein Gr\u00fcndungsmitglied von <strong>Studiodada Associati<\/strong>, deren Produktion zu einer der repr\u00e4sentativsten der Periode des <strong>radikalen Designs<\/strong> wurde.<\/h2>\n\n\n\n<p>In den 1980er Jahren er\u00f6ffnete er das Studio Marco Piva, dessen T\u00e4tigkeit von gro\u00dfen Architekturprojekten bis hin zu Innenarchitektur und Industriedesign f\u00fcr renommierte M\u00f6belmarken reicht. Als Reisender, bevor er Designer wurde, studiert und entwirft er Designl\u00f6sungen, die von stilistischer Freiheit durchdrungen sind. Seine Objekte sind mit Emotionalit\u00e4t und neuer Symbolik aufgeladen, die Farben kontrastieren jeglichen Intellektualismus und Starrheit. Er hat zahlreiche Architektur- und Innenarchitekturprojekte in Italien und im Ausland (Japan, Dubai, Russland) realisiert. Er nimmt an Seminaren, Konferenzen, Ausstellungen und Messen in Italien und im Ausland teil, ist Autor mehrerer Publikationen und hat zahlreiche internationale Preise und Anerkennungen erhalten.   <\/p>\n\n\n\n<figure class=\"wp-block-image size-full is-style-default\"><img loading=\"lazy\" decoding=\"async\" width=\"350\" height=\"526\" src=\"https:\/\/www.berti.net\/wp-content\/uploads\/2012\/03\/Portrait_Marco-Piva_ok.jpg\" alt=\"\" class=\"wp-image-10366\"\/><\/figure>\n\n\n\n<p><strong>Kann man nach so vielen farbig lackierten Oberfl\u00e4chen sagen, dass freiliegendes Holz &#8211; einschlie\u00dflich Parkett &#8211; seinen dekorativen Wert in der Innenarchitektur zur\u00fcckgewinnt?<\/strong><\/p>\n\n\n\n<p><em>Es gibt definitiv eine R\u00fcckkehr zur Verwendung von Holz f\u00fcr die Inneneinrichtung, um die Sch\u00f6nheit des Holzes zu betonen. Sogar im Parkettbereich wird mit ungew\u00f6hnlichen Formen und Oberfl\u00e4chen experimentiert. Es gibt sogar eine ganze Reihe von sehr ungew\u00f6hnlichen H\u00f6lzern, die sehr farbenfroh sind und fast wie Regenb\u00f6gen aussehen: sehr gewagt, sehr stark, nicht sehr beruhigend, wenn Sie so wollen, aber dennoch ein Weg, den man f\u00fcr bestimmte Arten von R\u00e4umen oder bestimmte Arten von Kunden einschlagen k\u00f6nnte. Meiner pers\u00f6nlichen Meinung nach gewinnen jedoch immer die beruhigenden Essenzen, deren H\u00e4rte und Materialart bekannt sind und die daher eine gewisse Garantie f\u00fcr die Verwendung und Nutzung bieten. Handelt es sich hingegen um R\u00e4ume, die sich stark ver\u00e4ndern, wie in Einkaufszentren oder Einrichtungen, dann k\u00f6nnen Sie sich an gewagtere Farbgestaltungen wagen. Im Hotelbereich haben wir zum Beispiel ganz spezielle Suiten geschaffen, in denen wir mit wei\u00dfem Parkett experimentiert haben oder Holzvarianten mit k\u00fchlen, modernen Farben vorgeschlagen haben, die sich als sehr interessant erwiesen haben. Dar\u00fcber hinaus gibt es eine Reihe von H\u00f6lzern, die auf einer dreidimensionalen Ebene mit der Materialstruktur spielen und eine sehr starke Materialwahrnehmung vermitteln, vor allem, wenn man barfu\u00df darauf l\u00e4uft.     <\/em><\/p>\n\n\n\n<p><strong>Kann ein so spezifisches Produkt wie Parkett aktuelle Stiltrends \u201einterpretieren\u201c?<\/strong><\/p>\n\n\n\n<p><em>Meiner Meinung nach sieht der allgemeine stilistische Trend zum einen den geometrischen Aspekt als Protagonisten, weshalb die Parkettdielen immer mehr an Bedeutung gewinnen (es besteht die Tendenz, zwischen Breiten und Geometrien zu unterscheiden), und zum anderen die M\u00f6glichkeit der Kontamination zwischen verschiedenen Materialien. So k\u00f6nnen in das Parkett Eins\u00e4tze aus Metall oder anderen Materialien eingearbeitet werden, die die Oberfl\u00e4che reichhaltig und rhythmisch machen und nicht mehr v\u00f6llig homogen sind. Die neuesten und modernsten Farben finden sich schlie\u00dflich im \u00e4therischen Parkett, das zu wei\u00df tendiert und sehr sauber ist.  <\/em><\/p>\n\n\n\n<figure class=\"wp-block-image size-full is-style-default\"><img loading=\"lazy\" decoding=\"async\" width=\"1181\" height=\"791\" src=\"https:\/\/www.berti.net\/wp-content\/uploads\/2012\/03\/Move-Hotel-3.jpg\" alt=\"\" class=\"wp-image-10369\" srcset=\"https:\/\/berti.net\/wp-content\/uploads\/2012\/03\/Move-Hotel-3.jpg 1181w, https:\/\/berti.net\/wp-content\/uploads\/2012\/03\/Move-Hotel-3-812x544.jpg 812w, https:\/\/berti.net\/wp-content\/uploads\/2012\/03\/Move-Hotel-3-768x514.jpg 768w\" sizes=\"auto, (max-width: 1181px) 100vw, 1181px\" \/><\/figure>\n\n\n\n<p><strong>Hat Parkett keine Grenzen in der Wohnung? Kann Holz auch W\u00e4nde erobern? <\/strong><\/p>\n\n\n\n<p><em>Parkett ist sowohl im Bad als auch in der K\u00fcche eine relativ neue L\u00f6sung, auch wenn wir aus Gr\u00fcnden der Sauberkeit immer noch dazu neigen, mehr Materialien wie Marmor, Keramik oder Steingut zu verwenden. Dennoch kann Parkett in diesen R\u00e4umen durchaus funktionieren, vor allem wenn sie an das Wohnzimmer angrenzen und ein Gef\u00fchl der visuellen Kontinuit\u00e4t zwischen den R\u00e4umen gew\u00fcnscht ist. Nat\u00fcrlich muss das Wesen des Parketts sorgf\u00e4ltig auf seine Widerstandsf\u00e4higkeit gepr\u00fcft werden, gegebenenfalls mit speziellen Behandlungen. Die Verwendung von Boiserien birgt zweifellos ein gro\u00dfes Potenzial. Bei unseren Interventionen setzen wir sie h\u00e4ufig ein, um den Reichtum und die Einzigartigkeit der Projekte zu betonen, bei denen von Zeit zu Zeit eine Ad-hoc-Verkleidung auf der Grundlage eines Entwurfs entwickelt wird.   <\/em><\/p>\n\n\n\n<figure class=\"wp-block-image size-full is-style-default\"><img loading=\"lazy\" decoding=\"async\" width=\"2000\" height=\"1410\" src=\"https:\/\/www.berti.net\/wp-content\/uploads\/2012\/03\/Iradium_Leaf-2.jpg\" alt=\"\" class=\"wp-image-10372\" srcset=\"https:\/\/berti.net\/wp-content\/uploads\/2012\/03\/Iradium_Leaf-2.jpg 2000w, https:\/\/berti.net\/wp-content\/uploads\/2012\/03\/Iradium_Leaf-2-812x572.jpg 812w, https:\/\/berti.net\/wp-content\/uploads\/2012\/03\/Iradium_Leaf-2-1920x1354.jpg 1920w, https:\/\/berti.net\/wp-content\/uploads\/2012\/03\/Iradium_Leaf-2-768x541.jpg 768w, https:\/\/berti.net\/wp-content\/uploads\/2012\/03\/Iradium_Leaf-2-1536x1083.jpg 1536w\" sizes=\"auto, (max-width: 2000px) 100vw, 2000px\" \/><\/figure>\n\n\n\n<p><strong>Das Konzept des Parketts beinhaltet auch \u00f6kologische \u00dcberlegungen. Inwieweit k\u00f6nnen diese Ihrer Meinung nach die Kaufentscheidungen beeinflussen?<\/strong><\/p>\n\n\n\n<p><em>Das Thema \u00f6kologische Nachhaltigkeit ist heute sehr pr\u00e4sent, und die Menschen entscheiden sich f\u00fcr das gleiche Produkt, das umweltfreundlicher ist. Die zunehmende \u00f6kologische Sensibilit\u00e4t rechtfertigt daher die von den Unternehmen vorgeschlagenen Nachhaltigkeitsvorteile. <\/em><\/p>\n\n\n\n<p><em><\/em><strong>Wie beurteilen Sie die Ausbildung neuer Talente in den Bereichen Architektur und Design und deren Beziehung zu Unternehmen?<\/strong><\/p>\n\n\n\n<p><em>Unser akademisches Personal geh\u00f6rt in diesem Bereich sicherlich zu den besten, die international anerkannt sind. Unsere jungen Nachwuchskr\u00e4fte k\u00f6nnen eine umfassende und strategische Ausbildung genie\u00dfen. Leider muss man jedoch zugeben, dass die aktuelle Krise das Verh\u00e4ltnis zwischen Industrie und Designern ver\u00e4ndert hat. Die Industrie durchl\u00e4uft eine Phase gro\u00dfer Schwierigkeiten angesichts eines Marktes, sowohl in Italien als auch im Ausland, der zwar nicht zum Stillstand gekommen ist, sich aber deutlich verlangsamt hat und sehr selektiv geworden ist. Aus diesem Grund ziehen es die qualifiziertesten Unternehmen vor, in die Arbeit der erfahrensten und bekanntesten Designer zu investieren. Der Platz f\u00fcr junge Leute ist heute auf echte Talente beschr\u00e4nkt.     <\/em><\/p>\n\n\n\n<figure class=\"wp-block-image size-full is-style-default\"><img loading=\"lazy\" decoding=\"async\" width=\"950\" height=\"1181\" src=\"https:\/\/www.berti.net\/wp-content\/uploads\/2012\/03\/T-Hotel-1.jpg\" alt=\"\" class=\"wp-image-10375\" srcset=\"https:\/\/berti.net\/wp-content\/uploads\/2012\/03\/T-Hotel-1.jpg 950w, https:\/\/berti.net\/wp-content\/uploads\/2012\/03\/T-Hotel-1-653x812.jpg 653w, https:\/\/berti.net\/wp-content\/uploads\/2012\/03\/T-Hotel-1-768x955.jpg 768w\" sizes=\"auto, (max-width: 950px) 100vw, 950px\" \/><\/figure>\n<\/div>\n<\/div>\n\n\n\n<div class=\"wp-block-column is-layout-flow wp-container-core-column-is-layout-22223934 wp-block-column-is-layout-flow\" style=\"flex-basis:50%\">\n<p><strong>Individueller Stil und globaler Ansatz, was halten Sie davon?<\/strong><\/p>\n\n\n\n<p>Mittlerweile gibt es keinen Ort auf unserem Planeten mehr, der nicht entdeckt wurde. Die Wissenschaft hebt Entfernungen mit ein paar Flugstunden, einem Mausklick, einem Chat auf Skype auf. In meinem Designprozess habe ich mich immer auf ausl\u00e4ndische Werke bezogen. Es gibt viele historische Vorbilder. Meine Referenzen sind jedoch vor allem typologisch-organisatorischer Art, weniger formaler Art, da ich es vorziehe, von Zeit zu Zeit mit verschiedenen L\u00f6sungen zu experimentieren, um Projekte zu entwickeln, die Aspekte des formalen Charakters mit Aspekten des technologischen Charakters verbinden. Mein Stil basiert auf einer neuen Renaissance, einer Neuinterpretation der Eleganz mit Ankl\u00e4ngen an das Zeitgen\u00f6ssische, mit einem Schwerpunkt auf Material, Forschung und Einfachheit der Form.     <\/p>\n\n\n\n<figure class=\"wp-block-image size-full is-style-default\"><img loading=\"lazy\" decoding=\"async\" width=\"1581\" height=\"2000\" src=\"https:\/\/www.berti.net\/wp-content\/uploads\/2012\/03\/Iradium_Wood-1.jpg\" alt=\"\" class=\"wp-image-10378\" srcset=\"https:\/\/berti.net\/wp-content\/uploads\/2012\/03\/Iradium_Wood-1.jpg 1581w, https:\/\/berti.net\/wp-content\/uploads\/2012\/03\/Iradium_Wood-1-642x812.jpg 642w, https:\/\/berti.net\/wp-content\/uploads\/2012\/03\/Iradium_Wood-1-1518x1920.jpg 1518w, https:\/\/berti.net\/wp-content\/uploads\/2012\/03\/Iradium_Wood-1-768x972.jpg 768w, https:\/\/berti.net\/wp-content\/uploads\/2012\/03\/Iradium_Wood-1-1214x1536.jpg 1214w\" sizes=\"auto, (max-width: 1581px) 100vw, 1581px\" \/><\/figure>\n\n\n\n<figure class=\"wp-block-image size-full is-style-default\"><img loading=\"lazy\" decoding=\"async\" width=\"2560\" height=\"1920\" src=\"https:\/\/www.berti.net\/wp-content\/uploads\/2012\/03\/Le-Terrazze-scaled.jpg\" alt=\"\" class=\"wp-image-10383\" srcset=\"https:\/\/berti.net\/wp-content\/uploads\/2012\/03\/Le-Terrazze-scaled.jpg 2560w, https:\/\/berti.net\/wp-content\/uploads\/2012\/03\/Le-Terrazze-812x609.jpg 812w, https:\/\/berti.net\/wp-content\/uploads\/2012\/03\/Le-Terrazze-1920x1440.jpg 1920w, https:\/\/berti.net\/wp-content\/uploads\/2012\/03\/Le-Terrazze-768x576.jpg 768w, https:\/\/berti.net\/wp-content\/uploads\/2012\/03\/Le-Terrazze-1536x1152.jpg 1536w, https:\/\/berti.net\/wp-content\/uploads\/2012\/03\/Le-Terrazze-2048x1536.jpg 2048w\" sizes=\"auto, (max-width: 2560px) 100vw, 2560px\" \/><\/figure>\n\n\n\n<figure class=\"wp-block-image size-full is-style-default\"><img loading=\"lazy\" decoding=\"async\" width=\"1181\" height=\"791\" src=\"https:\/\/www.berti.net\/wp-content\/uploads\/2012\/03\/Move-Hotel-1.jpg\" alt=\"\" class=\"wp-image-10386\" srcset=\"https:\/\/berti.net\/wp-content\/uploads\/2012\/03\/Move-Hotel-1.jpg 1181w, https:\/\/berti.net\/wp-content\/uploads\/2012\/03\/Move-Hotel-1-812x544.jpg 812w, https:\/\/berti.net\/wp-content\/uploads\/2012\/03\/Move-Hotel-1-768x514.jpg 768w\" sizes=\"auto, (max-width: 1181px) 100vw, 1181px\" \/><\/figure>\n\n\n\n<figure class=\"wp-block-image size-full is-style-default\"><img loading=\"lazy\" decoding=\"async\" width=\"1181\" height=\"791\" src=\"https:\/\/www.berti.net\/wp-content\/uploads\/2012\/03\/Move-Hotel-5.jpg\" alt=\"\" class=\"wp-image-10389\" srcset=\"https:\/\/berti.net\/wp-content\/uploads\/2012\/03\/Move-Hotel-5.jpg 1181w, https:\/\/berti.net\/wp-content\/uploads\/2012\/03\/Move-Hotel-5-812x544.jpg 812w, https:\/\/berti.net\/wp-content\/uploads\/2012\/03\/Move-Hotel-5-768x514.jpg 768w\" sizes=\"auto, (max-width: 1181px) 100vw, 1181px\" \/><\/figure>\n\n\n\n<figure class=\"wp-block-image size-full is-style-default\"><img loading=\"lazy\" decoding=\"async\" width=\"1181\" height=\"1602\" src=\"https:\/\/www.berti.net\/wp-content\/uploads\/2012\/03\/T-Hotel-2.jpg\" alt=\"\" class=\"wp-image-10392\" srcset=\"https:\/\/berti.net\/wp-content\/uploads\/2012\/03\/T-Hotel-2.jpg 1181w, https:\/\/berti.net\/wp-content\/uploads\/2012\/03\/T-Hotel-2-599x812.jpg 599w, https:\/\/berti.net\/wp-content\/uploads\/2012\/03\/T-Hotel-2-768x1042.jpg 768w, https:\/\/berti.net\/wp-content\/uploads\/2012\/03\/T-Hotel-2-1132x1536.jpg 1132w\" sizes=\"auto, (max-width: 1181px) 100vw, 1181px\" \/><\/figure>\n\n\n\n<figure class=\"wp-block-image size-full is-style-default\"><img loading=\"lazy\" decoding=\"async\" width=\"2560\" height=\"1707\" src=\"https:\/\/www.berti.net\/wp-content\/uploads\/2012\/03\/T-Hotel-3-scaled.jpg\" alt=\"\" class=\"wp-image-10395\" srcset=\"https:\/\/berti.net\/wp-content\/uploads\/2012\/03\/T-Hotel-3-scaled.jpg 2560w, https:\/\/berti.net\/wp-content\/uploads\/2012\/03\/T-Hotel-3-812x541.jpg 812w, https:\/\/berti.net\/wp-content\/uploads\/2012\/03\/T-Hotel-3-1920x1280.jpg 1920w, https:\/\/berti.net\/wp-content\/uploads\/2012\/03\/T-Hotel-3-768x512.jpg 768w, https:\/\/berti.net\/wp-content\/uploads\/2012\/03\/T-Hotel-3-1536x1024.jpg 1536w, https:\/\/berti.net\/wp-content\/uploads\/2012\/03\/T-Hotel-3-2048x1365.jpg 2048w\" sizes=\"auto, (max-width: 2560px) 100vw, 2560px\" \/><\/figure>\n<\/div>\n<\/div>\n\n\n\n<div class=\"wp-block-group post-categories has-global-padding is-content-justification-left is-layout-constrained wp-container-core-group-is-layout-836d34cb wp-block-group-is-layout-constrained\" style=\"margin-top:var(--wp--preset--spacing--70);font-size:11px\">\n<div class=\"wp-block-group is-content-justification-center is-nowrap is-layout-flex wp-container-core-group-is-layout-60758a6d wp-block-group-is-layout-flex\">\n<p>Magazin \/<\/p>\n\n\n<div class=\"taxonomy-category wp-block-post-terms\"><a href=\"https:\/\/berti.net\/de\/magazine\/category\/produkte\/\" rel=\"tag\">Produkte<\/a><span class=\"wp-block-post-terms__separator\">, <\/span><a href=\"https:\/\/berti.net\/de\/magazine\/category\/projekte\/\" rel=\"tag\">Projekte<\/a><\/div><\/div>\n<\/div>\n<\/div>\n\n<p><\/p>\n","protected":false},"excerpt":{"rendered":"<p>Marco Piva, ein Absolvent des Mail\u00e4nder Polytechnikums, war ein Gr\u00fcndungsmitglied von Studiodada Associati, deren Produktion zu einer der repr\u00e4sentativsten der Periode des radikalen Designs wurde.  <\/p>\n","protected":false},"author":9,"featured_media":23574,"comment_status":"closed","ping_status":"closed","sticky":false,"template":"","format":"standard","meta":{"footnotes":""},"categories":[161,179],"tags":[],"class_list":["post-23572","post","type-post","status-publish","format-standard","has-post-thumbnail","hentry","category-produkte","category-projekte"],"_links":{"self":[{"href":"https:\/\/berti.net\/de\/wp-json\/wp\/v2\/posts\/23572","targetHints":{"allow":["GET"]}}],"collection":[{"href":"https:\/\/berti.net\/de\/wp-json\/wp\/v2\/posts"}],"about":[{"href":"https:\/\/berti.net\/de\/wp-json\/wp\/v2\/types\/post"}],"author":[{"embeddable":true,"href":"https:\/\/berti.net\/de\/wp-json\/wp\/v2\/users\/9"}],"replies":[{"embeddable":true,"href":"https:\/\/berti.net\/de\/wp-json\/wp\/v2\/comments?post=23572"}],"version-history":[{"count":1,"href":"https:\/\/berti.net\/de\/wp-json\/wp\/v2\/posts\/23572\/revisions"}],"predecessor-version":[{"id":23597,"href":"https:\/\/berti.net\/de\/wp-json\/wp\/v2\/posts\/23572\/revisions\/23597"}],"wp:featuredmedia":[{"embeddable":true,"href":"https:\/\/berti.net\/de\/wp-json\/wp\/v2\/media\/23574"}],"wp:attachment":[{"href":"https:\/\/berti.net\/de\/wp-json\/wp\/v2\/media?parent=23572"}],"wp:term":[{"taxonomy":"category","embeddable":true,"href":"https:\/\/berti.net\/de\/wp-json\/wp\/v2\/categories?post=23572"},{"taxonomy":"post_tag","embeddable":true,"href":"https:\/\/berti.net\/de\/wp-json\/wp\/v2\/tags?post=23572"}],"curies":[{"name":"wp","href":"https:\/\/api.w.org\/{rel}","templated":true}]}}