{"id":23552,"date":"2012-04-02T15:12:11","date_gmt":"2012-04-02T15:12:11","guid":{"rendered":"https:\/\/www.berti.net\/magazine\/produktneuheiten-fur-vepal-premium-laminate\/"},"modified":"2025-06-05T07:40:40","modified_gmt":"2025-06-05T07:40:40","slug":"produktneuheiten-fur-vepal-premium-laminate","status":"publish","type":"post","link":"https:\/\/berti.net\/de\/magazine\/produktneuheiten-fur-vepal-premium-laminate\/","title":{"rendered":"Produktneuheiten f\u00fcr Vepal: Premium-Laminate"},"content":{"rendered":"\n<div class=\"wp-block-group post-detail-pattern is-container has-base-2-color has-contrast-background-color has-text-color has-background has-link-color wp-elements-7c25d258717291b02dd9b6c8fb28a0cd has-global-padding is-layout-constrained wp-block-group-is-layout-constrained\" style=\"margin-top:0;margin-bottom:0;padding-top:var(--wp--preset--spacing--70);padding-bottom:var(--wp--preset--spacing--70)\">\n<div class=\"wp-block-columns alignwide is-layout-flex wp-container-core-columns-is-layout-d125203f wp-block-columns-is-layout-flex\" style=\"margin-bottom:var(--wp--preset--spacing--50)\">\n<div class=\"wp-block-column is-vertically-aligned-stretch is-layout-flow wp-block-column-is-layout-flow\" style=\"padding-right:0;flex-basis:50%\">\n<div class=\"wp-block-group is-vertical is-content-justification-stretch is-layout-flex wp-container-core-group-is-layout-e9e70883 wp-block-group-is-layout-flex\" style=\"min-height:100%\">\n<div class=\"wp-block-group post-categories is-nowrap is-layout-flex wp-container-core-group-is-layout-3155b93e wp-block-group-is-layout-flex\" style=\"margin-top:var(--wp--preset--spacing--20);font-size:11px\">\n<p>Magazin \/<\/p>\n\n\n<div class=\"taxonomy-category wp-block-post-terms\"><a href=\"https:\/\/berti.net\/de\/magazine\/category\/produkte\/\" rel=\"tag\">Produkte<\/a><span class=\"wp-block-post-terms__separator\">, <\/span><a href=\"https:\/\/berti.net\/de\/magazine\/category\/projekte\/\" rel=\"tag\">Projekte<\/a><\/div><\/div>\n\n\n<div style=\"font-style:normal;font-weight:600;text-transform:uppercase;\" class=\"has-link-color wp-elements-32859cd979b45056895d81c5660c23a0 wp-block-post-date has-text-color has-base-color has-s-font-size\"><time datetime=\"2012-04-02T15:12:11+00:00\">2 April 2012<\/time><\/div>\n\n\n<h1 class=\"wp-block-heading post-title\">Produktneuheiten f\u00fcr Vepal: <strong>Premium-Laminate<\/strong><\/h1>\n\n\n\n<h2 class=\"wp-block-heading post-subtitle\" style=\"margin-bottom:var(--wp--preset--spacing--20)\">Die <strong>Vepal-Linie<\/strong> wird durch eine neue Produktreihe bereichert: Die Premium-Laminatlinie wurde n\u00e4mlich gr\u00fcndlich \u00fcberarbeitet.<\/h2>\n\n\n\n<p>Die <strong>Premium-Laminat-Kollektion<\/strong> wurde mit brandneuen, hochmodernen Oberfl\u00e4chen aktualisiert, die echtes Holz perfekt nachbilden, sogar bei der Haptik. Die geb\u00fcrstete Textur erinnert an antike H\u00f6lzer, und die leichte Abschr\u00e4gung wird allm\u00e4hlich kompakter, wenn man \u00fcber die Oberfl\u00e4che f\u00e4hrt. <\/p>\n\n\n\n<figure class=\"wp-block-image size-full is-style-default\"><img loading=\"lazy\" decoding=\"async\" width=\"804\" height=\"600\" src=\"https:\/\/www.berti.net\/wp-content\/uploads\/2012\/04\/laminati-premium6.jpg\" alt=\"\" class=\"wp-image-10321\" srcset=\"https:\/\/berti.net\/wp-content\/uploads\/2012\/04\/laminati-premium6.jpg 804w, https:\/\/berti.net\/wp-content\/uploads\/2012\/04\/laminati-premium6-768x573.jpg 768w\" sizes=\"auto, (max-width: 804px) 100vw, 804px\" \/><\/figure>\n\n\n\n<p>In der neuen Laminati Premium Kollektion k\u00f6nnen Sie aus brandneuen und exklusiven Dekoren w\u00e4hlen, die sich durch einen unvergleichlichen Glanz auszeichnen. Fortschritte in Technologie und Forschung erm\u00f6glichen es uns jetzt, ein Produkt anzubieten, das einen dauerhaften Wandel im Bereich der Laminatb\u00f6den markiert.   <\/p>\n\n\n\n<p>Dank seiner hochglanzpolierten Porosit\u00e4t sticht der Premium-Laminatboden, dessen synchronisierte Textur die Maserung des Dekors sensibel wiedergibt, mit seinen brillanten Reflexen in jedem Raum hervor. Zu den <strong>Eichendekoren<\/strong> der Kollektion geh\u00f6ren: Graphite, Venus, Cinnamon, Rich, Alpine Flash, Ros\u00e9 Beige, Moon und Mercury. Durch den charakteristischen Chromeffekt der einzigartigen Reflexionen ver\u00e4ndert sich das Aussehen dieser Dekore je nach Lichteinfall und Betrachtungswinkel. Dies schafft ein einzigartiges Erlebnis mit den Laminatb\u00f6den von Vepal.   <\/p>\n\n\n\n<figure class=\"wp-block-image size-full is-style-default\"><img loading=\"lazy\" decoding=\"async\" width=\"804\" height=\"600\" src=\"https:\/\/www.berti.net\/wp-content\/uploads\/2012\/04\/laminati-premium10.jpg\" alt=\"\" class=\"wp-image-10324\" srcset=\"https:\/\/berti.net\/wp-content\/uploads\/2012\/04\/laminati-premium10.jpg 804w, https:\/\/berti.net\/wp-content\/uploads\/2012\/04\/laminati-premium10-768x573.jpg 768w\" sizes=\"auto, (max-width: 804px) 100vw, 804px\" \/><\/figure>\n\n\n\n<p>Premium-Laminatprodukte eignen sich nicht nur f\u00fcr den Wohnbereich, sondern auch f\u00fcr besonders stark frequentierte gewerbliche R\u00e4ume, dank einer <strong>Oberfl\u00e4chenbest\u00e4ndigkeit von<\/strong> AC4, was sie in die Klasse 32 einordnet.<\/p>\n\n\n\n<p>Die besondere Verarbeitung der <strong>Verriegelung<\/strong> wird durch die exklusive<em>\u201eMegaloc<\/em>\u201c-Verriegelung erreicht, ein exklusives Patent, das die Installation schnell, einfach und dennoch pr\u00e4zise macht.<\/p>\n\n\n\n<p>Premium-Laminatb\u00f6den, die alle Anforderungen der NE 13329 erf\u00fcllen, werden ausschlie\u00dflich aus zertifizierten, sicheren Materialien hergestellt, die ein gesundes Raumklima garantieren.<\/p>\n\n\n\n<figure class=\"wp-block-image size-full is-style-default\"><img loading=\"lazy\" decoding=\"async\" width=\"804\" height=\"600\" src=\"https:\/\/www.berti.net\/wp-content\/uploads\/2012\/04\/laminati-premium9.jpg\" alt=\"\" class=\"wp-image-10327\" srcset=\"https:\/\/berti.net\/wp-content\/uploads\/2012\/04\/laminati-premium9.jpg 804w, https:\/\/berti.net\/wp-content\/uploads\/2012\/04\/laminati-premium9-768x573.jpg 768w\" sizes=\"auto, (max-width: 804px) 100vw, 804px\" \/><\/figure>\n\n\n\n<p>Die Laminati Trend-Linie wurde neu sortiert. Dabei wurden einige Dekore aus der Laminati Premium-Kollektion entfernt und einige neue Dekore hinzugef\u00fcgt. So umfasst die <strong>Laminati Trend<\/strong> Linie jetzt die folgenden Dekore: Rovere Corda maxi, Rovere Ice maxi, Frassino Decap\u00e8 2 Streifen, Doussi\u00e8 2 Streifen, Rovere maxi, Rovere White maxi, Rovere Neve maxi, Rovere Ivory maxi, Rovere Grigio maxi, Olmo Invecchiato maxi, Rovere Miele maxi, Olmo Invecchiato maxi, Rovere Tabacco maxi, Rovere Crema maxi. Insgesamt sind 13 Dekore mit einer Dicke von 8 mm, einer Breite von 194 mm und einer L\u00e4nge von 1.286 mm erh\u00e4ltlich.  <\/p>\n\n\n\n<p>Wir m\u00f6chten Sie darauf hinweisen, dass in die Kollektionen der Marke Vepal auch <strong>Vepal Colors <\/strong>aufgenommen wurde <strong>: <\/strong>eine Reihe von Maxi-Latten aus entkernter Eiche mit Behandlungen, die eine L\u00f6sung f\u00fcr diejenigen bieten, die ihrem Holzboden einen Hauch von Farbe verleihen m\u00f6chten. Wir werden in K\u00fcrze auf dieses Thema zur\u00fcckkommen, um mit Fotos und technischen Daten ins Detail zu gehen. <\/p>\n\n\n\n<p>Au\u00dferdem wurde Maxilistone Bamboo aus der Produktpalette der Marke Vepal entfernt.<\/p>\n\n\n\n<p>Besuchen Sie die Website <a href=\"https:\/\/vepal.it\/\" target=\"_blank\" rel=\"noreferrer noopener\">Vepal.it<\/a> f\u00fcr alle Details. Wir \u00fcberlassen Ihnen einige Katalogbilder, um Ihnen einen Eindruck vom Geist der Laminati Premium Color Kollektion zu vermitteln. <\/p>\n<\/div>\n<\/div>\n\n\n\n<div class=\"wp-block-column is-layout-flow wp-container-core-column-is-layout-22223934 wp-block-column-is-layout-flow\" style=\"flex-basis:50%\">\n<figure class=\"wp-block-image size-full is-style-default\"><img loading=\"lazy\" decoding=\"async\" width=\"800\" height=\"963\" src=\"https:\/\/www.berti.net\/wp-content\/uploads\/2012\/04\/laminati-premium1.jpg\" alt=\"\" class=\"wp-image-10330\" srcset=\"https:\/\/berti.net\/wp-content\/uploads\/2012\/04\/laminati-premium1.jpg 800w, https:\/\/berti.net\/wp-content\/uploads\/2012\/04\/laminati-premium1-675x812.jpg 675w, https:\/\/berti.net\/wp-content\/uploads\/2012\/04\/laminati-premium1-768x924.jpg 768w\" sizes=\"auto, (max-width: 800px) 100vw, 800px\" \/><\/figure>\n\n\n\n<figure class=\"wp-block-image size-full is-style-default\"><img loading=\"lazy\" decoding=\"async\" width=\"800\" height=\"600\" src=\"https:\/\/www.berti.net\/wp-content\/uploads\/2012\/04\/laminati-premium21.jpg\" alt=\"\" class=\"wp-image-10333\" srcset=\"https:\/\/berti.net\/wp-content\/uploads\/2012\/04\/laminati-premium21.jpg 800w, https:\/\/berti.net\/wp-content\/uploads\/2012\/04\/laminati-premium21-768x576.jpg 768w\" sizes=\"auto, (max-width: 800px) 100vw, 800px\" \/><\/figure>\n\n\n\n<figure class=\"wp-block-image size-full is-style-default\"><img loading=\"lazy\" decoding=\"async\" width=\"800\" height=\"600\" src=\"https:\/\/www.berti.net\/wp-content\/uploads\/2012\/04\/laminati-premium31.jpg\" alt=\"\" class=\"wp-image-10336\" srcset=\"https:\/\/berti.net\/wp-content\/uploads\/2012\/04\/laminati-premium31.jpg 800w, https:\/\/berti.net\/wp-content\/uploads\/2012\/04\/laminati-premium31-768x576.jpg 768w\" sizes=\"auto, (max-width: 800px) 100vw, 800px\" \/><\/figure>\n\n\n\n<figure class=\"wp-block-image size-full is-style-default\"><img loading=\"lazy\" decoding=\"async\" width=\"800\" height=\"600\" src=\"https:\/\/www.berti.net\/wp-content\/uploads\/2012\/04\/laminati-premium41.jpg\" alt=\"\" class=\"wp-image-10339\" srcset=\"https:\/\/berti.net\/wp-content\/uploads\/2012\/04\/laminati-premium41.jpg 800w, https:\/\/berti.net\/wp-content\/uploads\/2012\/04\/laminati-premium41-768x576.jpg 768w\" sizes=\"auto, (max-width: 800px) 100vw, 800px\" \/><\/figure>\n\n\n\n<figure class=\"wp-block-image size-full is-style-default\"><img loading=\"lazy\" decoding=\"async\" width=\"1003\" height=\"600\" src=\"https:\/\/www.berti.net\/wp-content\/uploads\/2012\/04\/laminati-premium51.jpg\" alt=\"\" class=\"wp-image-10342\" srcset=\"https:\/\/berti.net\/wp-content\/uploads\/2012\/04\/laminati-premium51.jpg 1003w, https:\/\/berti.net\/wp-content\/uploads\/2012\/04\/laminati-premium51-812x486.jpg 812w, https:\/\/berti.net\/wp-content\/uploads\/2012\/04\/laminati-premium51-768x459.jpg 768w\" sizes=\"auto, (max-width: 1003px) 100vw, 1003px\" \/><\/figure>\n<\/div>\n<\/div>\n\n\n\n<div class=\"wp-block-group post-categories has-global-padding is-content-justification-left is-layout-constrained wp-container-core-group-is-layout-836d34cb wp-block-group-is-layout-constrained\" style=\"margin-top:var(--wp--preset--spacing--70);font-size:11px\">\n<div class=\"wp-block-group is-content-justification-center is-nowrap is-layout-flex wp-container-core-group-is-layout-60758a6d wp-block-group-is-layout-flex\">\n<p>Magazin \/<\/p>\n\n\n<div class=\"taxonomy-category wp-block-post-terms\"><a href=\"https:\/\/berti.net\/de\/magazine\/category\/produkte\/\" rel=\"tag\">Produkte<\/a><span class=\"wp-block-post-terms__separator\">, <\/span><a href=\"https:\/\/berti.net\/de\/magazine\/category\/projekte\/\" rel=\"tag\">Projekte<\/a><\/div><\/div>\n<\/div>\n<\/div>\n\n<p><\/p>\n","protected":false},"excerpt":{"rendered":"<p>Die Vepal-Linie wird durch eine neue Produktreihe bereichert: die Premium-Laminate.<\/p>\n","protected":false},"author":9,"featured_media":23553,"comment_status":"closed","ping_status":"closed","sticky":false,"template":"","format":"standard","meta":{"footnotes":""},"categories":[161,179],"tags":[],"class_list":["post-23552","post","type-post","status-publish","format-standard","has-post-thumbnail","hentry","category-produkte","category-projekte"],"_links":{"self":[{"href":"https:\/\/berti.net\/de\/wp-json\/wp\/v2\/posts\/23552","targetHints":{"allow":["GET"]}}],"collection":[{"href":"https:\/\/berti.net\/de\/wp-json\/wp\/v2\/posts"}],"about":[{"href":"https:\/\/berti.net\/de\/wp-json\/wp\/v2\/types\/post"}],"author":[{"embeddable":true,"href":"https:\/\/berti.net\/de\/wp-json\/wp\/v2\/users\/9"}],"replies":[{"embeddable":true,"href":"https:\/\/berti.net\/de\/wp-json\/wp\/v2\/comments?post=23552"}],"version-history":[{"count":1,"href":"https:\/\/berti.net\/de\/wp-json\/wp\/v2\/posts\/23552\/revisions"}],"predecessor-version":[{"id":23566,"href":"https:\/\/berti.net\/de\/wp-json\/wp\/v2\/posts\/23552\/revisions\/23566"}],"wp:featuredmedia":[{"embeddable":true,"href":"https:\/\/berti.net\/de\/wp-json\/wp\/v2\/media\/23553"}],"wp:attachment":[{"href":"https:\/\/berti.net\/de\/wp-json\/wp\/v2\/media?parent=23552"}],"wp:term":[{"taxonomy":"category","embeddable":true,"href":"https:\/\/berti.net\/de\/wp-json\/wp\/v2\/categories?post=23552"},{"taxonomy":"post_tag","embeddable":true,"href":"https:\/\/berti.net\/de\/wp-json\/wp\/v2\/tags?post=23552"}],"curies":[{"name":"wp","href":"https:\/\/api.w.org\/{rel}","templated":true}]}}