{"id":23533,"date":"2012-10-04T12:55:34","date_gmt":"2012-10-04T12:55:34","guid":{"rendered":"https:\/\/www.berti.net\/magazine\/neues-parkett-fur-vepal-vepal-colors\/"},"modified":"2025-06-05T07:40:35","modified_gmt":"2025-06-05T07:40:35","slug":"neues-parkett-fur-vepal-vepal-colors","status":"publish","type":"post","link":"https:\/\/berti.net\/de\/magazine\/neues-parkett-fur-vepal-vepal-colors\/","title":{"rendered":"Neues Parkett f\u00fcr Vepal: Vepal Colors"},"content":{"rendered":"\n<div class=\"wp-block-group post-detail-pattern is-container has-base-2-color has-contrast-background-color has-text-color has-background has-link-color wp-elements-e81c6e8839014317eedd0161c91bd7d3 has-global-padding is-layout-constrained wp-block-group-is-layout-constrained\" style=\"margin-top:0;margin-bottom:0;padding-top:var(--wp--preset--spacing--70);padding-bottom:var(--wp--preset--spacing--70)\">\n<div class=\"wp-block-columns alignwide is-layout-flex wp-container-core-columns-is-layout-d125203f wp-block-columns-is-layout-flex\" style=\"margin-bottom:var(--wp--preset--spacing--50)\">\n<div class=\"wp-block-column is-vertically-aligned-stretch is-layout-flow wp-block-column-is-layout-flow\" style=\"padding-right:0;flex-basis:50%\">\n<div class=\"wp-block-group is-vertical is-content-justification-stretch is-layout-flex wp-container-core-group-is-layout-e9e70883 wp-block-group-is-layout-flex\" style=\"min-height:100%\">\n<div class=\"wp-block-group post-categories is-nowrap is-layout-flex wp-container-core-group-is-layout-3155b93e wp-block-group-is-layout-flex\" style=\"margin-top:var(--wp--preset--spacing--20);font-size:11px\">\n<p>Magazin \/<\/p>\n\n\n<div class=\"taxonomy-category wp-block-post-terms\"><a href=\"https:\/\/berti.net\/de\/magazine\/category\/produkte\/\" rel=\"tag\">Produkte<\/a><span class=\"wp-block-post-terms__separator\">, <\/span><a href=\"https:\/\/berti.net\/de\/magazine\/category\/projekte\/\" rel=\"tag\">Projekte<\/a><\/div><\/div>\n\n\n<div style=\"font-style:normal;font-weight:600;text-transform:uppercase;\" class=\"has-link-color wp-elements-32859cd979b45056895d81c5660c23a0 wp-block-post-date has-text-color has-base-color has-s-font-size\"><time datetime=\"2012-10-04T12:55:34+00:00\">4 October 2012<\/time><\/div>\n\n\n<h1 class=\"wp-block-heading post-title\">Neues Parkett f\u00fcr <strong>Vepal<\/strong>: Vepal Colors<\/h1>\n\n\n\n<h2 class=\"wp-block-heading post-subtitle\" style=\"margin-bottom:var(--wp--preset--spacing--20)\">Als wir die Neuheiten der Marke <strong>Vepal<\/strong> in dem Artikel <strong>\u201eNeue Produkte f\u00fcr Vepal: Laminati Premium\u201c<\/strong> vorgestellt haben, haben wir nur einen kleinen Hinweis auf die Neuheiten der Reihe <strong>Vepal Colors<\/strong> gegeben. Jetzt ist es an der Zeit, Ihnen diese Reihe von 3-Schicht-Fertigparkettb\u00f6den im Detail vorzustellen. Jeder dieser B\u00f6den zeichnet sich durch eine neue Farbe aus, die exklusiv f\u00fcr <strong>Vepal<\/strong> entworfen und kreiert wurde. <\/h2>\n\n\n\n<p>Die Holzb\u00f6den von <strong>Vepal Colors<\/strong> sind ein Parkett, das sich besonders f\u00fcr Designer-Einrichtungen eignet. Diese Produktreihe von Vepal mit Oberfl\u00e4chen, die stark an das nat\u00fcrliche Klima erinnern, in dem Holz w\u00e4chst, erm\u00f6glicht es, weiche Umgebungen zu schaffen, die ein Gef\u00fchl von Komfort und Eleganz vermitteln. <\/p>\n\n\n\n<p>Bei dem Produkt handelt es sich um eine <strong>vorgefertigte 3-Schicht-Parkettdiele<\/strong> mit einer Gesamtdicke von 13,5 mm, die mit Nut- und Federverbindungen ausgestattet ist, die eine verklebte oder schwimmende Verlegung erm\u00f6glichen. Jede Diele hat eine Breite von 136 mm bei einer L\u00e4nge von 1820 bis 2130 mm und besteht aus einer 3 mm dicken Edelholzschicht, einer 7,5 mm dicken Zwischenschicht aus kreuzweise verleimtem Fichtenholz und einer dritten, ausgleichenden Schicht aus 3 mm Fichtenholz. <\/p>\n\n\n\n<p>Die Auswahl, die Sie auf den Makrofotos sehen k\u00f6nnen, umfasst 6 Modelle, deren Namen von den ber\u00fchmtesten europ\u00e4ischen Hauptst\u00e4dten inspiriert sind: Genf, Madrid, Paris, Amsterdam, Athen, Dublin. Eine Kollektion mit einem ausgesprochen internationalen Flair. <\/p>\n\n\n\n<p>Bitte kontaktieren Sie unsere Verkaufsabteilung f\u00fcr weitere Informationen. Wir \u00fcberlassen Ihnen einige Bilder der verschiedenen Ausf\u00fchrungen. <\/p>\n\n\n\n<figure class=\"wp-block-image size-full is-style-default\"><img loading=\"lazy\" decoding=\"async\" width=\"800\" height=\"533\" src=\"https:\/\/www.berti.net\/wp-content\/uploads\/2012\/10\/Vepal-Colors-Parigi.jpg\" alt=\"\" class=\"wp-image-10232\" srcset=\"https:\/\/berti.net\/wp-content\/uploads\/2012\/10\/Vepal-Colors-Parigi.jpg 800w, https:\/\/berti.net\/wp-content\/uploads\/2012\/10\/Vepal-Colors-Parigi-768x512.jpg 768w\" sizes=\"auto, (max-width: 800px) 100vw, 800px\" \/><\/figure>\n\n\n\n<figure class=\"wp-block-image size-full is-style-default\"><img loading=\"lazy\" decoding=\"async\" width=\"800\" height=\"533\" src=\"https:\/\/www.berti.net\/wp-content\/uploads\/2012\/10\/Vepal-Colors-Madrid.jpg\" alt=\"\" class=\"wp-image-10235\" srcset=\"https:\/\/berti.net\/wp-content\/uploads\/2012\/10\/Vepal-Colors-Madrid.jpg 800w, https:\/\/berti.net\/wp-content\/uploads\/2012\/10\/Vepal-Colors-Madrid-768x512.jpg 768w\" sizes=\"auto, (max-width: 800px) 100vw, 800px\" \/><\/figure>\n\n\n\n<figure class=\"wp-block-image size-full is-style-default\"><img loading=\"lazy\" decoding=\"async\" width=\"800\" height=\"533\" src=\"https:\/\/www.berti.net\/wp-content\/uploads\/2012\/10\/Vepal-Colors-Ginevra.jpg\" alt=\"\" class=\"wp-image-10238\" srcset=\"https:\/\/berti.net\/wp-content\/uploads\/2012\/10\/Vepal-Colors-Ginevra.jpg 800w, https:\/\/berti.net\/wp-content\/uploads\/2012\/10\/Vepal-Colors-Ginevra-768x512.jpg 768w\" sizes=\"auto, (max-width: 800px) 100vw, 800px\" \/><\/figure>\n<\/div>\n<\/div>\n\n\n\n<div class=\"wp-block-column is-layout-flow wp-container-core-column-is-layout-22223934 wp-block-column-is-layout-flow\" style=\"flex-basis:50%\">\n<figure class=\"wp-block-image size-full is-style-default\"><img loading=\"lazy\" decoding=\"async\" width=\"800\" height=\"533\" src=\"https:\/\/www.berti.net\/wp-content\/uploads\/2012\/10\/Vepal-Colors-Dublino.jpg\" alt=\"\" class=\"wp-image-10241\" srcset=\"https:\/\/berti.net\/wp-content\/uploads\/2012\/10\/Vepal-Colors-Dublino.jpg 800w, https:\/\/berti.net\/wp-content\/uploads\/2012\/10\/Vepal-Colors-Dublino-768x512.jpg 768w\" sizes=\"auto, (max-width: 800px) 100vw, 800px\" \/><\/figure>\n\n\n\n<figure class=\"wp-block-image size-full is-style-default\"><img loading=\"lazy\" decoding=\"async\" width=\"800\" height=\"533\" src=\"https:\/\/www.berti.net\/wp-content\/uploads\/2012\/10\/Vepal-Colors-Atene.jpg\" alt=\"\" class=\"wp-image-10244\" srcset=\"https:\/\/berti.net\/wp-content\/uploads\/2012\/10\/Vepal-Colors-Atene.jpg 800w, https:\/\/berti.net\/wp-content\/uploads\/2012\/10\/Vepal-Colors-Atene-768x512.jpg 768w\" sizes=\"auto, (max-width: 800px) 100vw, 800px\" \/><\/figure>\n\n\n\n<figure class=\"wp-block-image size-full is-style-default\"><img loading=\"lazy\" decoding=\"async\" width=\"800\" height=\"533\" src=\"https:\/\/www.berti.net\/wp-content\/uploads\/2012\/10\/Vepal-Colors-Amsterdam.jpg\" alt=\"\" class=\"wp-image-10247\" srcset=\"https:\/\/berti.net\/wp-content\/uploads\/2012\/10\/Vepal-Colors-Amsterdam.jpg 800w, https:\/\/berti.net\/wp-content\/uploads\/2012\/10\/Vepal-Colors-Amsterdam-768x512.jpg 768w\" sizes=\"auto, (max-width: 800px) 100vw, 800px\" \/><\/figure>\n<\/div>\n<\/div>\n\n\n\n<div class=\"wp-block-group post-categories has-global-padding is-content-justification-left is-layout-constrained wp-container-core-group-is-layout-836d34cb wp-block-group-is-layout-constrained\" style=\"margin-top:var(--wp--preset--spacing--70);font-size:11px\">\n<div class=\"wp-block-group is-content-justification-center is-nowrap is-layout-flex wp-container-core-group-is-layout-60758a6d wp-block-group-is-layout-flex\">\n<p>Magazin \/<\/p>\n\n\n<div class=\"taxonomy-category wp-block-post-terms\"><a href=\"https:\/\/berti.net\/de\/magazine\/category\/produkte\/\" rel=\"tag\">Produkte<\/a><span class=\"wp-block-post-terms__separator\">, <\/span><a href=\"https:\/\/berti.net\/de\/magazine\/category\/projekte\/\" rel=\"tag\">Projekte<\/a><\/div><\/div>\n<\/div>\n<\/div>\n\n<p><\/p>\n","protected":false},"excerpt":{"rendered":"<p>Jetzt ist es an der Zeit, Ihnen diese Reihe von 3-Schicht-Fertigparkettb\u00f6den im Detail vorzustellen. Jeder dieser B\u00f6den hat eine neue Farbe, die exklusiv f\u00fcr Vepal entworfen und kreiert wurde.<\/p>\n","protected":false},"author":9,"featured_media":23536,"comment_status":"closed","ping_status":"closed","sticky":false,"template":"","format":"standard","meta":{"footnotes":""},"categories":[161,179],"tags":[],"class_list":["post-23533","post","type-post","status-publish","format-standard","has-post-thumbnail","hentry","category-produkte","category-projekte"],"_links":{"self":[{"href":"https:\/\/berti.net\/de\/wp-json\/wp\/v2\/posts\/23533","targetHints":{"allow":["GET"]}}],"collection":[{"href":"https:\/\/berti.net\/de\/wp-json\/wp\/v2\/posts"}],"about":[{"href":"https:\/\/berti.net\/de\/wp-json\/wp\/v2\/types\/post"}],"author":[{"embeddable":true,"href":"https:\/\/berti.net\/de\/wp-json\/wp\/v2\/users\/9"}],"replies":[{"embeddable":true,"href":"https:\/\/berti.net\/de\/wp-json\/wp\/v2\/comments?post=23533"}],"version-history":[{"count":1,"href":"https:\/\/berti.net\/de\/wp-json\/wp\/v2\/posts\/23533\/revisions"}],"predecessor-version":[{"id":23542,"href":"https:\/\/berti.net\/de\/wp-json\/wp\/v2\/posts\/23533\/revisions\/23542"}],"wp:featuredmedia":[{"embeddable":true,"href":"https:\/\/berti.net\/de\/wp-json\/wp\/v2\/media\/23536"}],"wp:attachment":[{"href":"https:\/\/berti.net\/de\/wp-json\/wp\/v2\/media?parent=23533"}],"wp:term":[{"taxonomy":"category","embeddable":true,"href":"https:\/\/berti.net\/de\/wp-json\/wp\/v2\/categories?post=23533"},{"taxonomy":"post_tag","embeddable":true,"href":"https:\/\/berti.net\/de\/wp-json\/wp\/v2\/tags?post=23533"}],"curies":[{"name":"wp","href":"https:\/\/api.w.org\/{rel}","templated":true}]}}