{"id":23511,"date":"2012-06-18T12:30:11","date_gmt":"2012-06-18T12:30:11","guid":{"rendered":"https:\/\/www.berti.net\/magazine\/ich-liebe-i-wood\/"},"modified":"2025-06-05T07:40:33","modified_gmt":"2025-06-05T07:40:33","slug":"ich-liebe-i-wood","status":"publish","type":"post","link":"https:\/\/berti.net\/de\/magazine\/ich-liebe-i-wood\/","title":{"rendered":"Ich liebe I-Wood"},"content":{"rendered":"\n<div class=\"wp-block-group post-detail-pattern is-container has-base-2-color has-contrast-background-color has-text-color has-background has-link-color wp-elements-1c0065a55010d201fd7b3492b1322734 has-global-padding is-layout-constrained wp-block-group-is-layout-constrained\" style=\"margin-top:0;margin-bottom:0;padding-top:var(--wp--preset--spacing--70);padding-bottom:var(--wp--preset--spacing--70)\">\n<div class=\"wp-block-columns alignwide is-layout-flex wp-container-core-columns-is-layout-d125203f wp-block-columns-is-layout-flex\" style=\"margin-bottom:var(--wp--preset--spacing--50)\">\n<div class=\"wp-block-column is-vertically-aligned-stretch is-layout-flow wp-block-column-is-layout-flow\" style=\"padding-right:0;flex-basis:50%\">\n<div class=\"wp-block-group is-vertical is-content-justification-stretch is-layout-flex wp-container-core-group-is-layout-e9e70883 wp-block-group-is-layout-flex\" style=\"min-height:100%\">\n<div class=\"wp-block-group post-categories is-nowrap is-layout-flex wp-container-core-group-is-layout-3155b93e wp-block-group-is-layout-flex\" style=\"margin-top:var(--wp--preset--spacing--20);font-size:11px\">\n<p>Magazin \/<\/p>\n\n\n<div class=\"taxonomy-category wp-block-post-terms\"><a href=\"https:\/\/berti.net\/de\/magazine\/category\/produkte\/\" rel=\"tag\">Produkte<\/a><span class=\"wp-block-post-terms__separator\">, <\/span><a href=\"https:\/\/berti.net\/de\/magazine\/category\/projekte\/\" rel=\"tag\">Projekte<\/a><\/div><\/div>\n\n\n<div style=\"font-style:normal;font-weight:600;text-transform:uppercase;\" class=\"has-link-color wp-elements-32859cd979b45056895d81c5660c23a0 wp-block-post-date has-text-color has-base-color has-s-font-size\"><time datetime=\"2012-06-18T12:30:11+00:00\">18 June 2012<\/time><\/div>\n\n\n<h1 class=\"wp-block-heading post-title\">Ich liebe <strong>I-Wood<\/strong><\/h1>\n\n\n\n<h2 class=\"wp-block-heading post-subtitle\" style=\"margin-bottom:var(--wp--preset--spacing--20)\">Es scheint, als ob <strong>Holz<\/strong> nicht nur zu <strong>Hause<\/strong> und als <strong>Einrichtungselement<\/strong> verwendet <strong>wird<\/strong>. Holz und seine Maserung gewinnen auch bei <strong>Modeschauen<\/strong>, <strong>Konfektionskleidung<\/strong> und <strong>Accessoires<\/strong> an Bedeutung. <\/h2>\n\n\n\n<p><strong>Rodarte<\/strong>, eine 2005 in den Vereinigten Staaten gegr\u00fcndete Bekleidungs- und Accessoire-Marke, pr\u00e4sentierte auf ihrer Fr\u00fchjahrsmodenschau 2011 mehrere Outfits mit bedruckten Stoffen in Holzoptik:<\/p>\n\n\n\n<figure class=\"wp-block-image size-full is-style-default\"><img loading=\"lazy\" decoding=\"async\" width=\"632\" height=\"480\" src=\"https:\/\/www.berti.net\/wp-content\/uploads\/2012\/06\/Rodarte-spring-2011_ok.jpg\" alt=\"\" class=\"wp-image-10179\"\/><\/figure>\n\n\n\n<p>Celine, eine 1945 gegr\u00fcndete franz\u00f6sische Marke, bietet in ihrer Herbstkollektion 2011 ebenfalls mehrere Modelle an, die von der Textur von Holz inspiriert sind:<\/p>\n\n\n\n<figure class=\"wp-block-image size-full is-style-default\"><img loading=\"lazy\" decoding=\"async\" width=\"646\" height=\"480\" src=\"https:\/\/www.berti.net\/wp-content\/uploads\/2012\/06\/Celine-fall-2011_ok.jpg\" alt=\"\" class=\"wp-image-10183\"\/><\/figure>\n\n\n\n<p>Prada hingegen w\u00e4hlt Holz als Material, beschr\u00e4nkt sich aber auf Accessoires. Hier ist eine Brille mit Holzgestell, die an Retro-Atmosph\u00e4re erinnert und gleichzeitig die charakteristische Form des Modells \u201eSwing\u201c des Modehauses beibeh\u00e4lt.<\/p>\n\n\n\n<figure class=\"wp-block-image size-full is-style-default\"><img loading=\"lazy\" decoding=\"async\" width=\"640\" height=\"427\" src=\"https:\/\/www.berti.net\/wp-content\/uploads\/2012\/06\/prada-sunglasses.jpg\" alt=\"\" class=\"wp-image-10186\"\/><\/figure>\n\n\n\n<p>Die gleiche Wahl f\u00fcr Louis Vuitton, die eine Herrenbrille mit einer moderneren Linie anbietet, die wiederum mit dem Material kontrastiert: Holz.<\/p>\n\n\n\n<figure class=\"wp-block-image size-full is-style-default\"><img loading=\"lazy\" decoding=\"async\" width=\"540\" height=\"370\" src=\"https:\/\/www.berti.net\/wp-content\/uploads\/2012\/06\/Summer-2012-Collection-sunglasses.jpg\" alt=\"\" class=\"wp-image-10189\"\/><\/figure>\n\n\n\n<p>Die international bekannte Designerin Stella McCartney brachte 2010 die Wooden Accordion Clutch Bag auf den Markt. Sie ist ein reines Designobjekt, fast schon ein Kunstwerk und weniger ein bequemes Accessoire, das Sie jeden Tag bei sich tragen. <\/p>\n\n\n\n<figure class=\"wp-block-image size-full is-style-default\"><img loading=\"lazy\" decoding=\"async\" width=\"714\" height=\"384\" src=\"https:\/\/www.berti.net\/wp-content\/uploads\/2012\/06\/stellamccartney-borsa-legno_ok.jpg\" alt=\"\" class=\"wp-image-10192\"\/><\/figure>\n\n\n\n<p>Wenn wir schon beim Thema Handtaschen sind, k\u00f6nnen wir auch eine besonders trendige Clutch aus Holz bewundern. Diese Handtasche wird aus edlen Holzpaneelen hergestellt, die in Schweden produziert werden. Die Montage mit den Metallteilen aus Stahl und Leder wird hingegen in den Vereinigten Staaten von Tivi hergestellt, einem jungen Unternehmen, das sich zum Ziel gesetzt hat, Accessoires zu kreieren, indem es nat\u00fcrliche Materialien mit Mode kombiniert. <\/p>\n\n\n\n<figure class=\"wp-block-image size-full is-style-default\"><img loading=\"lazy\" decoding=\"async\" width=\"400\" height=\"400\" src=\"https:\/\/www.berti.net\/wp-content\/uploads\/2012\/06\/borse-legno.jpg\" alt=\"\" class=\"wp-image-10195\"\/><\/figure>\n<\/div>\n<\/div>\n\n\n\n<div class=\"wp-block-column is-layout-flow wp-container-core-column-is-layout-22223934 wp-block-column-is-layout-flow\" style=\"flex-basis:50%\">\n<p>Sie ist keine \u201emodische\u201c Tasche, sondern ein zweifellos n\u00fctzliches Accessoire, diese Laptoptasche aus Holz, die auf der London Design Week 2011 vorgestellt wurde. In sie passt ein Laptop bis zu 17 Zoll, inklusive Maus und Ladekabel. <\/p>\n\n\n\n<figure class=\"wp-block-image size-full is-style-default\"><img loading=\"lazy\" decoding=\"async\" width=\"795\" height=\"241\" src=\"https:\/\/www.berti.net\/wp-content\/uploads\/2012\/06\/Wood-Laptop-Valise_ok.jpg\" alt=\"\" class=\"wp-image-10198\" srcset=\"https:\/\/berti.net\/wp-content\/uploads\/2012\/06\/Wood-Laptop-Valise_ok.jpg 795w, https:\/\/berti.net\/wp-content\/uploads\/2012\/06\/Wood-Laptop-Valise_ok-768x233.jpg 768w\" sizes=\"auto, (max-width: 795px) 100vw, 795px\" \/><\/figure>\n\n\n\n<p>Und schlie\u00dflich schlie\u00dfen wir diesen kurzen Streifzug durch die Modewelt mit dem Accessoire schlechthin ab: den Schuhen. In der kollektiven Vorstellung hat jeder die Kristallpantoffeln von Aschenbr\u00f6del vor Augen, doch in den 2000er Jahren wandten sich die Vorschl\u00e4ge der avantgardistischsten Stylisten einem ganz anderen Material zu: Holz n\u00e4mlich.<br\/>Dr. Martens, die historische Marke f\u00fcr Amphibien, bietet dank einer Zusammenarbeit mit dem spanischen Designer Davidelfin eine Version der symboltr\u00e4chtigen Stiefel der Marke an, die sich durch einen unvorhersehbaren Holzeffekt auszeichnet. <\/p>\n\n\n\n<figure class=\"wp-block-image size-full is-style-default\"><img loading=\"lazy\" decoding=\"async\" width=\"640\" height=\"426\" src=\"https:\/\/www.berti.net\/wp-content\/uploads\/2012\/06\/1-david-delfin-dr-martenens-shoes.jpg\" alt=\"\" class=\"wp-image-10201\"\/><\/figure>\n\n\n\n<p>Die Designer von Margiela haben auch einen Vorschlag gemacht, der vom Gew\u00f6hnlichen abweicht, und zwar mit \u201eHolz-Effekt\u201c-Schuhen, die wie massives Holz aussehen. In Wirklichkeit handelt es sich um braunes Leder, das in Handarbeit zu einer realistischen Nachbildung der Holzmaserung verarbeitet wurde. <\/p>\n\n\n\n<figure class=\"wp-block-image size-full is-style-default\"><img loading=\"lazy\" decoding=\"async\" width=\"412\" height=\"350\" src=\"https:\/\/www.berti.net\/wp-content\/uploads\/2012\/06\/margiela-wood-effect-shoes.jpg\" alt=\"\" class=\"wp-image-10204\"\/><\/figure>\n\n\n\n<p>Und mit diesem Schuh schlie\u00dfen wir unseren kurzen Exkurs ab, um zu sehen, dass Holz und Parkett immer eine originelle Inspiration sind, deren Verwendungsm\u00f6glichkeiten uns immer wieder verbl\u00fcffen. Was halten Sie von diesen Objekten? Hatten Sie schon von ihnen geh\u00f6rt? Welches davon fasziniert Sie am meisten?   <\/p>\n<\/div>\n<\/div>\n\n\n\n<div class=\"wp-block-group post-categories has-global-padding is-content-justification-left is-layout-constrained wp-container-core-group-is-layout-836d34cb wp-block-group-is-layout-constrained\" style=\"margin-top:var(--wp--preset--spacing--70);font-size:11px\">\n<div class=\"wp-block-group is-content-justification-center is-nowrap is-layout-flex wp-container-core-group-is-layout-60758a6d wp-block-group-is-layout-flex\">\n<p>Magazin \/<\/p>\n\n\n<div class=\"taxonomy-category wp-block-post-terms\"><a href=\"https:\/\/berti.net\/de\/magazine\/category\/produkte\/\" rel=\"tag\">Produkte<\/a><span class=\"wp-block-post-terms__separator\">, <\/span><a href=\"https:\/\/berti.net\/de\/magazine\/category\/projekte\/\" rel=\"tag\">Projekte<\/a><\/div><\/div>\n<\/div>\n<\/div>\n\n<p><\/p>\n","protected":false},"excerpt":{"rendered":"<p>Holz und seine Maserung gewinnen auch bei Modeschauen, Konfektionskleidung und Accessoires an Bedeutung.<\/p>\n","protected":false},"author":9,"featured_media":23513,"comment_status":"closed","ping_status":"closed","sticky":false,"template":"","format":"standard","meta":{"footnotes":""},"categories":[161,179],"tags":[],"class_list":["post-23511","post","type-post","status-publish","format-standard","has-post-thumbnail","hentry","category-produkte","category-projekte"],"_links":{"self":[{"href":"https:\/\/berti.net\/de\/wp-json\/wp\/v2\/posts\/23511","targetHints":{"allow":["GET"]}}],"collection":[{"href":"https:\/\/berti.net\/de\/wp-json\/wp\/v2\/posts"}],"about":[{"href":"https:\/\/berti.net\/de\/wp-json\/wp\/v2\/types\/post"}],"author":[{"embeddable":true,"href":"https:\/\/berti.net\/de\/wp-json\/wp\/v2\/users\/9"}],"replies":[{"embeddable":true,"href":"https:\/\/berti.net\/de\/wp-json\/wp\/v2\/comments?post=23511"}],"version-history":[{"count":1,"href":"https:\/\/berti.net\/de\/wp-json\/wp\/v2\/posts\/23511\/revisions"}],"predecessor-version":[{"id":23529,"href":"https:\/\/berti.net\/de\/wp-json\/wp\/v2\/posts\/23511\/revisions\/23529"}],"wp:featuredmedia":[{"embeddable":true,"href":"https:\/\/berti.net\/de\/wp-json\/wp\/v2\/media\/23513"}],"wp:attachment":[{"href":"https:\/\/berti.net\/de\/wp-json\/wp\/v2\/media?parent=23511"}],"wp:term":[{"taxonomy":"category","embeddable":true,"href":"https:\/\/berti.net\/de\/wp-json\/wp\/v2\/categories?post=23511"},{"taxonomy":"post_tag","embeddable":true,"href":"https:\/\/berti.net\/de\/wp-json\/wp\/v2\/tags?post=23511"}],"curies":[{"name":"wp","href":"https:\/\/api.w.org\/{rel}","templated":true}]}}