{"id":23502,"date":"2012-05-31T13:03:54","date_gmt":"2012-05-31T13:03:54","guid":{"rendered":"https:\/\/www.berti.net\/magazine\/elizabeth-ii-feiert-60-jahre-ihrer-regentschaft-feierlichkeiten-auf-schloss-windsor\/"},"modified":"2025-06-05T07:40:32","modified_gmt":"2025-06-05T07:40:32","slug":"elizabeth-ii-feiert-60-jahre-ihrer-regentschaft-feierlichkeiten-auf-schloss-windsor","status":"publish","type":"post","link":"https:\/\/berti.net\/de\/magazine\/elizabeth-ii-feiert-60-jahre-ihrer-regentschaft-feierlichkeiten-auf-schloss-windsor\/","title":{"rendered":"Elizabeth II. feiert 60 Jahre ihrer Regentschaft: Feierlichkeiten auf Schloss Windsor"},"content":{"rendered":"\n<div class=\"wp-block-group post-detail-pattern is-container has-base-2-color has-contrast-background-color has-text-color has-background has-link-color wp-elements-4149ad078290cc4bf80bb6476d03b348 has-global-padding is-layout-constrained wp-block-group-is-layout-constrained\" style=\"margin-top:0;margin-bottom:0;padding-top:var(--wp--preset--spacing--70);padding-bottom:var(--wp--preset--spacing--70)\">\n<div class=\"wp-block-columns alignwide is-layout-flex wp-container-core-columns-is-layout-d125203f wp-block-columns-is-layout-flex\" style=\"margin-bottom:var(--wp--preset--spacing--50)\">\n<div class=\"wp-block-column is-vertically-aligned-stretch is-layout-flow wp-block-column-is-layout-flow\" style=\"padding-right:0;flex-basis:50%\">\n<div class=\"wp-block-group is-vertical is-content-justification-stretch is-layout-flex wp-container-core-group-is-layout-e9e70883 wp-block-group-is-layout-flex\" style=\"min-height:100%\">\n<div class=\"wp-block-group post-categories is-nowrap is-layout-flex wp-container-core-group-is-layout-3155b93e wp-block-group-is-layout-flex\" style=\"margin-top:var(--wp--preset--spacing--20);font-size:11px\">\n<p>Magazin \/<\/p>\n\n\n<div class=\"taxonomy-category wp-block-post-terms\"><a href=\"https:\/\/berti.net\/de\/magazine\/category\/produkte\/\" rel=\"tag\">Produkte<\/a><span class=\"wp-block-post-terms__separator\">, <\/span><a href=\"https:\/\/berti.net\/de\/magazine\/category\/projekte\/\" rel=\"tag\">Projekte<\/a><span class=\"wp-block-post-terms__separator\">, <\/span><a href=\"https:\/\/berti.net\/de\/magazine\/category\/veranstaltungen\/\" rel=\"tag\">Veranstaltungen<\/a><\/div><\/div>\n\n\n<div style=\"font-style:normal;font-weight:600;text-transform:uppercase;\" class=\"has-link-color wp-elements-32859cd979b45056895d81c5660c23a0 wp-block-post-date has-text-color has-base-color has-s-font-size\"><time datetime=\"2012-05-31T13:03:54+00:00\">31 May 2012<\/time><\/div>\n\n\n<h1 class=\"wp-block-heading post-title\"><strong>Elizabeth II.<\/strong> feiert <strong>60 Jahre ihrer Regentschaft<\/strong>: Feierlichkeiten auf <strong>Schloss Windsor<\/strong><\/h1>\n\n\n\n<h2 class=\"wp-block-heading post-subtitle\" style=\"margin-bottom:var(--wp--preset--spacing--20)\"><strong>Elizabeth II. von England<\/strong> feiert am 2. Juni 60 Jahre als K\u00f6nigin, die zweitl\u00e4ngste Regentschaft in der Geschichte der britischen Monarchie. Seit dem 2. Juni 1952, als Ihre Majest\u00e4t Elizabeth in einer pr\u00e4chtigen Zeremonie in der Westminster Abbey gekr\u00f6nt wurde, ist tats\u00e4chlich viel Zeit vergangen. <\/h2>\n\n\n\n<p>Der zelebrierende Erzbischof war fest entschlossen, den traditionellen mittelalterlichen Charakter der Investitur beizubehalten. Nichtsdestotrotz war es das erste Mal, dass das Fernsehen an diesem Ritual, das zu einem St\u00fcck Zeitgeschichte geworden ist, teilnehmen und Aufnahmen davon \u00fcbertragen durfte. <\/p>\n\n\n\n<figure class=\"wp-block-image size-full is-style-default\"><img loading=\"lazy\" decoding=\"async\" width=\"417\" height=\"521\" src=\"https:\/\/www.berti.net\/wp-content\/uploads\/2012\/05\/queen-elizabeth.jpg\" alt=\"\" class=\"wp-image-10254\"\/><\/figure>\n\n\n\n<p>Nach der Kr\u00f6nung zogen sie und Philip in den Buckingham Palace im Zentrum Londons. Wie viele ihrer Vorg\u00e4nger verbringt sie jedoch viel Zeit auf <strong>Schloss Windsor<\/strong>, das im Westen Londons liegt und als Wohnsitz aller britischen Monarchen gilt. K\u00f6nigin Elizabeth II. verbringt oft viele Wochenenden im Jahr auf dem Schloss und nutzt es sowohl f\u00fcr staatliche als auch f\u00fcr private Treffen.  <\/p>\n\n\n\n<figure class=\"wp-block-image size-full is-style-default\"><img loading=\"lazy\" decoding=\"async\" width=\"300\" height=\"224\" src=\"https:\/\/www.berti.net\/wp-content\/uploads\/2012\/05\/il-castello-di-windsor.jpg\" alt=\"\" class=\"wp-image-10258\"\/><\/figure>\n\n\n\n<p><strong>Berti<\/strong> hatte die Gelegenheit, <strong>den mit Intarsien<\/strong> und Friesen verzierten <strong>Parkettboden<\/strong> des K\u00f6nigshauses <strong>zu rekonstruieren<\/strong>, wobei der urspr\u00fcngliche Boden, der im November 1992 durch ein Feuer zerst\u00f6rt wurde, erhalten blieb. Die <strong>Laserbearbeitung<\/strong> ist seit jeher ein Markenzeichen f\u00fcr das weltweite Prestige von Berti und nutzt die hochmodernen Designtechniken der technischen Abteilung von Berti Pavimenti Legno. Das Unternehmen war nicht nur das erste, das die Lasertechnologie f\u00fcr Intarsien einsetzte, sondern verf\u00fcgt heute auch \u00fcber fortschrittliche Computersysteme und hochentwickelte Produktionsmaschinen, die es ihm erm\u00f6glichen, eine breite Palette von L\u00f6sungen anzubieten und hochgradig individualisierte Holzb\u00f6den zu schaffen, die die Pers\u00f6nlichkeit ihrer Bewohner widerspiegeln. Unterschiedliche Bereiche, aber sehr vielseitig. Auch f\u00fcr diejenigen, die keine k\u00f6nigliche Residenz haben wie Elisabeth.    <\/p>\n\n\n\n<figure class=\"wp-block-image size-full is-style-default\"><img loading=\"lazy\" decoding=\"async\" width=\"353\" height=\"500\" src=\"https:\/\/www.berti.net\/wp-content\/uploads\/2012\/05\/6118616496_5c2bafc4de.jpg\" alt=\"\" class=\"wp-image-10261\"\/><figcaption class=\"wp-element-caption\">The Crimson Drawing Room &#8211; Staatsgem\u00e4cher auf Schloss Windsor England<\/figcaption><\/figure>\n<\/div>\n<\/div>\n\n\n\n<div class=\"wp-block-column is-layout-flow wp-container-core-column-is-layout-22223934 wp-block-column-is-layout-flow\" style=\"flex-basis:50%\">\n<figure class=\"wp-block-image size-full is-style-default\"><img loading=\"lazy\" decoding=\"async\" width=\"901\" height=\"562\" src=\"https:\/\/www.berti.net\/wp-content\/uploads\/2012\/05\/Schermata-05-2456077-alle-17.05.05.png\" alt=\"\" class=\"wp-image-10264\" srcset=\"https:\/\/berti.net\/wp-content\/uploads\/2012\/05\/Schermata-05-2456077-alle-17.05.05.png 901w, https:\/\/berti.net\/wp-content\/uploads\/2012\/05\/Schermata-05-2456077-alle-17.05.05-812x506.png 812w, https:\/\/berti.net\/wp-content\/uploads\/2012\/05\/Schermata-05-2456077-alle-17.05.05-768x479.png 768w\" sizes=\"auto, (max-width: 901px) 100vw, 901px\" \/><\/figure>\n\n\n\n<p>Angesichts der Feierlichkeiten zum <strong>diamantenen Thronjubil\u00e4um<\/strong> von K\u00f6nigin Elizabeth II., die am 2. und 5. Juni in London ihren H\u00f6hepunkt erreichen werden, haben sich viele Marken dazu entschlossen, die britische Herrscherin zu feiern, indem sie dem Ereignis verschiedene Initiativen widmen, von Schmuckkollektionen, die das Thema der Krone aufgreifen, bis hin zu edlen Spirituosen: Der Tourismussektor selbst hat sich mit Themenreisen organisiert.<\/p>\n\n\n\n<p>Nachstehend finden Sie den <strong>Dankesbrief<\/strong> Ihrer Majest\u00e4t K\u00f6nigin Elizabeth an Giancarlo Berti f\u00fcr die Rekonstruktion des Fu\u00dfbodens im Crimson Drawing Room von Schloss Windsor:<\/p>\n\n\n\n<figure class=\"wp-block-image size-full is-style-default\"><img loading=\"lazy\" decoding=\"async\" width=\"1800\" height=\"2142\" src=\"https:\/\/www.berti.net\/wp-content\/uploads\/2012\/05\/ringraziamento-elisabetta.jpg\" alt=\"\" class=\"wp-image-10267\" srcset=\"https:\/\/berti.net\/wp-content\/uploads\/2012\/05\/ringraziamento-elisabetta.jpg 1800w, https:\/\/berti.net\/wp-content\/uploads\/2012\/05\/ringraziamento-elisabetta-682x812.jpg 682w, https:\/\/berti.net\/wp-content\/uploads\/2012\/05\/ringraziamento-elisabetta-1613x1920.jpg 1613w, https:\/\/berti.net\/wp-content\/uploads\/2012\/05\/ringraziamento-elisabetta-768x914.jpg 768w, https:\/\/berti.net\/wp-content\/uploads\/2012\/05\/ringraziamento-elisabetta-1291x1536.jpg 1291w, https:\/\/berti.net\/wp-content\/uploads\/2012\/05\/ringraziamento-elisabetta-1721x2048.jpg 1721w\" sizes=\"auto, (max-width: 1800px) 100vw, 1800px\" \/><figcaption class=\"wp-element-caption\">SV-BERTI 6308-15<\/figcaption><\/figure>\n<\/div>\n<\/div>\n\n\n\n<div class=\"wp-block-group post-categories has-global-padding is-content-justification-left is-layout-constrained wp-container-core-group-is-layout-836d34cb wp-block-group-is-layout-constrained\" style=\"margin-top:var(--wp--preset--spacing--70);font-size:11px\">\n<div class=\"wp-block-group is-content-justification-center is-nowrap is-layout-flex wp-container-core-group-is-layout-60758a6d wp-block-group-is-layout-flex\">\n<p>Magazin \/<\/p>\n\n\n<div class=\"taxonomy-category wp-block-post-terms\"><a href=\"https:\/\/berti.net\/de\/magazine\/category\/produkte\/\" rel=\"tag\">Produkte<\/a><span class=\"wp-block-post-terms__separator\">, <\/span><a href=\"https:\/\/berti.net\/de\/magazine\/category\/projekte\/\" rel=\"tag\">Projekte<\/a><span class=\"wp-block-post-terms__separator\">, <\/span><a href=\"https:\/\/berti.net\/de\/magazine\/category\/veranstaltungen\/\" rel=\"tag\">Veranstaltungen<\/a><\/div><\/div>\n<\/div>\n<\/div>\n\n<p><\/p>\n","protected":false},"excerpt":{"rendered":"<p>Elizabeth II. von England feiert am 2. Juni ihr 60-j\u00e4hriges Jubil\u00e4um als K\u00f6nigin, die zweitl\u00e4ngste Regentschaft in der Geschichte der britischen Monarchie.<\/p>\n","protected":false},"author":9,"featured_media":23506,"comment_status":"closed","ping_status":"closed","sticky":false,"template":"","format":"standard","meta":{"footnotes":""},"categories":[161,179,178],"tags":[],"class_list":["post-23502","post","type-post","status-publish","format-standard","has-post-thumbnail","hentry","category-produkte","category-projekte","category-veranstaltungen"],"_links":{"self":[{"href":"https:\/\/berti.net\/de\/wp-json\/wp\/v2\/posts\/23502","targetHints":{"allow":["GET"]}}],"collection":[{"href":"https:\/\/berti.net\/de\/wp-json\/wp\/v2\/posts"}],"about":[{"href":"https:\/\/berti.net\/de\/wp-json\/wp\/v2\/types\/post"}],"author":[{"embeddable":true,"href":"https:\/\/berti.net\/de\/wp-json\/wp\/v2\/users\/9"}],"replies":[{"embeddable":true,"href":"https:\/\/berti.net\/de\/wp-json\/wp\/v2\/comments?post=23502"}],"version-history":[{"count":1,"href":"https:\/\/berti.net\/de\/wp-json\/wp\/v2\/posts\/23502\/revisions"}],"predecessor-version":[{"id":23519,"href":"https:\/\/berti.net\/de\/wp-json\/wp\/v2\/posts\/23502\/revisions\/23519"}],"wp:featuredmedia":[{"embeddable":true,"href":"https:\/\/berti.net\/de\/wp-json\/wp\/v2\/media\/23506"}],"wp:attachment":[{"href":"https:\/\/berti.net\/de\/wp-json\/wp\/v2\/media?parent=23502"}],"wp:term":[{"taxonomy":"category","embeddable":true,"href":"https:\/\/berti.net\/de\/wp-json\/wp\/v2\/categories?post=23502"},{"taxonomy":"post_tag","embeddable":true,"href":"https:\/\/berti.net\/de\/wp-json\/wp\/v2\/tags?post=23502"}],"curies":[{"name":"wp","href":"https:\/\/api.w.org\/{rel}","templated":true}]}}