{"id":23493,"date":"2012-06-12T12:42:59","date_gmt":"2012-06-12T12:42:59","guid":{"rendered":"https:\/\/www.berti.net\/magazine\/holz-uberall\/"},"modified":"2025-06-05T07:40:31","modified_gmt":"2025-06-05T07:40:31","slug":"holz-uberall","status":"publish","type":"post","link":"https:\/\/berti.net\/de\/magazine\/holz-uberall\/","title":{"rendered":"Holz \u00fcberall"},"content":{"rendered":"\n<div class=\"wp-block-group post-detail-pattern is-container has-base-2-color has-contrast-background-color has-text-color has-background has-link-color wp-elements-f48490be7ed289b2b5a7ec8bc4a397b3 has-global-padding is-layout-constrained wp-block-group-is-layout-constrained\" style=\"margin-top:0;margin-bottom:0;padding-top:var(--wp--preset--spacing--70);padding-bottom:var(--wp--preset--spacing--70)\">\n<div class=\"wp-block-columns alignwide is-layout-flex wp-container-core-columns-is-layout-d125203f wp-block-columns-is-layout-flex\" style=\"margin-bottom:var(--wp--preset--spacing--50)\">\n<div class=\"wp-block-column is-vertically-aligned-stretch is-layout-flow wp-block-column-is-layout-flow\" style=\"padding-right:0;flex-basis:50%\">\n<div class=\"wp-block-group is-vertical is-content-justification-stretch is-layout-flex wp-container-core-group-is-layout-e9e70883 wp-block-group-is-layout-flex\" style=\"min-height:100%\">\n<div class=\"wp-block-group post-categories is-nowrap is-layout-flex wp-container-core-group-is-layout-3155b93e wp-block-group-is-layout-flex\" style=\"margin-top:var(--wp--preset--spacing--20);font-size:11px\">\n<p>Magazin \/<\/p>\n\n\n<div class=\"taxonomy-category wp-block-post-terms\"><a href=\"https:\/\/berti.net\/de\/magazine\/category\/produkte\/\" rel=\"tag\">Produkte<\/a><span class=\"wp-block-post-terms__separator\">, <\/span><a href=\"https:\/\/berti.net\/de\/magazine\/category\/projekte\/\" rel=\"tag\">Projekte<\/a><\/div><\/div>\n\n\n<div style=\"font-style:normal;font-weight:600;text-transform:uppercase;\" class=\"has-link-color wp-elements-32859cd979b45056895d81c5660c23a0 wp-block-post-date has-text-color has-base-color has-s-font-size\"><time datetime=\"2012-06-12T12:42:59+00:00\">12 June 2012<\/time><\/div>\n\n\n<h1 class=\"wp-block-heading post-title\"><strong>Holz<\/strong> \u00fcberall<\/h1>\n\n\n\n<h2 class=\"wp-block-heading post-subtitle\" style=\"margin-bottom:var(--wp--preset--spacing--20)\"><strong>Holz<\/strong>, zweifellos das <strong>\u00e4lteste<\/strong> und <strong>klassischste<\/strong> Material, erlebt derzeit eine neue Jugend. Eigenschaften wie <strong>H\u00e4rte<\/strong>, <strong>Stabilit\u00e4t<\/strong> und <strong>Widerstandsf\u00e4higkeit<\/strong> werden jetzt zu den <strong>Tugenden der Zukunft<\/strong>. <\/h2>\n\n\n\n<p><strong>Das Design<\/strong> entscheidet sich f\u00fcr einen Perspektivwechsel: Klassiker werden wiederentdeckt, wobei der Schwerpunkt auf dem Studium der Vergangenheit liegt, bis hin zur Wiederentdeckung von Holz. Wie alle Trends, die einem Zyklus folgen, musste auch dieser fr\u00fcher oder sp\u00e4ter ein Comeback erleben. In einer hypertechnologischen und vollst\u00e4ndig computerisierten Welt besteht als Gegengewicht eine Nachfrage nach Elementen, die an die Vergangenheit erinnern, mit einem Auge f\u00fcr Technik und einem Vintage-Effekt, der in allen Bereichen Aufmerksamkeit erregt. Bei der Planung und Inneneinrichtung ist die Kombination aus Holz und Design wieder in Mode, nachdem lange Zeit Stahl und Hightech-Kunststoffe, Kunststoffe und Verbundwerkstoffe vorherrschten.   <\/p>\n\n\n\n<figure class=\"wp-block-image size-full is-style-default\"><img loading=\"lazy\" decoding=\"async\" width=\"800\" height=\"533\" src=\"https:\/\/www.berti.net\/wp-content\/uploads\/2012\/06\/rivestimenti_amb-1.jpg\" alt=\"\" class=\"wp-image-10213\" srcset=\"https:\/\/berti.net\/wp-content\/uploads\/2012\/06\/rivestimenti_amb-1.jpg 800w, https:\/\/berti.net\/wp-content\/uploads\/2012\/06\/rivestimenti_amb-1-768x512.jpg 768w\" sizes=\"auto, (max-width: 800px) 100vw, 800px\" \/><\/figure>\n\n\n\n<p>Ein dehnbares Material, leicht zu verarbeiten, \u00f6kologisch und in der Lage, eine Umgebung zu schaffen, die von der nat\u00fcrlichen W\u00e4rme des Holzes gepr\u00e4gt ist. Heute erobert Holz immer mehr R\u00e4ume in den H\u00e4usern, wir sind auf dem Weg, Objekte und unerforschte Gebiete zu entdecken, in denen es bisher kaum pr\u00e4sent war: angefangen von W\u00e4nden, die mit <strong>Holz verkleidet<\/strong> sind, bis hin zu Tischen, St\u00fchlen, Betten&#8230; kurz gesagt, \u00fcberall. <\/p>\n\n\n\n<p>Ein hervorragendes Beispiel, das Sie inzwischen alle kennen: die <strong>von <a href=\"https:\/\/blog.berti.net\/legno-everywhere\/www.berti.net\" target=\"_blank\" rel=\"noreferrer noopener\">Berti<\/a> angebotenen Wandverkleidungen<\/strong>, bei denen Fertigparkett keine Grenzen kennt und auch die Wandfl\u00e4che erobert. Dank der gro\u00dfen Auswahl an Holzarten und Oberfl\u00e4chen und der innovativen modularen Strukturen, die Berti f\u00fcr die W\u00e4nde entwickelt hat, ist es m\u00f6glich, jeden Raum kreativ zu gestalten. Es gibt auch Raum f\u00fcr die moderne Fantasie von Lichtquellen, die nach eigenem Geschmack entworfen und ausgew\u00e4hlt werden. Durch den Einsatz der led-rgb-Technologie auf dem Parkett erstrahlt die Wandverkleidung in einer neuen Dimension und schenkt dem Auge neue Emotionen.   <\/p>\n\n\n\n<figure class=\"wp-block-image size-full is-style-default\"><img loading=\"lazy\" decoding=\"async\" width=\"800\" height=\"802\" src=\"https:\/\/www.berti.net\/wp-content\/uploads\/2012\/06\/rivestimenti-led.jpg\" alt=\"\" class=\"wp-image-10217\" srcset=\"https:\/\/berti.net\/wp-content\/uploads\/2012\/06\/rivestimenti-led.jpg 800w, https:\/\/berti.net\/wp-content\/uploads\/2012\/06\/rivestimenti-led-406x406.jpg 406w, https:\/\/berti.net\/wp-content\/uploads\/2012\/06\/rivestimenti-led-768x770.jpg 768w\" sizes=\"auto, (max-width: 800px) 100vw, 800px\" \/><\/figure>\n\n\n\n<p>Aber auch auf einer <em>Chaiselongue<\/em>: ein Beispiel <em>Chaise Longue Body Raft von Cappellinirealizzata<\/em>mit Profilen aus gebogenem nat\u00fcrlichem Buchenholz.<\/p>\n\n\n\n<figure class=\"wp-block-image size-full is-style-default\"><img loading=\"lazy\" decoding=\"async\" width=\"600\" height=\"369\" src=\"https:\/\/www.berti.net\/wp-content\/uploads\/2012\/06\/chaise-longue.jpg\" alt=\"\" class=\"wp-image-10220\"\/><\/figure>\n<\/div>\n<\/div>\n\n\n\n<div class=\"wp-block-column is-layout-flow wp-container-core-column-is-layout-22223934 wp-block-column-is-layout-flow\" style=\"flex-basis:50%\">\n<p>Ein weiterer interessanter Vorschlag ist die Badewanne <em>Ofur\u00f2, die von Matteo Thun f\u00fcr Rapsel entworfen wurde<\/em>. Sie besteht aus massiven Latten aus sibirischem L\u00e4rchenholz und ist inspiriert von den Anregungen traditioneller japanischer Badewannen, in denen das Baderitual t\u00e4glich wiederholt wird, um nicht nur den K\u00f6rper, sondern auch den Geist zu reinigen.<\/p>\n\n\n\n<figure class=\"wp-block-image size-full is-style-default\"><img loading=\"lazy\" decoding=\"async\" width=\"489\" height=\"399\" src=\"https:\/\/www.berti.net\/wp-content\/uploads\/2012\/06\/vasca_RAPSEL.jpg\" alt=\"\" class=\"wp-image-10223\"\/><\/figure>\n\n\n\n<p>Nat\u00fcrlich fehlt es auch nicht an Einrichtungsaccessoires: <em>Luca Nichetto hat f\u00fcr Foscarini<\/em> die Leuchte <em>Troag <\/em> <em>entworfen<\/em>, die von der schwedischen Kultur inspiriert ist: der Name weist auf eine kanuf\u00f6rmige Holzschale hin, die zum Zerkleinern von Obst verwendet wird. Das Hauptmaterial ist mehrschichtiges Holz, das an den Kanten bearbeitet und durch Hitze gebogen wurde, um die Maserung des Holzes zu betonen, dem wahren Protagonisten des konzeptionellen Designs. <\/p>\n\n\n\n<figure class=\"wp-block-image size-full is-style-default\"><img loading=\"lazy\" decoding=\"async\" width=\"489\" height=\"227\" src=\"https:\/\/www.berti.net\/wp-content\/uploads\/2012\/06\/5040_BIG_Troag_big.jpg\" alt=\"\" class=\"wp-image-10226\"\/><\/figure>\n\n\n\n<p>K\u00f6nnen wir \u00fcber <em>Woodnomania<\/em> sprechen? Das w\u00fcrden wir gerne glauben! <\/p>\n<\/div>\n<\/div>\n\n\n\n<div class=\"wp-block-group post-categories has-global-padding is-content-justification-left is-layout-constrained wp-container-core-group-is-layout-836d34cb wp-block-group-is-layout-constrained\" style=\"margin-top:var(--wp--preset--spacing--70);font-size:11px\">\n<div class=\"wp-block-group is-content-justification-center is-nowrap is-layout-flex wp-container-core-group-is-layout-60758a6d wp-block-group-is-layout-flex\">\n<p>Magazin \/<\/p>\n\n\n<div class=\"taxonomy-category wp-block-post-terms\"><a href=\"https:\/\/berti.net\/de\/magazine\/category\/produkte\/\" rel=\"tag\">Produkte<\/a><span class=\"wp-block-post-terms__separator\">, <\/span><a href=\"https:\/\/berti.net\/de\/magazine\/category\/projekte\/\" rel=\"tag\">Projekte<\/a><\/div><\/div>\n<\/div>\n<\/div>\n\n<p><\/p>\n","protected":false},"excerpt":{"rendered":"<p>Holz, zweifellos das \u00e4lteste und klassischste Material, erlebt derzeit eine neue Jugend.<\/p>\n","protected":false},"author":9,"featured_media":23494,"comment_status":"closed","ping_status":"closed","sticky":false,"template":"","format":"standard","meta":{"footnotes":""},"categories":[161,179],"tags":[],"class_list":["post-23493","post","type-post","status-publish","format-standard","has-post-thumbnail","hentry","category-produkte","category-projekte"],"_links":{"self":[{"href":"https:\/\/berti.net\/de\/wp-json\/wp\/v2\/posts\/23493","targetHints":{"allow":["GET"]}}],"collection":[{"href":"https:\/\/berti.net\/de\/wp-json\/wp\/v2\/posts"}],"about":[{"href":"https:\/\/berti.net\/de\/wp-json\/wp\/v2\/types\/post"}],"author":[{"embeddable":true,"href":"https:\/\/berti.net\/de\/wp-json\/wp\/v2\/users\/9"}],"replies":[{"embeddable":true,"href":"https:\/\/berti.net\/de\/wp-json\/wp\/v2\/comments?post=23493"}],"version-history":[{"count":1,"href":"https:\/\/berti.net\/de\/wp-json\/wp\/v2\/posts\/23493\/revisions"}],"predecessor-version":[{"id":23500,"href":"https:\/\/berti.net\/de\/wp-json\/wp\/v2\/posts\/23493\/revisions\/23500"}],"wp:featuredmedia":[{"embeddable":true,"href":"https:\/\/berti.net\/de\/wp-json\/wp\/v2\/media\/23494"}],"wp:attachment":[{"href":"https:\/\/berti.net\/de\/wp-json\/wp\/v2\/media?parent=23493"}],"wp:term":[{"taxonomy":"category","embeddable":true,"href":"https:\/\/berti.net\/de\/wp-json\/wp\/v2\/categories?post=23493"},{"taxonomy":"post_tag","embeddable":true,"href":"https:\/\/berti.net\/de\/wp-json\/wp\/v2\/tags?post=23493"}],"curies":[{"name":"wp","href":"https:\/\/api.w.org\/{rel}","templated":true}]}}