{"id":23485,"date":"2013-04-24T12:22:29","date_gmt":"2013-04-24T12:22:29","guid":{"rendered":"https:\/\/www.berti.net\/magazine\/chatkaffee-mit-vincenzo-provenzano\/"},"modified":"2025-06-05T07:40:29","modified_gmt":"2025-06-05T07:40:29","slug":"chatkaffee-mit-vincenzo-provenzano","status":"publish","type":"post","link":"https:\/\/berti.net\/de\/magazine\/chatkaffee-mit-vincenzo-provenzano\/","title":{"rendered":"Chat&amp;Kaffee mit&#8230; Vincenzo Provenzano"},"content":{"rendered":"\n<div class=\"wp-block-group post-detail-pattern is-container has-base-2-color has-contrast-background-color has-text-color has-background has-link-color wp-elements-8d8ee58d5f8ae797240c37fdbaccd004 has-global-padding is-layout-constrained wp-block-group-is-layout-constrained\" style=\"margin-top:0;margin-bottom:0;padding-top:var(--wp--preset--spacing--70);padding-bottom:var(--wp--preset--spacing--70)\">\n<div class=\"wp-block-columns alignwide is-layout-flex wp-container-core-columns-is-layout-d125203f wp-block-columns-is-layout-flex\" style=\"margin-bottom:var(--wp--preset--spacing--50)\">\n<div class=\"wp-block-column is-vertically-aligned-stretch is-layout-flow wp-block-column-is-layout-flow\" style=\"padding-right:0;flex-basis:50%\">\n<div class=\"wp-block-group is-vertical is-content-justification-stretch is-layout-flex wp-container-core-group-is-layout-e9e70883 wp-block-group-is-layout-flex\" style=\"min-height:100%\">\n<div class=\"wp-block-group post-categories is-nowrap is-layout-flex wp-container-core-group-is-layout-3155b93e wp-block-group-is-layout-flex\" style=\"margin-top:var(--wp--preset--spacing--20);font-size:11px\">\n<p>Magazin \/<\/p>\n\n\n<div class=\"taxonomy-category wp-block-post-terms\"><a href=\"https:\/\/berti.net\/de\/magazine\/category\/produkte\/\" rel=\"tag\">Produkte<\/a><span class=\"wp-block-post-terms__separator\">, <\/span><a href=\"https:\/\/berti.net\/de\/magazine\/category\/projekte\/\" rel=\"tag\">Projekte<\/a><\/div><\/div>\n\n\n<div style=\"font-style:normal;font-weight:600;text-transform:uppercase;\" class=\"has-link-color wp-elements-32859cd979b45056895d81c5660c23a0 wp-block-post-date has-text-color has-base-color has-s-font-size\"><time datetime=\"2013-04-24T12:22:29+00:00\">24 April 2013<\/time><\/div>\n\n\n<h1 class=\"wp-block-heading post-title\"><strong>Chat&amp;Kaffee<\/strong> mit&#8230;<strong>Vincenzo Provenzano<\/strong><\/h1>\n\n\n\n<h2 class=\"wp-block-heading post-subtitle\" style=\"margin-bottom:var(--wp--preset--spacing--20)\"><strong><a href=\"https:\/\/www.berti.net\/de\/\" target=\"_blank\" rel=\"noreferrer noopener\">Berti<\/a> <\/strong>nimmt die Kolumne wieder auf <a href=\"https:\/\/blog.berti.net\/category\/chat-coffee\" target=\"_blank\" rel=\"noreferrer noopener\"><strong>Chat&amp;Kaffee<\/strong><\/a>um ein junges Talent in der Welt des Designs zu entdecken, das wie wir das Parkett als einen der Protagonisten bei der Wahl der Inneneinrichtung betrachtet. Es handelt sich um <strong>Vincenzo Provenzano<\/strong>, der seit 2010 in Jeddah als Chefarchitekt f\u00fcr das <a href=\"https:\/\/www.udg.com.sa\/site.htm\" target=\"_blank\" rel=\"noreferrer noopener\">Studio <strong>UDG<\/strong> (Urban Design Group)<\/a> arbeitet . Nach einer ersten Ausbildung in lokalen technischen B\u00fcros hat er sich auf Nachhaltigkeit und umweltfreundliche Architektur spezialisiert. Er lebt seit 2010 in Jeddah (KSA). Wir haben uns mit ihm getroffen, um mit ihm zu plaudern und eine Insiderperspektive auf einen Markt zu bekommen, der so interessant ist und immer neue Entwicklungen und Projekte hervorbringt wie Saudi-Arabien.    <\/h2>\n\n\n\n<figure class=\"wp-block-image size-full is-style-default\"><img loading=\"lazy\" decoding=\"async\" width=\"800\" height=\"1208\" src=\"https:\/\/www.berti.net\/wp-content\/uploads\/2013\/04\/Vincenzo-Provenzano2.jpg\" alt=\"\" class=\"wp-image-9393\" srcset=\"https:\/\/berti.net\/wp-content\/uploads\/2013\/04\/Vincenzo-Provenzano2.jpg 800w, https:\/\/berti.net\/wp-content\/uploads\/2013\/04\/Vincenzo-Provenzano2-199x300.jpg 199w, https:\/\/berti.net\/wp-content\/uploads\/2013\/04\/Vincenzo-Provenzano2-678x1024.jpg 678w, https:\/\/berti.net\/wp-content\/uploads\/2013\/04\/Vincenzo-Provenzano2-768x1160.jpg 768w\" sizes=\"auto, (max-width: 800px) 100vw, 800px\" \/><\/figure>\n\n\n\n<p><em><strong>Was bewegt einen jungen italienischen Architekten dazu, ins Ausland zu gehen?<\/strong><\/em><\/p>\n\n\n\n<p>Ich k\u00f6nnte trivialerweise sagen, dass in einer Zeit der Krise, wie wir sie derzeit erleben, die Hauptmotivation, ins Ausland zu gehen, einfach darin besteht, einen <strong>Job zu<\/strong> finden.<\/p>\n\n\n\n<p>In Wirklichkeit ist das Problem viel komplexer, als es scheint, denn in Italien sto\u00dfen die Architekten der letzten Generationen im Allgemeinen auf mehrere Hindernisse beim Eintritt in die Arbeitswelt, sowohl im privaten Sektor als auch in den lokalen Verwaltungen.<\/p>\n\n\n\n<p>Was speziell den privaten Sektor betrifft, so hat meiner Meinung nach in den letzten Jahren in Italien die Autorit\u00e4t der Figur des Architekten immer mehr abgenommen. Dazu kommt der beeindruckende Niedergang des Bausektors, der auch in Europa zu beobachten ist. <\/p>\n\n\n\n<p>Aber letztendlich ist es vor allem der Wunsch, in einer <strong>dynamischeren<\/strong> Realit\u00e4t als Italien zu arbeiten, der uns dazu bringt, eine Wende in unserem Leben zu vollziehen, da wir oft der Schwierigkeiten in unserem Heimatland \u00fcberdr\u00fcssig sind: In meinem Fall habe ich die M\u00f6glichkeit, Projekte in einem Land durchzuf\u00fchren, das st\u00e4ndig expandiert und \u00fcber eine bedeutende wirtschaftliche Verf\u00fcgbarkeit verf\u00fcgt wie Saudi-Arabien. Das Gleiche geschieht andererseits in vielen anderen Bereichen. Viele junge Fachleute und Forscher, die in Italien nicht die M\u00f6glichkeit haben, sich zu etablieren, gehen ins Ausland, wo sie es schaffen, sich zu etablieren, weil sie durch g\u00fcnstigere Bedingungen ermutigt werden.  <\/p>\n\n\n\n<p><em><strong>Wie finden Sie die Arbeit in Saudi-Arabien? Was sind die Herausforderungen und Chancen auf diesem Markt? <\/strong><\/em><\/p>\n\n\n\n<p>Ich w\u00fcrde sagen, dass ich mich ziemlich gl\u00fccklich sch\u00e4tzen kann: Ich habe die M\u00f6glichkeit, als Chefarchitekt in einem jungen, professionellen und st\u00e4ndig <strong>wachsenden<\/strong> Unternehmen zu arbeiten. UDG (Urban Design Group) wurde als <em>Innenarchitekturb\u00fcro<\/em> gegr\u00fcndet, etabliert sich aber allm\u00e4hlich auch im Bereich der Architektur. Meine Herausforderung besteht genau darin, immer mehr Raum in diesem Sektor zu erobern, indem ich hochwertiges Design vorschlage, das sich von der lokalen Designrealit\u00e4t abhebt, die oft in nicht mehr ganz aktuellen Konzepten stecken bleibt. Offensichtlich habe ich hier oft die <strong>Gelegenheit<\/strong>, mich um ziemlich bedeutende Projekte zu k\u00fcmmern: nicht nur in Bezug auf die Gr\u00f6\u00dfe, die weit \u00fcber unsere Standards hinausgeht, sondern auch in Bezug auf die Qualit\u00e4t der verwendeten Materialien und der ma\u00dfgefertigten Elemente.  <\/p>\n\n\n\n<p><em><strong>Wie wichtig ist Made in Italy und wie wird es im Ausland wahrgenommen?<\/strong><\/em><\/p>\n\n\n\n<p>Hier in Saudi-Arabien und im Nahen Osten im Allgemeinen genie\u00dft das <em>Made in Italy<\/em> gro\u00dfes <strong>Ansehen<\/strong>: Die Kunden wissen, dass sie sich an den italienischen Markt wenden sollten, wenn sie qualitativ hochwertige Materialien in Form von Veredelungen oder Einrichtungsgegenst\u00e4nden w\u00fcnschen, der zweifellos ein Synonym f\u00fcr <strong>Luxus<\/strong> ist.<\/p>\n\n\n\n<p>Auch italienische Designer genie\u00dfen eine gewisse <strong>Autorit\u00e4t<\/strong>: Das liegt nicht nur an der Wertsch\u00e4tzung, die unser Land hier und in der Welt genie\u00dft, sondern auch an der Ausbildung, die wir an unseren Universit\u00e4ten erhalten haben, die wir allzu oft verachten.<\/p>\n\n\n\n<p><em><strong>K\u00f6nnen Sie uns etwas \u00fcber eines Ihrer Projekte erz\u00e4hlen?<\/strong><\/em><\/p>\n\n\n\n<p>Das Projekt, an dem ich in letzter Zeit gearbeitet habe und das nun kurz vor der Fertigstellung steht, ist ein Komplex von vier Wohnh\u00e4usern am Meer in einem k\u00fcrzlich erweiterten Gebiet n\u00f6rdlich von Jeddah.<\/p>\n\n\n\n<p>Es entstand als Erweiterung eines neu gebauten <strong>Resorts im balinesischen Stil<\/strong> mit Blick auf das Rote Meer. Der Wunsch des Kunden war es, das Resort um einen separaten Bereich mit vier Villen f\u00fcr seine Kinder zu erweitern.<\/p>\n\n\n\n<p>Da das zur Verf\u00fcgung stehende Grundst\u00fcck schmal und lang ist und die kurze Seite dem Meer zugewandt ist, bestand das Hauptproblem darin, alle Wohnungen mit Meerblick zu versehen.<\/p>\n\n\n\n<p>Mein Vorschlag zielte darauf ab, dieses Problem zu l\u00f6sen, zusammen mit dem Wunsch, balinesische Architektur in einer zeitgen\u00f6ssischen Tonart vorzuschlagen, nicht nur in der Form, sondern vor allem in der Substanz. Ich bin also von den morphologischen Elementen ausgegangen, die die Besonderheit der balinesischen Geb\u00e4ude ausmachen, ohne dabei unbedingt auf die f\u00fcr ihre Herkunftsorte typischen dekorativen Elemente einzugehen. <\/p>\n\n\n\n<p>Die vier Wohnungen wurden so in einen einzigen Komplex integriert (basierend auf einem Modul von 1,20\u00d71,20 Metern), der sich in verschiedene Volumen gliedert, die U-f\u00f6rmig um einen zentralen Hof angeordnet sind, der nur zum Meer hin offen ist. Die Grundelemente sind verschiedene Plattformen auf unterschiedlichen Ebenen, die zum Meer hin abfallen, aus Marmor Bianco Inici, die sich mit verschiedenen Teichen, Gartenteilen und einem Swimmingpool abwechseln, der in einen S\u00e4ulengang im Erdgeschoss integriert ist. <\/p>\n\n\n\n<p>Das Ganze wurde als eine Reihe von sich abwechselnden <strong>Massen und Leerr\u00e4umen<\/strong> konzipiert, wobei versucht wurde, so viel Kontinuit\u00e4t wie m\u00f6glich zwischen Innen- und Au\u00dfenraum aufrechtzuerhalten: Die Massen werden durch steinerne Quader ohne \u00d6ffnungen dargestellt, in denen sich die Badezimmer und andere Dienstleistungen befinden; die Leerr\u00e4ume hingegen bestehen aus gro\u00dfen Glasschiebefenstern mit Iroko-Rahmen, die entsprechend behandelt wurden, um die Sonnenstrahlen zu filtern.<\/p>\n<\/div>\n<\/div>\n\n\n\n<div class=\"wp-block-column is-layout-flow wp-container-core-column-is-layout-22223934 wp-block-column-is-layout-flow\" style=\"flex-basis:50%\">\n<p>Die gew\u00e4hlten Materialien sind im Wesentlichen drei: Stein, Marmor und Holz. F\u00fcr die Verkleidung der Fassaden und einiger Innenr\u00e4ume wurde frisch polierter<strong> Stein<\/strong> verwendet. <strong>Marmor<\/strong> (in den Gr\u00f6\u00dfen 60\u00d7120 cm und 120\u00d7120 cm, mit einer satinierten Stahloberfl\u00e4che) wurde f\u00fcr die meisten Bodenbel\u00e4ge im Innen- und Au\u00dfenbereich verwendet. <strong>Holz<\/strong> hingegen wurde f\u00fcr einige Innen- und Au\u00dfenverkleidungen sowie f\u00fcr die B\u00f6den in den Schlafzimmern verwendet. Das verwendete <strong>Parkett<\/strong> ist eine mokkafarbene Eiche, hergestellt von <strong><a href=\"https:\/\/www.berti.net\/de\/\" target=\"_blank\" rel=\"noreferrer noopener\">Berti<\/a><\/strong> speziell f\u00fcr dieses Projekt hergestellt wurde: Ich brauchte ein dunkles Holz, das den gleichen Farbton hat wie die Fensterrahmen und die freiliegenden Balken, aber gleichzeitig feuchtigkeitsbest\u00e4ndig ist, damit es auch in den Badezimmern verwendet werden kann, die in vielen F\u00e4llen zu den jeweiligen Schlafzimmern hin offen sind. Berti war die beste Antwort auf dieses Bed\u00fcrfnis. Es ist eine <strong><a href=\"https:\/\/www.berti.net\/collezioni\/berti\/parquet-prefiniti-antico\" target=\"_blank\" rel=\"noreferrer noopener\">thermisch gebrannte Eiche<\/a><\/strong>die einem ausgekl\u00fcgelten Verfahren unterzogen wurde, das darauf abzielt, den Zusammenhalt und die Kompaktheit der Fasern zu erh\u00f6hen und gleichzeitig hervorragende mechanische Eigenschaften und Festigkeit zu erzielen. Durch die Thermobehandlung erh\u00e4lt das Holz eine einheitliche, dunklere Farbe: Durch die Anpassung von Zeit und Temperatur war es m\u00f6glich, den richtigen Farbton f\u00fcr den Raum zu erzielen.       <\/p>\n\n\n\n<figure class=\"wp-block-image size-full is-style-default\"><img loading=\"lazy\" decoding=\"async\" width=\"800\" height=\"526\" src=\"https:\/\/www.berti.net\/wp-content\/uploads\/2013\/04\/rendering-villa-jeddah-UDG-Berti-parquet_1.jpg\" alt=\"\" class=\"wp-image-9396\" srcset=\"https:\/\/berti.net\/wp-content\/uploads\/2013\/04\/rendering-villa-jeddah-UDG-Berti-parquet_1.jpg 800w, https:\/\/berti.net\/wp-content\/uploads\/2013\/04\/rendering-villa-jeddah-UDG-Berti-parquet_1-300x197.jpg 300w, https:\/\/berti.net\/wp-content\/uploads\/2013\/04\/rendering-villa-jeddah-UDG-Berti-parquet_1-768x505.jpg 768w\" sizes=\"auto, (max-width: 800px) 100vw, 800px\" \/><\/figure>\n\n\n\n<figure class=\"wp-block-image size-full is-style-default\"><img loading=\"lazy\" decoding=\"async\" width=\"800\" height=\"526\" src=\"https:\/\/www.berti.net\/wp-content\/uploads\/2013\/04\/rendering-villa-jeddah-UDG-Berti-parquet_2.jpg\" alt=\"\" class=\"wp-image-9399\" srcset=\"https:\/\/berti.net\/wp-content\/uploads\/2013\/04\/rendering-villa-jeddah-UDG-Berti-parquet_2.jpg 800w, https:\/\/berti.net\/wp-content\/uploads\/2013\/04\/rendering-villa-jeddah-UDG-Berti-parquet_2-300x197.jpg 300w, https:\/\/berti.net\/wp-content\/uploads\/2013\/04\/rendering-villa-jeddah-UDG-Berti-parquet_2-768x505.jpg 768w\" sizes=\"auto, (max-width: 800px) 100vw, 800px\" \/><\/figure>\n\n\n\n<figure class=\"wp-block-image size-full is-style-default\"><img loading=\"lazy\" decoding=\"async\" width=\"800\" height=\"526\" src=\"https:\/\/www.berti.net\/wp-content\/uploads\/2013\/04\/rendering-villa-jeddah-UDG-Berti-parquet_3.jpg\" alt=\"\" class=\"wp-image-9402\" srcset=\"https:\/\/berti.net\/wp-content\/uploads\/2013\/04\/rendering-villa-jeddah-UDG-Berti-parquet_3.jpg 800w, https:\/\/berti.net\/wp-content\/uploads\/2013\/04\/rendering-villa-jeddah-UDG-Berti-parquet_3-300x197.jpg 300w, https:\/\/berti.net\/wp-content\/uploads\/2013\/04\/rendering-villa-jeddah-UDG-Berti-parquet_3-768x505.jpg 768w\" sizes=\"auto, (max-width: 800px) 100vw, 800px\" \/><\/figure>\n\n\n\n<figure class=\"wp-block-image size-full is-style-default\"><img loading=\"lazy\" decoding=\"async\" width=\"800\" height=\"526\" src=\"https:\/\/www.berti.net\/wp-content\/uploads\/2013\/04\/rendering-villa-jeddah-UDG-Berti-parquet_4.jpg\" alt=\"\" class=\"wp-image-9405\" srcset=\"https:\/\/berti.net\/wp-content\/uploads\/2013\/04\/rendering-villa-jeddah-UDG-Berti-parquet_4.jpg 800w, https:\/\/berti.net\/wp-content\/uploads\/2013\/04\/rendering-villa-jeddah-UDG-Berti-parquet_4-300x197.jpg 300w, https:\/\/berti.net\/wp-content\/uploads\/2013\/04\/rendering-villa-jeddah-UDG-Berti-parquet_4-768x505.jpg 768w\" sizes=\"auto, (max-width: 800px) 100vw, 800px\" \/><\/figure>\n\n\n\n<figure class=\"wp-block-image size-full is-style-default\"><img loading=\"lazy\" decoding=\"async\" width=\"800\" height=\"526\" src=\"https:\/\/www.berti.net\/wp-content\/uploads\/2013\/04\/rendering-villa-jeddah-UDG-Berti-parquet_5.jpg\" alt=\"\" class=\"wp-image-9408\" srcset=\"https:\/\/berti.net\/wp-content\/uploads\/2013\/04\/rendering-villa-jeddah-UDG-Berti-parquet_5.jpg 800w, https:\/\/berti.net\/wp-content\/uploads\/2013\/04\/rendering-villa-jeddah-UDG-Berti-parquet_5-300x197.jpg 300w, https:\/\/berti.net\/wp-content\/uploads\/2013\/04\/rendering-villa-jeddah-UDG-Berti-parquet_5-768x505.jpg 768w\" sizes=\"auto, (max-width: 800px) 100vw, 800px\" \/><\/figure>\n<\/div>\n<\/div>\n\n\n\n<div class=\"wp-block-group post-categories has-global-padding is-content-justification-left is-layout-constrained wp-container-core-group-is-layout-836d34cb wp-block-group-is-layout-constrained\" style=\"margin-top:var(--wp--preset--spacing--70);font-size:11px\">\n<div class=\"wp-block-group is-content-justification-center is-nowrap is-layout-flex wp-container-core-group-is-layout-60758a6d wp-block-group-is-layout-flex\">\n<p>Magazin \/<\/p>\n\n\n<div class=\"taxonomy-category wp-block-post-terms\"><a href=\"https:\/\/berti.net\/de\/magazine\/category\/produkte\/\" rel=\"tag\">Produkte<\/a><span class=\"wp-block-post-terms__separator\">, <\/span><a href=\"https:\/\/berti.net\/de\/magazine\/category\/projekte\/\" rel=\"tag\">Projekte<\/a><\/div><\/div>\n<\/div>\n<\/div>\n\n<p><\/p>\n","protected":false},"excerpt":{"rendered":"<p>Berti nimmt die Chat&amp;Coffee-Kolumne wieder auf, um ein junges Talent in der Welt des Designs zu entdecken: Vincenzo Provenzano.<\/p>\n","protected":false},"author":9,"featured_media":23486,"comment_status":"closed","ping_status":"closed","sticky":false,"template":"","format":"standard","meta":{"footnotes":""},"categories":[161,179],"tags":[],"class_list":["post-23485","post","type-post","status-publish","format-standard","has-post-thumbnail","hentry","category-produkte","category-projekte"],"_links":{"self":[{"href":"https:\/\/berti.net\/de\/wp-json\/wp\/v2\/posts\/23485","targetHints":{"allow":["GET"]}}],"collection":[{"href":"https:\/\/berti.net\/de\/wp-json\/wp\/v2\/posts"}],"about":[{"href":"https:\/\/berti.net\/de\/wp-json\/wp\/v2\/types\/post"}],"author":[{"embeddable":true,"href":"https:\/\/berti.net\/de\/wp-json\/wp\/v2\/users\/9"}],"replies":[{"embeddable":true,"href":"https:\/\/berti.net\/de\/wp-json\/wp\/v2\/comments?post=23485"}],"version-history":[{"count":1,"href":"https:\/\/berti.net\/de\/wp-json\/wp\/v2\/posts\/23485\/revisions"}],"predecessor-version":[{"id":23492,"href":"https:\/\/berti.net\/de\/wp-json\/wp\/v2\/posts\/23485\/revisions\/23492"}],"wp:featuredmedia":[{"embeddable":true,"href":"https:\/\/berti.net\/de\/wp-json\/wp\/v2\/media\/23486"}],"wp:attachment":[{"href":"https:\/\/berti.net\/de\/wp-json\/wp\/v2\/media?parent=23485"}],"wp:term":[{"taxonomy":"category","embeddable":true,"href":"https:\/\/berti.net\/de\/wp-json\/wp\/v2\/categories?post=23485"},{"taxonomy":"post_tag","embeddable":true,"href":"https:\/\/berti.net\/de\/wp-json\/wp\/v2\/tags?post=23485"}],"curies":[{"name":"wp","href":"https:\/\/api.w.org\/{rel}","templated":true}]}}