{"id":23461,"date":"2012-07-12T11:20:08","date_gmt":"2012-07-12T11:20:08","guid":{"rendered":"https:\/\/www.berti.net\/magazine\/vepal-decking-die-marke-vepal-wpc-fur-bodenbelage-im-ausenbereich\/"},"modified":"2025-06-05T07:40:26","modified_gmt":"2025-06-05T07:40:26","slug":"vepal-decking-die-marke-vepal-wpc-fur-bodenbelage-im-ausenbereich","status":"publish","type":"post","link":"https:\/\/berti.net\/de\/magazine\/vepal-decking-die-marke-vepal-wpc-fur-bodenbelage-im-ausenbereich\/","title":{"rendered":"Vepal Decking: die Marke Vepal Wpc f\u00fcr Bodenbel\u00e4ge im Au\u00dfenbereich"},"content":{"rendered":"\n<div class=\"wp-block-group post-detail-pattern is-container has-base-2-color has-contrast-background-color has-text-color has-background has-link-color wp-elements-850eb652050f30543dd39e819ccf01e9 has-global-padding is-layout-constrained wp-block-group-is-layout-constrained\" style=\"margin-top:0;margin-bottom:0;padding-top:var(--wp--preset--spacing--70);padding-bottom:var(--wp--preset--spacing--70)\">\n<div class=\"wp-block-columns alignwide is-layout-flex wp-container-core-columns-is-layout-d125203f wp-block-columns-is-layout-flex\" style=\"margin-bottom:var(--wp--preset--spacing--50)\">\n<div class=\"wp-block-column is-vertically-aligned-stretch is-layout-flow wp-block-column-is-layout-flow\" style=\"padding-right:0;flex-basis:50%\">\n<div class=\"wp-block-group is-vertical is-content-justification-stretch is-layout-flex wp-container-core-group-is-layout-e9e70883 wp-block-group-is-layout-flex\" style=\"min-height:100%\">\n<div class=\"wp-block-group post-categories is-nowrap is-layout-flex wp-container-core-group-is-layout-3155b93e wp-block-group-is-layout-flex\" style=\"margin-top:var(--wp--preset--spacing--20);font-size:11px\">\n<p>Magazin \/<\/p>\n\n\n<div class=\"taxonomy-category wp-block-post-terms\"><a href=\"https:\/\/berti.net\/de\/magazine\/category\/produkte\/\" rel=\"tag\">Produkte<\/a><span class=\"wp-block-post-terms__separator\">, <\/span><a href=\"https:\/\/berti.net\/de\/magazine\/category\/projekte\/\" rel=\"tag\">Projekte<\/a><\/div><\/div>\n\n\n<div style=\"font-style:normal;font-weight:600;text-transform:uppercase;\" class=\"has-link-color wp-elements-32859cd979b45056895d81c5660c23a0 wp-block-post-date has-text-color has-base-color has-s-font-size\"><time datetime=\"2012-07-12T11:20:08+00:00\">12 July 2012<\/time><\/div>\n\n\n<h1 class=\"wp-block-heading post-title\"><strong>Vepal Terrassendielen<\/strong><strong>:<\/strong><br\/><strong> Der Au\u00dfenbelag der Marke<strong>Wpc<\/strong> <strong><a href=\"https:\/\/www.vepal.it\/\" target=\"_blank\" rel=\"noreferrer noopener\">Vepal<\/a><\/strong>. <\/strong> <\/h1>\n\n\n\n<h2 class=\"wp-block-heading post-subtitle\" style=\"margin-bottom:var(--wp--preset--spacing--20)\">Kehren wir zu einem Thema zur\u00fcck, das wir bereits behandelt haben: das <a href=\"https:\/\/blog.berti.net\/il-parquet-allesterno-berti-havana\"><strong>Au\u00dfenparkett<\/strong><\/a>. Diesmal geht es jedoch um die <strong>Kunststoffdielen<\/strong>, die von <a href=\"https:\/\/www.vepal.it\/\" target=\"_blank\" rel=\"noreferrer noopener\"><strong>Vepal<\/strong><\/a>.   <\/h2>\n\n\n\n<p>Dies ist ein Au\u00dfenparkett aus absolut \u00f6kologischem, recycelbarem und umweltfreundlichem Material. Die verwendeten Materialien bestehen zu 60 Prozent aus Pappelholzmehl, zu 35 Prozent aus hochwertigen und angemessen recycelten Kunststoffen und zu 5 Prozent aus Zusatzstoffen (Antioxidantien, Stabilisatoren, Farbstoffe, Festigungsmittel und Schmiermittel). Es ist eine umweltfreundliche Alternative, da es die Vorteile von Holz mit der Haltbarkeit von Kunststoffen kombiniert.  <\/p>\n\n\n\n<figure class=\"wp-block-image size-full is-style-default\"><img loading=\"lazy\" decoding=\"async\" width=\"912\" height=\"581\" src=\"https:\/\/www.berti.net\/wp-content\/uploads\/2012\/07\/Vepal-Decking-Wpc_2.jpg\" alt=\"\" class=\"wp-image-10158\" srcset=\"https:\/\/berti.net\/wp-content\/uploads\/2012\/07\/Vepal-Decking-Wpc_2.jpg 912w, https:\/\/berti.net\/wp-content\/uploads\/2012\/07\/Vepal-Decking-Wpc_2-812x517.jpg 812w, https:\/\/berti.net\/wp-content\/uploads\/2012\/07\/Vepal-Decking-Wpc_2-768x489.jpg 768w\" sizes=\"auto, (max-width: 912px) 100vw, 912px\" \/><\/figure>\n\n\n\n<p>Vepal Decking Plastic Wood ist ein Produkt, das speziell f\u00fcr Gartenm\u00f6bel und Outdoor-M\u00f6bel im Allgemeinen entwickelt wurde. Die Anwendungen k\u00f6nnen wirklich sehr vielf\u00e4ltig sein: Gartenwege und -\u00fcberg\u00e4nge, Pavillonb\u00f6den, Au\u00dfenpflaster f\u00fcr Kneipen, Restaurants und Parkpl\u00e4tze, Promenadenwege, Gartenpodeste und -stufen, Schwimmbadpflaster, Pflastersteine, Golfpl\u00e4tze. <\/p>\n\n\n\n<figure class=\"wp-block-image size-full is-style-default\"><img loading=\"lazy\" decoding=\"async\" width=\"912\" height=\"581\" src=\"https:\/\/www.berti.net\/wp-content\/uploads\/2012\/07\/Vepal-Decking-Wpc_3.jpg\" alt=\"\" class=\"wp-image-10161\" srcset=\"https:\/\/berti.net\/wp-content\/uploads\/2012\/07\/Vepal-Decking-Wpc_3.jpg 912w, https:\/\/berti.net\/wp-content\/uploads\/2012\/07\/Vepal-Decking-Wpc_3-812x517.jpg 812w, https:\/\/berti.net\/wp-content\/uploads\/2012\/07\/Vepal-Decking-Wpc_3-768x489.jpg 768w\" sizes=\"auto, (max-width: 912px) 100vw, 912px\" \/><\/figure>\n\n\n\n<figure class=\"wp-block-image size-full is-style-default\"><img loading=\"lazy\" decoding=\"async\" width=\"1945\" height=\"1300\" src=\"https:\/\/www.berti.net\/wp-content\/uploads\/2012\/07\/Vepal-Decking-Wpc_4.jpg\" alt=\"\" class=\"wp-image-10164\" srcset=\"https:\/\/berti.net\/wp-content\/uploads\/2012\/07\/Vepal-Decking-Wpc_4.jpg 1945w, https:\/\/berti.net\/wp-content\/uploads\/2012\/07\/Vepal-Decking-Wpc_4-812x543.jpg 812w, https:\/\/berti.net\/wp-content\/uploads\/2012\/07\/Vepal-Decking-Wpc_4-1920x1283.jpg 1920w, https:\/\/berti.net\/wp-content\/uploads\/2012\/07\/Vepal-Decking-Wpc_4-768x513.jpg 768w, https:\/\/berti.net\/wp-content\/uploads\/2012\/07\/Vepal-Decking-Wpc_4-1536x1027.jpg 1536w\" sizes=\"auto, (max-width: 1945px) 100vw, 1945px\" \/><\/figure>\n\n\n\n<figure class=\"wp-block-image size-full is-style-default\"><img loading=\"lazy\" decoding=\"async\" width=\"623\" height=\"429\" src=\"https:\/\/www.berti.net\/wp-content\/uploads\/2012\/07\/Vepal-Decking-Wpc_5.jpg\" alt=\"\" class=\"wp-image-10167\"\/><\/figure>\n<\/div>\n<\/div>\n\n\n\n<div class=\"wp-block-column is-layout-flow wp-container-core-column-is-layout-22223934 wp-block-column-is-layout-flow\" style=\"flex-basis:50%\">\n<figure class=\"wp-block-image size-full is-style-default\"><img loading=\"lazy\" decoding=\"async\" width=\"698\" height=\"386\" src=\"https:\/\/www.berti.net\/wp-content\/uploads\/2012\/07\/Vepal-Decking-Wpc_62.jpg\" alt=\"\" class=\"wp-image-10170\"\/><\/figure>\n\n\n\n<figure class=\"wp-block-image size-full is-style-default\"><img loading=\"lazy\" decoding=\"async\" width=\"1169\" height=\"341\" src=\"https:\/\/www.berti.net\/wp-content\/uploads\/2012\/07\/Vepal-Decking-Wpc_7.jpg\" alt=\"\" class=\"wp-image-10173\" srcset=\"https:\/\/berti.net\/wp-content\/uploads\/2012\/07\/Vepal-Decking-Wpc_7.jpg 1169w, https:\/\/berti.net\/wp-content\/uploads\/2012\/07\/Vepal-Decking-Wpc_7-812x237.jpg 812w, https:\/\/berti.net\/wp-content\/uploads\/2012\/07\/Vepal-Decking-Wpc_7-768x224.jpg 768w\" sizes=\"auto, (max-width: 1169px) 100vw, 1169px\" \/><\/figure>\n\n\n\n<p><strong>WPC-Terrassendielen<\/strong> haben eine au\u00dferordentliche Widerstandsf\u00e4higkeit, die ihresgleichen sucht. Es handelt sich um ein Produkt, das nach der Verlegung bis zu 25 Jahre h\u00e4lt, ohne dass es im Laufe der Zeit gepflegt oder gestrichen werden muss. Es ist ein Bodenbelag f\u00fcr den Au\u00dfenbereich, der keine Aggressionen von au\u00dfen f\u00fcrchtet.<br\/>Vepal WPC erfordert keine besondere Pflege: Es ist sogar leicht zu reinigen, dank der durchdachten Mischung aus Fasern und Polymeren, die das Auftreten von Schimmel und Pilzen verhindern. Falls erforderlich, sollten Sie neutrale Bodenreiniger verwenden und mit flie\u00dfendem Wasser nachsp\u00fclen.  <\/p>\n<\/div>\n<\/div>\n\n\n\n<div class=\"wp-block-group post-categories has-global-padding is-content-justification-left is-layout-constrained wp-container-core-group-is-layout-836d34cb wp-block-group-is-layout-constrained\" style=\"margin-top:var(--wp--preset--spacing--70);font-size:11px\">\n<div class=\"wp-block-group is-content-justification-center is-nowrap is-layout-flex wp-container-core-group-is-layout-60758a6d wp-block-group-is-layout-flex\">\n<p>Magazin \/<\/p>\n\n\n<div class=\"taxonomy-category wp-block-post-terms\"><a href=\"https:\/\/berti.net\/de\/magazine\/category\/produkte\/\" rel=\"tag\">Produkte<\/a><span class=\"wp-block-post-terms__separator\">, <\/span><a href=\"https:\/\/berti.net\/de\/magazine\/category\/projekte\/\" rel=\"tag\">Projekte<\/a><\/div><\/div>\n<\/div>\n<\/div>\n\n<p><\/p>\n","protected":false},"excerpt":{"rendered":"<p>Wir kehren zu einem Thema zur\u00fcck, das wir bereits behandelt haben: Parkett f\u00fcr den Au\u00dfenbereich. Diesmal sprechen wir jedoch \u00fcber die von Vepal vorgeschlagenen Plastic Wood Terrassendielen. <\/p>\n","protected":false},"author":9,"featured_media":23467,"comment_status":"closed","ping_status":"closed","sticky":false,"template":"","format":"standard","meta":{"footnotes":""},"categories":[161,179],"tags":[],"class_list":["post-23461","post","type-post","status-publish","format-standard","has-post-thumbnail","hentry","category-produkte","category-projekte"],"_links":{"self":[{"href":"https:\/\/berti.net\/de\/wp-json\/wp\/v2\/posts\/23461","targetHints":{"allow":["GET"]}}],"collection":[{"href":"https:\/\/berti.net\/de\/wp-json\/wp\/v2\/posts"}],"about":[{"href":"https:\/\/berti.net\/de\/wp-json\/wp\/v2\/types\/post"}],"author":[{"embeddable":true,"href":"https:\/\/berti.net\/de\/wp-json\/wp\/v2\/users\/9"}],"replies":[{"embeddable":true,"href":"https:\/\/berti.net\/de\/wp-json\/wp\/v2\/comments?post=23461"}],"version-history":[{"count":1,"href":"https:\/\/berti.net\/de\/wp-json\/wp\/v2\/posts\/23461\/revisions"}],"predecessor-version":[{"id":23476,"href":"https:\/\/berti.net\/de\/wp-json\/wp\/v2\/posts\/23461\/revisions\/23476"}],"wp:featuredmedia":[{"embeddable":true,"href":"https:\/\/berti.net\/de\/wp-json\/wp\/v2\/media\/23467"}],"wp:attachment":[{"href":"https:\/\/berti.net\/de\/wp-json\/wp\/v2\/media?parent=23461"}],"wp:term":[{"taxonomy":"category","embeddable":true,"href":"https:\/\/berti.net\/de\/wp-json\/wp\/v2\/categories?post=23461"},{"taxonomy":"post_tag","embeddable":true,"href":"https:\/\/berti.net\/de\/wp-json\/wp\/v2\/tags?post=23461"}],"curies":[{"name":"wp","href":"https:\/\/api.w.org\/{rel}","templated":true}]}}