{"id":23436,"date":"2013-03-20T14:18:36","date_gmt":"2013-03-20T14:18:36","guid":{"rendered":"https:\/\/www.berti.net\/magazine\/parkett-berti-wohlbefinden-zu-ihren-fusen\/"},"modified":"2025-06-05T07:40:24","modified_gmt":"2025-06-05T07:40:24","slug":"parkett-berti-wohlbefinden-zu-ihren-fusen","status":"publish","type":"post","link":"https:\/\/berti.net\/de\/magazine\/parkett-berti-wohlbefinden-zu-ihren-fusen\/","title":{"rendered":"Parkett Berti: Wohlbefinden zu Ihren F\u00fc\u00dfen"},"content":{"rendered":"\n<div class=\"wp-block-group post-detail-pattern is-container has-base-2-color has-contrast-background-color has-text-color has-background has-link-color wp-elements-ce46ea4fe719ba2ffe161a95304a6ebf has-global-padding is-layout-constrained wp-block-group-is-layout-constrained\" style=\"margin-top:0;margin-bottom:0;padding-top:var(--wp--preset--spacing--70);padding-bottom:var(--wp--preset--spacing--70)\">\n<div class=\"wp-block-columns alignwide is-layout-flex wp-container-core-columns-is-layout-d125203f wp-block-columns-is-layout-flex\" style=\"margin-bottom:var(--wp--preset--spacing--50)\">\n<div class=\"wp-block-column is-vertically-aligned-stretch is-layout-flow wp-block-column-is-layout-flow\" style=\"padding-right:0;flex-basis:50%\">\n<div class=\"wp-block-group is-vertical is-content-justification-stretch is-layout-flex wp-container-core-group-is-layout-e9e70883 wp-block-group-is-layout-flex\" style=\"min-height:100%\">\n<div class=\"wp-block-group post-categories is-nowrap is-layout-flex wp-container-core-group-is-layout-3155b93e wp-block-group-is-layout-flex\" style=\"margin-top:var(--wp--preset--spacing--20);font-size:11px\">\n<p>Magazin \/<\/p>\n\n\n<div class=\"taxonomy-category wp-block-post-terms\"><a href=\"https:\/\/berti.net\/de\/magazine\/category\/produkte\/\" rel=\"tag\">Produkte<\/a><span class=\"wp-block-post-terms__separator\">, <\/span><a href=\"https:\/\/berti.net\/de\/magazine\/category\/projekte\/\" rel=\"tag\">Projekte<\/a><\/div><\/div>\n\n\n<div style=\"font-style:normal;font-weight:600;text-transform:uppercase;\" class=\"has-link-color wp-elements-32859cd979b45056895d81c5660c23a0 wp-block-post-date has-text-color has-base-color has-s-font-size\"><time datetime=\"2013-03-20T14:18:36+00:00\">20 March 2013<\/time><\/div>\n\n\n<h1 class=\"wp-block-heading post-title\"><strong>Parkett Berti<\/strong>: Wohlbefinden zu Ihren F\u00fc\u00dfen<\/h1>\n\n\n\n<h2 class=\"wp-block-heading post-subtitle\" style=\"margin-bottom:var(--wp--preset--spacing--20)\">Die Tradition des <strong><a href=\"https:\/\/www.berti.net\/collezioni\" target=\"_blank\" rel=\"noreferrer noopener\">Parkett<\/a><\/strong> ist uralt und genie\u00dft seit Jahrhunderten eine prestigetr\u00e4chtige Position als Wahl f\u00fcr die Einrichtung und das Wohnen im Haus oder in \u00f6ffentlichen Bereichen.<\/h2>\n\n\n\n<figure class=\"wp-block-image size-full is-style-default\"><img loading=\"lazy\" decoding=\"async\" width=\"550\" height=\"366\" src=\"https:\/\/www.berti.net\/wp-content\/uploads\/2013\/03\/Berti-pavimenti-legno-palladio-prestigio.jpg\" alt=\"\" class=\"wp-image-9460\" srcset=\"https:\/\/berti.net\/wp-content\/uploads\/2013\/03\/Berti-pavimenti-legno-palladio-prestigio.jpg 550w, https:\/\/berti.net\/wp-content\/uploads\/2013\/03\/Berti-pavimenti-legno-palladio-prestigio-300x200.jpg 300w\" sizes=\"auto, (max-width: 550px) 100vw, 550px\" \/><\/figure>\n\n\n\n<p>Holz ist ein <strong>lebendiges Material<\/strong>, das schon immer die F\u00e4higkeit hatte, ein unmittelbares Gef\u00fchl von W\u00e4rme und Gem\u00fctlichkeit zu vermitteln, das jeden Raum oder jede Umgebung pr\u00e4gt. F\u00fcr diejenigen, die sich eine Tradition w\u00fcnschen, die durch die <strong>W\u00e4rme<\/strong> und das Prestige von Holzmaserungen zum Ausdruck kommt. Die Wahl des Parketts und der Holzart, die am besten zu den eigenen Bed\u00fcrfnissen passt, ist angesichts der vielen Variablen und Anforderungen, die eine solche Wahl beeinflussen, nicht immer einfach. Denn der Holzboden ist die Oberfl\u00e4che, auf die wir in den kommenden Jahren treten werden und auf der sich unser Leben abspielt. Designer, Planer und Fachleute der Branche widmen der Forschung und den Studien Zeit, um dieses Material weiterzuentwickeln, insbesondere im Hinblick auf die Umwelt und den Respekt vor der Natur.    <\/p>\n\n\n\n<figure class=\"wp-block-image size-full is-style-default\"><img loading=\"lazy\" decoding=\"async\" width=\"550\" height=\"733\" src=\"https:\/\/www.berti.net\/wp-content\/uploads\/2013\/03\/Berti-pavimenti-legno-materiale-vivo1.jpg\" alt=\"\" class=\"wp-image-9463\" srcset=\"https:\/\/berti.net\/wp-content\/uploads\/2013\/03\/Berti-pavimenti-legno-materiale-vivo1.jpg 550w, https:\/\/berti.net\/wp-content\/uploads\/2013\/03\/Berti-pavimenti-legno-materiale-vivo1-225x300.jpg 225w\" sizes=\"auto, (max-width: 550px) 100vw, 550px\" \/><\/figure>\n\n\n\n<figure class=\"wp-block-image size-full is-style-default\"><img loading=\"lazy\" decoding=\"async\" width=\"550\" height=\"536\" src=\"https:\/\/www.berti.net\/wp-content\/uploads\/2013\/03\/Berti-parquet-prefinito-calore1.jpg\" alt=\"\" class=\"wp-image-9466\" srcset=\"https:\/\/berti.net\/wp-content\/uploads\/2013\/03\/Berti-parquet-prefinito-calore1.jpg 550w, https:\/\/berti.net\/wp-content\/uploads\/2013\/03\/Berti-parquet-prefinito-calore1-300x292.jpg 300w\" sizes=\"auto, (max-width: 550px) 100vw, 550px\" \/><\/figure>\n\n\n\n<p>Auch wenn es heute immer mehr Alternativen zum \u201eklassischen\u201c Holz gibt, wie z.B. Kunststoffe, synthetische Materialien und Fliesen, die den \u201eHolz\u201c-Effekt nachahmen, ersch\u00f6pft sich der nat\u00fcrliche Reiz des Parketts nicht <strong>. Es wird wiederbelebt und<\/strong> sowohl an moderne als auch an klassischere Vorschl\u00e4ge <strong>angepasst<\/strong>, wobei es in jedem Fall gelingt, seine \u00e4sthetischen Qualit\u00e4ten zu verbessern.<\/p>\n\n\n\n<figure class=\"wp-block-image size-full is-style-default\"><img loading=\"lazy\" decoding=\"async\" width=\"550\" height=\"383\" src=\"https:\/\/www.berti.net\/wp-content\/uploads\/2013\/03\/parquet-tradizionale-moderno1.jpg\" alt=\"\" class=\"wp-image-9469\" srcset=\"https:\/\/berti.net\/wp-content\/uploads\/2013\/03\/parquet-tradizionale-moderno1.jpg 550w, https:\/\/berti.net\/wp-content\/uploads\/2013\/03\/parquet-tradizionale-moderno1-300x209.jpg 300w\" sizes=\"auto, (max-width: 550px) 100vw, 550px\" \/><\/figure>\n<\/div>\n<\/div>\n\n\n\n<div class=\"wp-block-column is-layout-flow wp-container-core-column-is-layout-22223934 wp-block-column-is-layout-flow\" style=\"flex-basis:50%\">\n<p>Ein Trend, der sich seit einigen Jahren fortsetzt, betrifft auch die <a href=\"https:\/\/www.berti.net\/collezioni\/berti\/parquet-prefiniti-antico\" target=\"_blank\" rel=\"noreferrer noopener\"><strong>Gr\u00f6\u00dfe<\/strong><\/a> der Dielen und Bretter, die in gro\u00dfen Formaten bevorzugt werden, um auch in weniger luftigen R\u00e4umen Atem und Sichttiefe zu verleihen.<\/p>\n\n\n\n<figure class=\"wp-block-image size-full is-style-default\"><img loading=\"lazy\" decoding=\"async\" width=\"550\" height=\"366\" src=\"https:\/\/www.berti.net\/wp-content\/uploads\/2013\/03\/Berti-parquet-tavole-grandi-dimensioni.jpg\" alt=\"\" class=\"wp-image-9473\" srcset=\"https:\/\/berti.net\/wp-content\/uploads\/2013\/03\/Berti-parquet-tavole-grandi-dimensioni.jpg 550w, https:\/\/berti.net\/wp-content\/uploads\/2013\/03\/Berti-parquet-tavole-grandi-dimensioni-300x200.jpg 300w\" sizes=\"auto, (max-width: 550px) 100vw, 550px\" \/><\/figure>\n\n\n\n<p>Die Wahl von Parkett als Bodenbelag ist eine Entscheidung f\u00fcr Eleganz und ist leicht zu pflegen und richtig zu reinigen (wie Sie in unseren Berti <a href=\"https:\/\/www.berti.net\/faq\/faq\/manutenzione\" target=\"_blank\" rel=\"noreferrer noopener\">Pflege-FAQ<\/a> sehen k\u00f6nnen).<br\/>Parkett ist also ein Synonym f\u00fcr Sch\u00f6nheit und <strong>Wohlbefinden<\/strong>: es ist immer warm, bequem zu begehen, schalld\u00e4mpfend und d\u00e4mpft somit den L\u00e4rm, verbessert die thermische Effizienz und reguliert gleichzeitig die Luftfeuchtigkeit und verhindert schlie\u00dflich die Entstehung elektrostatischer Aufladungen.<br\/>Gutes Wohnen ist eine Kunst, die als solche ein gewisses Engagement erfordert: Machen Sie einen guten Anfang, indem Sie sich f\u00fcr die Fertigparkettb\u00f6den von <a href=\"https:\/\/www.berti.net\/de\/\" target=\"_blank\" rel=\"noreferrer noopener\">Berti<\/a> entscheiden.<\/p>\n\n\n\n<figure class=\"wp-block-image size-full is-style-default\"><img loading=\"lazy\" decoding=\"async\" width=\"550\" height=\"366\" src=\"https:\/\/www.berti.net\/wp-content\/uploads\/2013\/03\/berti-parquet-benessere.jpg\" alt=\"\" class=\"wp-image-9476\" srcset=\"https:\/\/berti.net\/wp-content\/uploads\/2013\/03\/berti-parquet-benessere.jpg 550w, https:\/\/berti.net\/wp-content\/uploads\/2013\/03\/berti-parquet-benessere-300x200.jpg 300w\" sizes=\"auto, (max-width: 550px) 100vw, 550px\" \/><\/figure>\n<\/div>\n<\/div>\n\n\n\n<div class=\"wp-block-group post-categories has-global-padding is-content-justification-left is-layout-constrained wp-container-core-group-is-layout-836d34cb wp-block-group-is-layout-constrained\" style=\"margin-top:var(--wp--preset--spacing--70);font-size:11px\">\n<div class=\"wp-block-group is-content-justification-center is-nowrap is-layout-flex wp-container-core-group-is-layout-60758a6d wp-block-group-is-layout-flex\">\n<p>Magazin \/<\/p>\n\n\n<div class=\"taxonomy-category wp-block-post-terms\"><a href=\"https:\/\/berti.net\/de\/magazine\/category\/produkte\/\" rel=\"tag\">Produkte<\/a><span class=\"wp-block-post-terms__separator\">, <\/span><a href=\"https:\/\/berti.net\/de\/magazine\/category\/projekte\/\" rel=\"tag\">Projekte<\/a><\/div><\/div>\n<\/div>\n<\/div>\n\n<p><\/p>\n","protected":false},"excerpt":{"rendered":"<p>Die Tradition des Parketts ist uralt und genie\u00dft seit Jahrhunderten einen hohen Stellenwert bei der Einrichtung und dem Wohnen in den eigenen vier W\u00e4nden oder \u00f6ffentlichen R\u00e4umen.<\/p>\n","protected":false},"author":9,"featured_media":23439,"comment_status":"closed","ping_status":"closed","sticky":false,"template":"","format":"standard","meta":{"footnotes":""},"categories":[161,179],"tags":[],"class_list":["post-23436","post","type-post","status-publish","format-standard","has-post-thumbnail","hentry","category-produkte","category-projekte"],"_links":{"self":[{"href":"https:\/\/berti.net\/de\/wp-json\/wp\/v2\/posts\/23436","targetHints":{"allow":["GET"]}}],"collection":[{"href":"https:\/\/berti.net\/de\/wp-json\/wp\/v2\/posts"}],"about":[{"href":"https:\/\/berti.net\/de\/wp-json\/wp\/v2\/types\/post"}],"author":[{"embeddable":true,"href":"https:\/\/berti.net\/de\/wp-json\/wp\/v2\/users\/9"}],"replies":[{"embeddable":true,"href":"https:\/\/berti.net\/de\/wp-json\/wp\/v2\/comments?post=23436"}],"version-history":[{"count":1,"href":"https:\/\/berti.net\/de\/wp-json\/wp\/v2\/posts\/23436\/revisions"}],"predecessor-version":[{"id":23465,"href":"https:\/\/berti.net\/de\/wp-json\/wp\/v2\/posts\/23436\/revisions\/23465"}],"wp:featuredmedia":[{"embeddable":true,"href":"https:\/\/berti.net\/de\/wp-json\/wp\/v2\/media\/23439"}],"wp:attachment":[{"href":"https:\/\/berti.net\/de\/wp-json\/wp\/v2\/media?parent=23436"}],"wp:term":[{"taxonomy":"category","embeddable":true,"href":"https:\/\/berti.net\/de\/wp-json\/wp\/v2\/categories?post=23436"},{"taxonomy":"post_tag","embeddable":true,"href":"https:\/\/berti.net\/de\/wp-json\/wp\/v2\/tags?post=23436"}],"curies":[{"name":"wp","href":"https:\/\/api.w.org\/{rel}","templated":true}]}}