{"id":23424,"date":"2012-12-05T08:12:37","date_gmt":"2012-12-05T08:12:37","guid":{"rendered":"https:\/\/www.berti.net\/magazine\/zuruck-von-der-deko-messe-2012\/"},"modified":"2025-06-05T07:40:24","modified_gmt":"2025-06-05T07:40:24","slug":"zuruck-von-der-deko-messe-2012","status":"publish","type":"post","link":"https:\/\/berti.net\/de\/magazine\/zuruck-von-der-deko-messe-2012\/","title":{"rendered":"Zur\u00fcck von der Deko-Messe 2012"},"content":{"rendered":"\n<div class=\"wp-block-group post-detail-pattern is-container has-base-2-color has-contrast-background-color has-text-color has-background has-link-color wp-elements-60310467bc7012d55131cb9988f4969b has-global-padding is-layout-constrained wp-block-group-is-layout-constrained\" style=\"margin-top:0;margin-bottom:0;padding-top:var(--wp--preset--spacing--70);padding-bottom:var(--wp--preset--spacing--70)\">\n<div class=\"wp-block-columns alignwide is-layout-flex wp-container-core-columns-is-layout-d125203f wp-block-columns-is-layout-flex\" style=\"margin-bottom:var(--wp--preset--spacing--50)\">\n<div class=\"wp-block-column is-vertically-aligned-stretch is-layout-flow wp-block-column-is-layout-flow\" style=\"padding-right:0;flex-basis:50%\">\n<div class=\"wp-block-group is-vertical is-content-justification-stretch is-layout-flex wp-container-core-group-is-layout-e9e70883 wp-block-group-is-layout-flex\" style=\"min-height:100%\">\n<div class=\"wp-block-group post-categories is-nowrap is-layout-flex wp-container-core-group-is-layout-3155b93e wp-block-group-is-layout-flex\" style=\"margin-top:var(--wp--preset--spacing--20);font-size:11px\">\n<p>Magazin \/<\/p>\n\n\n<div class=\"taxonomy-category wp-block-post-terms\"><a href=\"https:\/\/berti.net\/de\/magazine\/category\/produkte\/\" rel=\"tag\">Produkte<\/a><span class=\"wp-block-post-terms__separator\">, <\/span><a href=\"https:\/\/berti.net\/de\/magazine\/category\/veranstaltungen\/\" rel=\"tag\">Veranstaltungen<\/a><\/div><\/div>\n\n\n<div style=\"font-style:normal;font-weight:600;text-transform:uppercase;\" class=\"has-link-color wp-elements-32859cd979b45056895d81c5660c23a0 wp-block-post-date has-text-color has-base-color has-s-font-size\"><time datetime=\"2012-12-05T08:12:37+00:00\">5 December 2012<\/time><\/div>\n\n\n<h1 class=\"wp-block-heading post-title\">Zur\u00fcck von der <strong>Deko-Messe 2012<\/strong><\/h1>\n\n\n\n<h2 class=\"wp-block-heading post-subtitle\" style=\"margin-bottom:var(--wp--preset--spacing--20)\"><a href=\"https:\/\/www.berti.net\/home_it_0_8_0.html\" target=\"_blank\" rel=\"noreferrer noopener\">Berti<\/a> nimmt zum dritten Mal in Folge an der <a href=\"https:\/\/www.decofair.com\/\" target=\"_blank\" rel=\"noreferrer noopener\"><strong>DECO FAIR<\/strong><\/a>der prestigetr\u00e4chtigen Messe f\u00fcr Inneneinrichtung, die vom 25. bis 29. November in <strong>Jeddah<\/strong>, <strong>Saudi-Arabien<\/strong>, stattfand.<\/h2>\n\n\n\n<figure class=\"wp-block-image size-full is-style-default\"><img loading=\"lazy\" decoding=\"async\" width=\"500\" height=\"333\" src=\"https:\/\/www.berti.net\/wp-content\/uploads\/2012\/12\/berti_decofair2012a1.jpg\" alt=\"\" class=\"wp-image-9987\"\/><\/figure>\n\n\n\n<p>Die beiden vorangegangenen Ausgaben waren voller Ideen und Einblicke. Diesmal sind wir auf Nummer sicher gegangen und haben eine viel konzentriertere Auswahl an Produkten als in den Vorjahren pr\u00e4sentiert.<\/p>\n\n\n\n<p>An unserer Seite wie immer ein Team von gro\u00dfartigen Mitarbeitern, bestehend aus dem Team von <a href=\"https:\/\/www.alkayandecor.com\/\" target=\"_blank\" rel=\"noreferrer noopener\">Alkayan Decor<\/a> mit <strong>Corrado Mulfari<\/strong>, <strong>Rami und Mouneeb Banbouk<\/strong> und <strong>Sharifa Adham<\/strong>.<\/p>\n\n\n\n<figure class=\"wp-block-image size-full is-style-default\"><img loading=\"lazy\" decoding=\"async\" width=\"500\" height=\"333\" src=\"https:\/\/www.berti.net\/wp-content\/uploads\/2012\/12\/berti_decofair2012c2.jpg\" alt=\"\" class=\"wp-image-9990\"\/><\/figure>\n\n\n\n<p>Die <strong>Deco Fair<\/strong> best\u00e4tigte sich als eine sehr prestigetr\u00e4chtige Messe mit einem sehr aufmerksamen und sachkundigen Publikum, das auch zahlenm\u00e4\u00dfig interessant war, da an den f\u00fcnf Veranstaltungstagen mehr als <strong>10.000<\/strong> Besucher anwesend waren.<\/p>\n\n\n\n<figure class=\"wp-block-image size-full is-style-default\"><img loading=\"lazy\" decoding=\"async\" width=\"1500\" height=\"996\" src=\"https:\/\/www.berti.net\/wp-content\/uploads\/2012\/12\/berti_decofair2012a3.jpg\" alt=\"\" class=\"wp-image-10002\" srcset=\"https:\/\/berti.net\/wp-content\/uploads\/2012\/12\/berti_decofair2012a3.jpg 1500w, https:\/\/berti.net\/wp-content\/uploads\/2012\/12\/berti_decofair2012a3-812x539.jpg 812w, https:\/\/berti.net\/wp-content\/uploads\/2012\/12\/berti_decofair2012a3-768x510.jpg 768w\" sizes=\"auto, (max-width: 1500px) 100vw, 1500px\" \/><\/figure>\n\n\n\n<figure class=\"wp-block-image size-full is-style-default\"><img loading=\"lazy\" decoding=\"async\" width=\"956\" height=\"1434\" src=\"https:\/\/www.berti.net\/wp-content\/uploads\/2012\/12\/berti_decofair2012a4.jpg\" alt=\"\" class=\"wp-image-10005\" srcset=\"https:\/\/berti.net\/wp-content\/uploads\/2012\/12\/berti_decofair2012a4.jpg 956w, https:\/\/berti.net\/wp-content\/uploads\/2012\/12\/berti_decofair2012a4-541x812.jpg 541w, https:\/\/berti.net\/wp-content\/uploads\/2012\/12\/berti_decofair2012a4-768x1152.jpg 768w\" sizes=\"auto, (max-width: 956px) 100vw, 956px\" \/><\/figure>\n\n\n\n<p>Zu den vorgestellten Neuheiten geh\u00f6rten eine Reihe von Parkettb\u00f6den mit Stahleinlage, die den Handel beeindruckten und die wachsende Akzeptanz unserer Produkte, insbesondere auf internationaler Ebene, best\u00e4tigten.<\/p>\n\n\n\n<p>Sehen Sie sich die <a href=\"https:\/\/www.flickr.com\/photos\/bertipavimenti\/sets\/72157632163456330\/\" target=\"_blank\" rel=\"noreferrer noopener\">gesamte Bildergalerie auf <strong>Flickr<\/strong><\/a> an und folgen Sie uns auf unserer <a href=\"https:\/\/www.facebook.com\/BertiPavimentiLegno\" target=\"_blank\" rel=\"noreferrer noopener\"><strong>Facebook-Seite<\/strong><\/a>.<\/p>\n<\/div>\n<\/div>\n\n\n\n<div class=\"wp-block-column is-layout-flow wp-container-core-column-is-layout-22223934 wp-block-column-is-layout-flow\" style=\"flex-basis:50%\">\n<figure class=\"wp-block-image size-full is-style-default\"><img loading=\"lazy\" decoding=\"async\" width=\"800\" height=\"999\" src=\"https:\/\/www.berti.net\/wp-content\/uploads\/2012\/12\/berti_decofair2012a6.jpg\" alt=\"\" class=\"wp-image-10008\" srcset=\"https:\/\/berti.net\/wp-content\/uploads\/2012\/12\/berti_decofair2012a6.jpg 800w, https:\/\/berti.net\/wp-content\/uploads\/2012\/12\/berti_decofair2012a6-650x812.jpg 650w, https:\/\/berti.net\/wp-content\/uploads\/2012\/12\/berti_decofair2012a6-768x959.jpg 768w\" sizes=\"auto, (max-width: 800px) 100vw, 800px\" \/><\/figure>\n\n\n\n<figure class=\"wp-block-image size-full is-style-default\"><img loading=\"lazy\" decoding=\"async\" width=\"800\" height=\"1202\" src=\"https:\/\/www.berti.net\/wp-content\/uploads\/2012\/12\/berti_decofair2012a7.jpg\" alt=\"\" class=\"wp-image-10011\" srcset=\"https:\/\/berti.net\/wp-content\/uploads\/2012\/12\/berti_decofair2012a7.jpg 800w, https:\/\/berti.net\/wp-content\/uploads\/2012\/12\/berti_decofair2012a7-540x812.jpg 540w, https:\/\/berti.net\/wp-content\/uploads\/2012\/12\/berti_decofair2012a7-768x1154.jpg 768w\" sizes=\"auto, (max-width: 800px) 100vw, 800px\" \/><\/figure>\n<\/div>\n<\/div>\n\n\n\n<div class=\"wp-block-group post-categories has-global-padding is-content-justification-left is-layout-constrained wp-container-core-group-is-layout-836d34cb wp-block-group-is-layout-constrained\" style=\"margin-top:var(--wp--preset--spacing--70);font-size:11px\">\n<div class=\"wp-block-group is-content-justification-center is-nowrap is-layout-flex wp-container-core-group-is-layout-60758a6d wp-block-group-is-layout-flex\">\n<p>Magazin \/<\/p>\n\n\n<div class=\"taxonomy-category wp-block-post-terms\"><a href=\"https:\/\/berti.net\/de\/magazine\/category\/produkte\/\" rel=\"tag\">Produkte<\/a><span class=\"wp-block-post-terms__separator\">, <\/span><a href=\"https:\/\/berti.net\/de\/magazine\/category\/veranstaltungen\/\" rel=\"tag\">Veranstaltungen<\/a><\/div><\/div>\n<\/div>\n<\/div>\n\n<p><\/p>\n","protected":false},"excerpt":{"rendered":"<p>Die dritte Teilnahme von Berti an der DECO FAIR in Folge war definitiv positiv<\/p>\n","protected":false},"author":9,"featured_media":23430,"comment_status":"closed","ping_status":"closed","sticky":false,"template":"","format":"standard","meta":{"footnotes":""},"categories":[161,178],"tags":[],"class_list":["post-23424","post","type-post","status-publish","format-standard","has-post-thumbnail","hentry","category-produkte","category-veranstaltungen"],"_links":{"self":[{"href":"https:\/\/berti.net\/de\/wp-json\/wp\/v2\/posts\/23424","targetHints":{"allow":["GET"]}}],"collection":[{"href":"https:\/\/berti.net\/de\/wp-json\/wp\/v2\/posts"}],"about":[{"href":"https:\/\/berti.net\/de\/wp-json\/wp\/v2\/types\/post"}],"author":[{"embeddable":true,"href":"https:\/\/berti.net\/de\/wp-json\/wp\/v2\/users\/9"}],"replies":[{"embeddable":true,"href":"https:\/\/berti.net\/de\/wp-json\/wp\/v2\/comments?post=23424"}],"version-history":[{"count":1,"href":"https:\/\/berti.net\/de\/wp-json\/wp\/v2\/posts\/23424\/revisions"}],"predecessor-version":[{"id":23445,"href":"https:\/\/berti.net\/de\/wp-json\/wp\/v2\/posts\/23424\/revisions\/23445"}],"wp:featuredmedia":[{"embeddable":true,"href":"https:\/\/berti.net\/de\/wp-json\/wp\/v2\/media\/23430"}],"wp:attachment":[{"href":"https:\/\/berti.net\/de\/wp-json\/wp\/v2\/media?parent=23424"}],"wp:term":[{"taxonomy":"category","embeddable":true,"href":"https:\/\/berti.net\/de\/wp-json\/wp\/v2\/categories?post=23424"},{"taxonomy":"post_tag","embeddable":true,"href":"https:\/\/berti.net\/de\/wp-json\/wp\/v2\/tags?post=23424"}],"curies":[{"name":"wp","href":"https:\/\/api.w.org\/{rel}","templated":true}]}}