{"id":23407,"date":"2013-05-07T10:18:01","date_gmt":"2013-05-07T10:18:01","guid":{"rendered":"https:\/\/www.berti.net\/magazine\/das-vepal-parkettsortiment-wird-erneuert-und-erweitert\/"},"modified":"2025-06-05T07:40:23","modified_gmt":"2025-06-05T07:40:23","slug":"das-vepal-parkettsortiment-wird-erneuert-und-erweitert","status":"publish","type":"post","link":"https:\/\/berti.net\/de\/magazine\/das-vepal-parkettsortiment-wird-erneuert-und-erweitert\/","title":{"rendered":"Das Vepal Parkettsortiment wird erneuert und erweitert"},"content":{"rendered":"\n<div class=\"wp-block-group post-detail-pattern is-container has-base-2-color has-contrast-background-color has-text-color has-background has-link-color wp-elements-4f2eebfb6118eb867690f17adf3ba9c0 has-global-padding is-layout-constrained wp-block-group-is-layout-constrained\" style=\"margin-top:0;margin-bottom:0;padding-top:var(--wp--preset--spacing--70);padding-bottom:var(--wp--preset--spacing--70)\">\n<div class=\"wp-block-columns alignwide is-layout-flex wp-container-core-columns-is-layout-d125203f wp-block-columns-is-layout-flex\" style=\"margin-bottom:var(--wp--preset--spacing--50)\">\n<div class=\"wp-block-column is-vertically-aligned-stretch is-layout-flow wp-block-column-is-layout-flow\" style=\"padding-right:0;flex-basis:50%\">\n<div class=\"wp-block-group is-vertical is-content-justification-stretch is-layout-flex wp-container-core-group-is-layout-e9e70883 wp-block-group-is-layout-flex\" style=\"min-height:100%\">\n<div class=\"wp-block-group post-categories is-nowrap is-layout-flex wp-container-core-group-is-layout-3155b93e wp-block-group-is-layout-flex\" style=\"margin-top:var(--wp--preset--spacing--20);font-size:11px\">\n<p>Magazin \/<\/p>\n\n\n<div class=\"taxonomy-category wp-block-post-terms\"><a href=\"https:\/\/berti.net\/de\/magazine\/category\/produkte\/\" rel=\"tag\">Produkte<\/a><span class=\"wp-block-post-terms__separator\">, <\/span><a href=\"https:\/\/berti.net\/de\/magazine\/category\/projekte\/\" rel=\"tag\">Projekte<\/a><\/div><\/div>\n\n\n<div style=\"font-style:normal;font-weight:600;text-transform:uppercase;\" class=\"has-link-color wp-elements-32859cd979b45056895d81c5660c23a0 wp-block-post-date has-text-color has-base-color has-s-font-size\"><time datetime=\"2013-05-07T10:18:01+00:00\">7 May 2013<\/time><\/div>\n\n\n<h1 class=\"wp-block-heading post-title\">Das <strong>Vepal Parkettsortiment<\/strong> wird erneuert und erweitert<\/h1>\n\n\n\n<h2 class=\"wp-block-heading post-subtitle\" style=\"margin-bottom:var(--wp--preset--spacing--20)\">Dank der <strong>\u00dcberarbeitung<\/strong> des <strong>Vepal-Sortiments<\/strong> wird die Auswahl f\u00fcr unsere Kunden immer <strong>gr\u00f6\u00dfer<\/strong>. Wir bieten <strong>neue Produkte<\/strong> an, die mit <strong>fortschrittlichen Technologien<\/strong> hergestellt werden, um die unterschiedlichsten Bed\u00fcrfnisse zu erf\u00fcllen.<\/h2>\n\n\n\n<figure class=\"wp-block-image size-full is-style-default\"><img loading=\"lazy\" decoding=\"async\" width=\"330\" height=\"322\" src=\"https:\/\/www.berti.net\/wp-content\/uploads\/2013\/05\/vapal-gamma-prefiniti-laminati-decking1.jpg\" alt=\"\" class=\"wp-image-9349\" srcset=\"https:\/\/berti.net\/wp-content\/uploads\/2013\/05\/vapal-gamma-prefiniti-laminati-decking1.jpg 330w, https:\/\/berti.net\/wp-content\/uploads\/2013\/05\/vapal-gamma-prefiniti-laminati-decking1-300x293.jpg 300w\" sizes=\"auto, (max-width: 330px) 100vw, 330px\" \/><\/figure>\n\n\n\n<p><strong>Das Sortiment von Vepal<\/strong> ist jetzt komplett: Sie k\u00f6nnen zwischen Fertigparkett, Laminat und Wpc-Dielen f\u00fcr den Au\u00dfenbereich w\u00e4hlen.<\/p>\n\n\n\n<p>Das \u201eTDN 30\u201c Loc-Sortiment wird komplett erneuert: Ab sofort k\u00f6nnen Sie Schiffsboden-Dielen aus einer neuen Kollektion kaufen, die <strong>TDN 3 STRIPS<\/strong> hei\u00dft. In dieser Kategorie finden wir drei Arten von Parkett: Eiche glatt lackiert, Eiche geb\u00fcrstet und Eiche gebleicht glatt lackiert. Der Boden hat einen 3-Schicht-Aufbau mit einer Gesamtst\u00e4rke von 10 mm und einer Edelholzst\u00e4rke von 2,5 mm.  <\/p>\n\n\n\n<figure class=\"wp-block-image size-full is-style-default\"><img loading=\"lazy\" decoding=\"async\" width=\"911\" height=\"194\" src=\"https:\/\/www.berti.net\/wp-content\/uploads\/2013\/05\/tdn-3-strips2.jpg\" alt=\"\" class=\"wp-image-9359\" srcset=\"https:\/\/berti.net\/wp-content\/uploads\/2013\/05\/tdn-3-strips2.jpg 911w, https:\/\/berti.net\/wp-content\/uploads\/2013\/05\/tdn-3-strips2-300x64.jpg 300w, https:\/\/berti.net\/wp-content\/uploads\/2013\/05\/tdn-3-strips2-768x164.jpg 768w\" sizes=\"auto, (max-width: 911px) 100vw, 911px\" \/><\/figure>\n\n\n\n<p>Die Linie <strong>Tavole<\/strong> fasst die Vorschl\u00e4ge zusammen, die bis gestern als Maxilistone \u201e40\u201c Derullato bekannt waren. Au\u00dfer dem Namen der Kollektion hat sich nichts ge\u00e4ndert. Sie bietet weiterhin ein dreischichtiges, vorbearbeitetes Produkt mit einer Dicke von 4 mm aus Edelholz, das in verschiedenen Ausf\u00fchrungen dekliniert wird. <\/p>\n\n\n\n<figure class=\"wp-block-image size-full is-style-default\"><img loading=\"lazy\" decoding=\"async\" width=\"911\" height=\"204\" src=\"https:\/\/www.berti.net\/wp-content\/uploads\/2013\/05\/vepal-tavole2.jpg\" alt=\"\" class=\"wp-image-9362\" srcset=\"https:\/\/berti.net\/wp-content\/uploads\/2013\/05\/vepal-tavole2.jpg 911w, https:\/\/berti.net\/wp-content\/uploads\/2013\/05\/vepal-tavole2-300x67.jpg 300w, https:\/\/berti.net\/wp-content\/uploads\/2013\/05\/vepal-tavole2-768x172.jpg 768w\" sizes=\"auto, (max-width: 911px) 100vw, 911px\" \/><\/figure>\n\n\n\n<p>Die <strong>Vepal Colors-Kollektion <\/strong>erf\u00e4hrt eine tiefgreifende Ver\u00e4nderung: von nun an gibt es zwei verschiedene Produktfamilien: zum einen<em> Vepal Colors Varnished<\/em>, das nach wie vor vorgefertigte 3-Schicht-Parkettdielen anbietet, die mit einer Nut-und-Feder-Verzahnung ausgestattet sind, die eine verklebte oder schwimmende Verlegung erm\u00f6glicht. Die verf\u00fcgbaren Oberfl\u00e4chen haben sich ge\u00e4ndert: Sie k\u00f6nnen jetzt zwischen verschiedenen Eichenvarianten w\u00e4hlen. Zum anderen bieten wir Ihnen die brandneuen <em>Vepal Colors Oliato<\/em> an, maxilaminierte Dielen mit exklusiven ge\u00f6lten Oberfl\u00e4chen, die der Oberfl\u00e4che einen samtigen Glanz verleihen. Die Dielen weisen zahlreiche \u00c4ste und Risse auf, die dem Vepal Colors Oliato-Parkett einen rustikalen und originellen Look verleihen: f\u00fcr einen Boden mit einer unverwechselbaren Pers\u00f6nlichkeit. Das Ergebnis ist ein Parkett mit einem nat\u00fcrlichen \u00d6l-Finish. Jede Diele hat eine Breite von 189 mm und eine L\u00e4nge zwischen 1860 und 1900 mm.     <\/p>\n\n\n\n<figure class=\"wp-block-image size-full is-style-default\"><img loading=\"lazy\" decoding=\"async\" width=\"912\" height=\"347\" src=\"https:\/\/www.berti.net\/wp-content\/uploads\/2013\/05\/Vepal-colors1.jpg\" alt=\"\" class=\"wp-image-9365\" srcset=\"https:\/\/berti.net\/wp-content\/uploads\/2013\/05\/Vepal-colors1.jpg 912w, https:\/\/berti.net\/wp-content\/uploads\/2013\/05\/Vepal-colors1-300x114.jpg 300w, https:\/\/berti.net\/wp-content\/uploads\/2013\/05\/Vepal-colors1-768x292.jpg 768w\" sizes=\"auto, (max-width: 912px) 100vw, 912px\" \/><\/figure>\n\n\n\n<p>Prefinito Vepal<strong> 10<\/strong>, das meistverkaufte Produkt von Vepal, wird nun zu EcoPrefinito Vepal<strong> 10<\/strong>, zu dem noch <strong>EcoPrefinito Vepal 11<\/strong> hinzukommt, ein Fertigparkett, das aus 2 Schichten mit einer Gesamtst\u00e4rke von 11 mm besteht und in den Ausf\u00fchrungen Eiche lackiert und Eiche geb\u00fcrstet erh\u00e4ltlich ist.<\/p>\n\n\n\n<figure class=\"wp-block-image size-full is-style-default\"><img loading=\"lazy\" decoding=\"async\" width=\"912\" height=\"189\" src=\"https:\/\/www.berti.net\/wp-content\/uploads\/2013\/05\/vepal-eco-prefinito1.jpg\" alt=\"\" class=\"wp-image-9369\" srcset=\"https:\/\/berti.net\/wp-content\/uploads\/2013\/05\/vepal-eco-prefinito1.jpg 912w, https:\/\/berti.net\/wp-content\/uploads\/2013\/05\/vepal-eco-prefinito1-300x62.jpg 300w, https:\/\/berti.net\/wp-content\/uploads\/2013\/05\/vepal-eco-prefinito1-768x159.jpg 768w\" sizes=\"auto, (max-width: 912px) 100vw, 912px\" \/><\/figure>\n\n\n\n<p>Bei den Laminaten gibt es wichtige und interessante Neuerungen f\u00fcr diese Art von Nicht-Holzb\u00f6den.<\/p>\n\n\n\n<p><strong>Platinum Laminate<\/strong> sind Laminate, die sich durch ihre hohen technischen Eigenschaften auszeichnen: Sie weisen eine ausgezeichnete Tritt- und Sto\u00dffestigkeit auf. Gleichzeitig sind die Platinum Laminate von Vepal eine raffinierte und moderne Wahl, dank der Auswahl an essentiellen und eleganten Dekoren, die den Effekt von Eichendielen genau nachbilden. Alle Platinum Laminate sind in der Abriebfestigkeitsklasse AC5 eingestuft, halten hohen Belastungen stand und k\u00f6nnen in gro\u00dfen B\u00fcros und Gesch\u00e4ften, aber auch in allen Wohnbereichen verlegt werden.  <\/p>\n\n\n\n<figure class=\"wp-block-image size-full is-style-default\"><img loading=\"lazy\" decoding=\"async\" width=\"1563\" height=\"189\" src=\"https:\/\/www.berti.net\/wp-content\/uploads\/2013\/05\/vepal-laminati-platinum2.jpg\" alt=\"\" class=\"wp-image-9372\" srcset=\"https:\/\/berti.net\/wp-content\/uploads\/2013\/05\/vepal-laminati-platinum2.jpg 1563w, https:\/\/berti.net\/wp-content\/uploads\/2013\/05\/vepal-laminati-platinum2-300x36.jpg 300w, https:\/\/berti.net\/wp-content\/uploads\/2013\/05\/vepal-laminati-platinum2-1024x124.jpg 1024w, https:\/\/berti.net\/wp-content\/uploads\/2013\/05\/vepal-laminati-platinum2-768x93.jpg 768w, https:\/\/berti.net\/wp-content\/uploads\/2013\/05\/vepal-laminati-platinum2-1536x186.jpg 1536w\" sizes=\"auto, (max-width: 1563px) 100vw, 1563px\" \/><\/figure>\n\n\n\n<p>Bei den <strong>Premium-Laminaten<\/strong> gibt es sowohl bei den Dekoren als auch bei den Formaten neue Erg\u00e4nzungen. Wir haben jetzt Rovere Cognac und Rovere Sambuca hinzugef\u00fcgt, die sich durch ein Dekor auszeichnen, das dank der Maserungen und \u00c4ste, die die nat\u00fcrlichen Eigenschaften des Holzes getreu wiedergeben, den lebendigen, antiken Effekt der Dielen wiedergibt. F\u00fcr das unglaubliche Gef\u00fchl, auf handgefertigten Echtholzdielen zu laufen.  <\/p>\n\n\n\n<figure class=\"wp-block-image size-full is-style-default\"><img loading=\"lazy\" decoding=\"async\" width=\"1563\" height=\"350\" src=\"https:\/\/www.berti.net\/wp-content\/uploads\/2013\/05\/vepal-laminati-premium1.jpg\" alt=\"\" class=\"wp-image-9375\" srcset=\"https:\/\/berti.net\/wp-content\/uploads\/2013\/05\/vepal-laminati-premium1.jpg 1563w, https:\/\/berti.net\/wp-content\/uploads\/2013\/05\/vepal-laminati-premium1-300x67.jpg 300w, https:\/\/berti.net\/wp-content\/uploads\/2013\/05\/vepal-laminati-premium1-1024x229.jpg 1024w, https:\/\/berti.net\/wp-content\/uploads\/2013\/05\/vepal-laminati-premium1-768x172.jpg 768w, https:\/\/berti.net\/wp-content\/uploads\/2013\/05\/vepal-laminati-premium1-1536x344.jpg 1536w\" sizes=\"auto, (max-width: 1563px) 100vw, 1563px\" \/><\/figure>\n<\/div>\n<\/div>\n\n\n\n<div class=\"wp-block-column is-layout-flow wp-container-core-column-is-layout-22223934 wp-block-column-is-layout-flow\" style=\"flex-basis:50%\">\n<p>Was die <strong>Trend Laminate<\/strong> betrifft, so hat sich das Sortiment nicht ver\u00e4ndert.<\/p>\n\n\n\n<figure class=\"wp-block-image size-full is-style-default\"><img loading=\"lazy\" decoding=\"async\" width=\"1563\" height=\"344\" src=\"https:\/\/www.berti.net\/wp-content\/uploads\/2013\/05\/vepal-laminati-trend1.jpg\" alt=\"\" class=\"wp-image-9379\" srcset=\"https:\/\/berti.net\/wp-content\/uploads\/2013\/05\/vepal-laminati-trend1.jpg 1563w, https:\/\/berti.net\/wp-content\/uploads\/2013\/05\/vepal-laminati-trend1-300x66.jpg 300w, https:\/\/berti.net\/wp-content\/uploads\/2013\/05\/vepal-laminati-trend1-1024x225.jpg 1024w, https:\/\/berti.net\/wp-content\/uploads\/2013\/05\/vepal-laminati-trend1-768x169.jpg 768w, https:\/\/berti.net\/wp-content\/uploads\/2013\/05\/vepal-laminati-trend1-1536x338.jpg 1536w\" sizes=\"auto, (max-width: 1563px) 100vw, 1563px\" \/><\/figure>\n\n\n\n<p>Die <strong>Easy Laminates<\/strong> wurden reduziert: 4 verschiedene Dekore bleiben im Sortiment, die anderen sind erh\u00e4ltlich, solange der Vorrat reicht.<\/p>\n\n\n\n<figure class=\"wp-block-image size-full is-style-default\"><img loading=\"lazy\" decoding=\"async\" width=\"1563\" height=\"192\" src=\"https:\/\/www.berti.net\/wp-content\/uploads\/2013\/05\/vepal-laminati-easy1.jpg\" alt=\"\" class=\"wp-image-9382\" srcset=\"https:\/\/berti.net\/wp-content\/uploads\/2013\/05\/vepal-laminati-easy1.jpg 1563w, https:\/\/berti.net\/wp-content\/uploads\/2013\/05\/vepal-laminati-easy1-300x37.jpg 300w, https:\/\/berti.net\/wp-content\/uploads\/2013\/05\/vepal-laminati-easy1-1024x126.jpg 1024w, https:\/\/berti.net\/wp-content\/uploads\/2013\/05\/vepal-laminati-easy1-768x94.jpg 768w, https:\/\/berti.net\/wp-content\/uploads\/2013\/05\/vepal-laminati-easy1-1536x189.jpg 1536w\" sizes=\"auto, (max-width: 1563px) 100vw, 1563px\" \/><\/figure>\n\n\n\n<p>Decking ist das Angebot von Vepal an Bodenbel\u00e4gen f\u00fcr den Au\u00dfenbereich: die L\u00f6sung f\u00fcr Ihren Boden, die sich durch die hohe Qualit\u00e4t ihrer Materialien und Produktionsprozesse auszeichnet. Das Sortiment umfasst jetzt das Produkt <strong>Decking WPC<\/strong>, das aus einem Verbundstoff aus Holzfasern und Polyethylen hergestellt wird. <\/p>\n\n\n\n<figure class=\"wp-block-image size-full is-style-default\"><img loading=\"lazy\" decoding=\"async\" width=\"1047\" height=\"448\" src=\"https:\/\/www.berti.net\/wp-content\/uploads\/2013\/05\/vepal-decking-Wpc.png\" alt=\"\" class=\"wp-image-9385\" srcset=\"https:\/\/berti.net\/wp-content\/uploads\/2013\/05\/vepal-decking-Wpc.png 1047w, https:\/\/berti.net\/wp-content\/uploads\/2013\/05\/vepal-decking-Wpc-300x128.png 300w, https:\/\/berti.net\/wp-content\/uploads\/2013\/05\/vepal-decking-Wpc-1024x438.png 1024w, https:\/\/berti.net\/wp-content\/uploads\/2013\/05\/vepal-decking-Wpc-768x329.png 768w\" sizes=\"auto, (max-width: 1047px) 100vw, 1047px\" \/><\/figure>\n\n\n\n<p>Bitte kontaktieren Sie unsere Verkaufsabteilung f\u00fcr weitere Informationen. Sie k\u00f6nnen auch den Vepal-Katalog\/die Vepal-Liste konsultieren, der\/die in K\u00fcrze bei allen autorisierten Berti- und Vepal-H\u00e4ndlern erh\u00e4ltlich ist. Wir arbeiten auch an der Aktualisierung der <a href=\"https:\/\/www.vepal.it\/\" target=\"_blank\" rel=\"noreferrer noopener\">Vepal-Website<\/a>, auf der Sie alle neuen Produkte finden werden, die wir Ihnen gerade vorgestellt haben.  <\/p>\n\n\n\n<p><a href=\"https:\/\/issuu.com\/bertiamministratore\/docs\/vepal_catalogo_prodotti_2013_parquet_laminato\/1?mode=window&amp;backgroundColor=%23222222\" target=\"_blank\" rel=\"noreferrer noopener\">Um den Vepal-Katalog 2013 einzusehen, der ab dem 1\/06\/2013 g\u00fcltig ist, klicken Sie bitte auf den folgenden Link.<\/a><\/p>\n<\/div>\n<\/div>\n\n\n\n<div class=\"wp-block-group post-categories has-global-padding is-content-justification-left is-layout-constrained wp-container-core-group-is-layout-836d34cb wp-block-group-is-layout-constrained\" style=\"margin-top:var(--wp--preset--spacing--70);font-size:11px\">\n<div class=\"wp-block-group is-content-justification-center is-nowrap is-layout-flex wp-container-core-group-is-layout-60758a6d wp-block-group-is-layout-flex\">\n<p>Magazin \/<\/p>\n\n\n<div class=\"taxonomy-category wp-block-post-terms\"><a href=\"https:\/\/berti.net\/de\/magazine\/category\/produkte\/\" rel=\"tag\">Produkte<\/a><span class=\"wp-block-post-terms__separator\">, <\/span><a href=\"https:\/\/berti.net\/de\/magazine\/category\/projekte\/\" rel=\"tag\">Projekte<\/a><\/div><\/div>\n<\/div>\n<\/div>\n\n<p><\/p>\n","protected":false},"excerpt":{"rendered":"<p>Dank der \u00dcberarbeitung des Vepal-Sortiments werden die Auswahlm\u00f6glichkeiten f\u00fcr unsere Kunden erweitert<\/p>\n","protected":false},"author":9,"featured_media":23409,"comment_status":"closed","ping_status":"closed","sticky":false,"template":"","format":"standard","meta":{"footnotes":""},"categories":[161,179],"tags":[],"class_list":["post-23407","post","type-post","status-publish","format-standard","has-post-thumbnail","hentry","category-produkte","category-projekte"],"_links":{"self":[{"href":"https:\/\/berti.net\/de\/wp-json\/wp\/v2\/posts\/23407","targetHints":{"allow":["GET"]}}],"collection":[{"href":"https:\/\/berti.net\/de\/wp-json\/wp\/v2\/posts"}],"about":[{"href":"https:\/\/berti.net\/de\/wp-json\/wp\/v2\/types\/post"}],"author":[{"embeddable":true,"href":"https:\/\/berti.net\/de\/wp-json\/wp\/v2\/users\/9"}],"replies":[{"embeddable":true,"href":"https:\/\/berti.net\/de\/wp-json\/wp\/v2\/comments?post=23407"}],"version-history":[{"count":1,"href":"https:\/\/berti.net\/de\/wp-json\/wp\/v2\/posts\/23407\/revisions"}],"predecessor-version":[{"id":23437,"href":"https:\/\/berti.net\/de\/wp-json\/wp\/v2\/posts\/23407\/revisions\/23437"}],"wp:featuredmedia":[{"embeddable":true,"href":"https:\/\/berti.net\/de\/wp-json\/wp\/v2\/media\/23409"}],"wp:attachment":[{"href":"https:\/\/berti.net\/de\/wp-json\/wp\/v2\/media?parent=23407"}],"wp:term":[{"taxonomy":"category","embeddable":true,"href":"https:\/\/berti.net\/de\/wp-json\/wp\/v2\/categories?post=23407"},{"taxonomy":"post_tag","embeddable":true,"href":"https:\/\/berti.net\/de\/wp-json\/wp\/v2\/tags?post=23407"}],"curies":[{"name":"wp","href":"https:\/\/api.w.org\/{rel}","templated":true}]}}