{"id":23373,"date":"2013-07-03T07:49:01","date_gmt":"2013-07-03T07:49:01","guid":{"rendered":"https:\/\/www.berti.net\/magazine\/berti-consiglia-parkett-verlegen\/"},"modified":"2025-06-05T07:40:16","modified_gmt":"2025-06-05T07:40:16","slug":"berti-consiglia-parkett-verlegen","status":"publish","type":"post","link":"https:\/\/berti.net\/de\/magazine\/berti-consiglia-parkett-verlegen\/","title":{"rendered":"Berti Consiglia: Parkett verlegen"},"content":{"rendered":"\n<div class=\"wp-block-group post-detail-pattern is-container has-base-2-color has-contrast-background-color has-text-color has-background has-link-color wp-elements-910e585d8118bf5a01fbd7a34a8d864a has-global-padding is-layout-constrained wp-block-group-is-layout-constrained\" style=\"margin-top:0;margin-bottom:0;padding-top:var(--wp--preset--spacing--70);padding-bottom:var(--wp--preset--spacing--70)\">\n<div class=\"wp-block-columns alignwide is-layout-flex wp-container-core-columns-is-layout-d125203f wp-block-columns-is-layout-flex\" style=\"margin-bottom:var(--wp--preset--spacing--50)\">\n<div class=\"wp-block-column is-vertically-aligned-stretch is-layout-flow wp-block-column-is-layout-flow\" style=\"padding-right:0;flex-basis:50%\">\n<div class=\"wp-block-group is-vertical is-content-justification-stretch is-layout-flex wp-container-core-group-is-layout-e9e70883 wp-block-group-is-layout-flex\" style=\"min-height:100%\">\n<div class=\"wp-block-group post-categories is-nowrap is-layout-flex wp-container-core-group-is-layout-3155b93e wp-block-group-is-layout-flex\" style=\"margin-top:var(--wp--preset--spacing--20);font-size:11px\">\n<p>Magazin \/<\/p>\n\n\n<div class=\"taxonomy-category wp-block-post-terms\"><a href=\"https:\/\/berti.net\/de\/magazine\/category\/produkte\/\" rel=\"tag\">Produkte<\/a><span class=\"wp-block-post-terms__separator\">, <\/span><a href=\"https:\/\/berti.net\/de\/magazine\/category\/veranstaltungen\/\" rel=\"tag\">Veranstaltungen<\/a><\/div><\/div>\n\n\n<div style=\"font-style:normal;font-weight:600;text-transform:uppercase;\" class=\"has-link-color wp-elements-32859cd979b45056895d81c5660c23a0 wp-block-post-date has-text-color has-base-color has-s-font-size\"><time datetime=\"2013-07-03T07:49:01+00:00\">3 July 2013<\/time><\/div>\n\n\n<h1 class=\"wp-block-heading post-title\"><strong>Berti Consiglia<\/strong>: Parkett <strong>verlegen<\/strong> <\/h1>\n\n\n\n<h2 class=\"wp-block-heading post-subtitle\" style=\"margin-bottom:var(--wp--preset--spacing--20)\">Sobald Sie sich f\u00fcr das Wesen und das Format Ihres Parketts entschieden haben, kommt <strong>die Zeit<\/strong> der <strong>Verlegung<\/strong>. Dies ist eine Entscheidung, die Sie <strong>vor der Bestellung des<\/strong> Parketts treffen sollten, da die Art der Verlegung auch die <strong>Menge des<\/strong> zu <strong>bestellenden<\/strong> <strong>Parketts<\/strong> beeinflusst. <\/h2>\n\n\n\n<figure class=\"wp-block-image size-full is-style-default\"><img loading=\"lazy\" decoding=\"async\" width=\"1035\" height=\"352\" src=\"https:\/\/www.berti.net\/wp-content\/uploads\/2013\/07\/Berti-consiglia-scelta-posa.jpg\" alt=\"\" class=\"wp-image-9135\" srcset=\"https:\/\/berti.net\/wp-content\/uploads\/2013\/07\/Berti-consiglia-scelta-posa.jpg 1035w, https:\/\/berti.net\/wp-content\/uploads\/2013\/07\/Berti-consiglia-scelta-posa-300x102.jpg 300w, https:\/\/berti.net\/wp-content\/uploads\/2013\/07\/Berti-consiglia-scelta-posa-1024x348.jpg 1024w, https:\/\/berti.net\/wp-content\/uploads\/2013\/07\/Berti-consiglia-scelta-posa-768x261.jpg 768w\" sizes=\"auto, (max-width: 1035px) 100vw, 1035px\" \/><\/figure>\n\n\n\n<p>La <a href=\"https:\/\/www.berti.net\/faq\/faq\/tecniche\/tipologie-di-posa\" target=\"_blank\" rel=\"noreferrer noopener\"><strong>Verlegen von Parkett<\/strong><\/a> ist eine heikle und anspruchsvolle Phase: Es ist immer empfehlenswert, sich an Fachpersonal zu wenden. Andernfalls besteht die Gefahr, dass das sorgf\u00e4ltig ausgew\u00e4hlte Material, das zu den wertvollsten und technisch fortschrittlichsten geh\u00f6rt, durch eine unprofessionelle Verlegung beeintr\u00e4chtigt wird. <\/p>\n\n\n\n<figure class=\"wp-block-image size-full is-style-default\"><img loading=\"lazy\" decoding=\"async\" width=\"1095\" height=\"800\" src=\"https:\/\/www.berti.net\/wp-content\/uploads\/2013\/07\/Berti-pavimenti-parquet-geometria-di-posa.jpg\" alt=\"\" class=\"wp-image-9139\" srcset=\"https:\/\/berti.net\/wp-content\/uploads\/2013\/07\/Berti-pavimenti-parquet-geometria-di-posa.jpg 1095w, https:\/\/berti.net\/wp-content\/uploads\/2013\/07\/Berti-pavimenti-parquet-geometria-di-posa-300x219.jpg 300w, https:\/\/berti.net\/wp-content\/uploads\/2013\/07\/Berti-pavimenti-parquet-geometria-di-posa-1024x748.jpg 1024w, https:\/\/berti.net\/wp-content\/uploads\/2013\/07\/Berti-pavimenti-parquet-geometria-di-posa-768x561.jpg 768w\" sizes=\"auto, (max-width: 1095px) 100vw, 1095px\" \/><\/figure>\n\n\n\n<p>Die Verlegung kann also in zweierlei Hinsicht verstanden werden: die Verlegegeometrie und die Art der Verlegung. W\u00e4hrend Ersteres ein eher \u00e4sthetischer Faktor ist, h\u00e4ngt die Art der Verlegung von dem vorhandenen Untergrund und den technischen Zw\u00e4ngen ab. <\/p>\n\n\n\n<p><strong>DIE VERLEGEGEOMETRIE<\/strong><\/p>\n\n\n\n<p>Die <a href=\"https:\/\/www.berti.net\/faq\/faq\/tecniche\/cose-la-geometria-di-posa\" target=\"_blank\" rel=\"noreferrer noopener\"><strong>Verlegegeometrie<\/strong><\/a> ist das Muster, das durch die Kombination der einzelnen Elemente entsteht, aus denen Ihr Holzfu\u00dfboden besteht. Es gibt viele verschiedene <a href=\"https:\/\/www.berti.net\/faq\/faq\/tecniche\/cose-la-geometria-di-posa\" target=\"_blank\" rel=\"noreferrer noopener\">Arten der Verlegung<\/a>, und theoretisch k\u00f6nnte man sagen, dass die einzige Grenze Ihre Fantasie ist. Das endg\u00fcltige Aussehen, das Ihr Parkett auszeichnen wird, h\u00e4ngt von vielen Faktoren ab: von der Gr\u00f6\u00dfe der Holzmodule, von der Wahl geometrischer oder nicht-geometrischer Mosaike und vom Einfallsreichtum bei der Kombination. Im Allgemeinen sollten Sie bei Verlegemustern, die dem Verlauf der W\u00e4nde folgen, weniger Verschnitt (ca. 4\/5%) einkalkulieren; bei diagonaler Verlegung sollten Sie etwa 10% mehr Verschnitt bestellen.   <\/p>\n\n\n\n<figure class=\"wp-block-image size-full is-style-default\"><img loading=\"lazy\" decoding=\"async\" width=\"492\" height=\"395\" src=\"https:\/\/www.berti.net\/wp-content\/uploads\/2013\/07\/Berti-posa-a-spina-01.jpg\" alt=\"\" class=\"wp-image-9142\" srcset=\"https:\/\/berti.net\/wp-content\/uploads\/2013\/07\/Berti-posa-a-spina-01.jpg 492w, https:\/\/berti.net\/wp-content\/uploads\/2013\/07\/Berti-posa-a-spina-01-300x241.jpg 300w\" sizes=\"auto, (max-width: 492px) 100vw, 492px\" \/><\/figure>\n\n\n\n<figure class=\"wp-block-image size-full is-style-default\"><img loading=\"lazy\" decoding=\"async\" width=\"422\" height=\"608\" src=\"https:\/\/www.berti.net\/wp-content\/uploads\/2013\/07\/Berti-posa-a-spina-02.jpg\" alt=\"\" class=\"wp-image-9145\" srcset=\"https:\/\/berti.net\/wp-content\/uploads\/2013\/07\/Berti-posa-a-spina-02.jpg 422w, https:\/\/berti.net\/wp-content\/uploads\/2013\/07\/Berti-posa-a-spina-02-208x300.jpg 208w\" sizes=\"auto, (max-width: 422px) 100vw, 422px\" \/><\/figure>\n\n\n\n<p>Bei der Bestellung Ihres Parketts d\u00fcrfen Sie die Sockelleisten nicht vergessen: Diese <strong>speziellen St\u00fccke<\/strong> haben nicht nur eine \u00e4sthetische Funktion, sondern dienen vor allem dazu, die bei der Verlegung entstehende Fuge zu verdecken, die dazu dient, die Ausdehnung des Parketts und eventuelle Dehnungsfugen auszugleichen.<\/p>\n\n\n\n<p><a href=\"https:\/\/www.berti.net\/faq\/faq\/tecniche\/cose-la-geometria-di-posa\" target=\"_blank\" rel=\"noreferrer noopener\">Die Verlegegeometrien<\/a> h\u00e4ngen von der <strong>Beschaffenheit der Holzelemente<\/strong> ab: Bohlen und im Allgemeinen Bretter, die sich durch ihre eher l\u00e4ngliche Struktur auszeichnen, eignen sich f\u00fcr recht gleichm\u00e4\u00dfige Verlegungen, wie die <em>regelm\u00e4\u00dfige Schalungsverlegung<\/em>, bei der die Bohlen in horizontalen oder diagonalen Streifen angeordnet sind, oder die <em>Schiffsdeckverlegung<\/em>, die sich durch ein eher unregelm\u00e4\u00dfiges Muster auszeichnet. Eine der geradlinigsten Geometrien ist zweifellos das <em>Fischgr\u00e4tmuster<\/em>: Die Elemente sind kleiner und es ist daher m\u00f6glich, komplexere Formen zu schaffen, die auch mit der Kombination von H\u00f6lzern verschiedener Arten, Schattierungen und Farben spielen. <\/p>\n\n\n\n<figure class=\"wp-block-image size-full is-style-default\"><img loading=\"lazy\" decoding=\"async\" width=\"1200\" height=\"799\" src=\"https:\/\/www.berti.net\/wp-content\/uploads\/2013\/07\/Berti-parquet-posa-a-correre1.jpg\" alt=\"\" class=\"wp-image-9152\" srcset=\"https:\/\/berti.net\/wp-content\/uploads\/2013\/07\/Berti-parquet-posa-a-correre1.jpg 1200w, https:\/\/berti.net\/wp-content\/uploads\/2013\/07\/Berti-parquet-posa-a-correre1-300x200.jpg 300w, https:\/\/berti.net\/wp-content\/uploads\/2013\/07\/Berti-parquet-posa-a-correre1-1024x682.jpg 1024w, https:\/\/berti.net\/wp-content\/uploads\/2013\/07\/Berti-parquet-posa-a-correre1-768x511.jpg 768w\" sizes=\"auto, (max-width: 1200px) 100vw, 1200px\" \/><\/figure>\n<\/div>\n<\/div>\n\n\n\n<div class=\"wp-block-column is-layout-flow wp-container-core-column-is-layout-22223934 wp-block-column-is-layout-flow\" style=\"flex-basis:50%\">\n<figure class=\"wp-block-image size-full is-style-default\"><img loading=\"lazy\" decoding=\"async\" width=\"600\" height=\"799\" src=\"https:\/\/www.berti.net\/wp-content\/uploads\/2013\/07\/Berti-posa-a-spina-di-pesce.jpg\" alt=\"\" class=\"wp-image-9149\" srcset=\"https:\/\/berti.net\/wp-content\/uploads\/2013\/07\/Berti-posa-a-spina-di-pesce.jpg 600w, https:\/\/berti.net\/wp-content\/uploads\/2013\/07\/Berti-posa-a-spina-di-pesce-225x300.jpg 225w\" sizes=\"auto, (max-width: 600px) 100vw, 600px\" \/><\/figure>\n\n\n\n<p class=\"wp-embed-aspect-16-9 wp-has-aspect-ratio\" style=\"margin-bottom:var(--wp--preset--spacing--20)\"><strong>ARTEN DER VERLEGUNG<\/strong><\/p>\n\n\n\n<p class=\"wp-embed-aspect-16-9 wp-has-aspect-ratio\" style=\"margin-bottom:var(--wp--preset--spacing--20)\">Die <strong>Wahl der <a href=\"https:\/\/www.berti.net\/faq\/faq\/tecniche\/tipologie-di-posa\" target=\"_blank\" rel=\"noreferrer noopener\">Verlegeart<\/a><\/strong> h\u00e4ngt von der Art des Raumes ab, in dem der neue Holzboden verlegt werden soll. Wenn es keine Einschr\u00e4nkungen in Bezug auf die Dicke gibt, ist die Auswahl gr\u00f6\u00dfer und Sie k\u00f6nnen zun\u00e4chst zwischen schwimmender und verleimter Verlegung w\u00e4hlen. Es gibt zwei Haupttechniken f\u00fcr die Verlegung von Fertigparkett: die <a href=\"https:\/\/www.berti.net\/faq\/faq\/tecniche\/tipologie-di-posa\" target=\"_blank\" rel=\"noreferrer noopener\">schwimmende Verlegung und die verklebte Verlegung<\/a>.  <\/p>\n\n\n\n<p class=\"wp-embed-aspect-16-9 wp-has-aspect-ratio\" style=\"margin-bottom:var(--wp--preset--spacing--20)\">Bei allen <strong>Berti-Fertigparkettdielen<\/strong> ist es m\u00f6glich, eine <strong>ge\u00f6lte Oberfl\u00e4che<\/strong> anzufordern. Sie haben die Wahl zwischen einem Produkt, das unbehandelt geliefert wird und daher auf der Baustelle mit nat\u00fcrlichem \u00d6l behandelt wird, oder einem Berti-Fertigparkett, das inline mit UV-Urethan\u00f6l ge\u00f6lt wird.<\/p>\n\n\n\n<figure class=\"wp-block-image size-full is-style-default\"><img loading=\"lazy\" decoding=\"async\" width=\"554\" height=\"176\" src=\"https:\/\/www.berti.net\/wp-content\/uploads\/2013\/07\/posa-incollata.png\" alt=\"\" class=\"wp-image-9156\" srcset=\"https:\/\/berti.net\/wp-content\/uploads\/2013\/07\/posa-incollata.png 554w, https:\/\/berti.net\/wp-content\/uploads\/2013\/07\/posa-incollata-300x95.png 300w\" sizes=\"auto, (max-width: 554px) 100vw, 554px\" \/><\/figure>\n\n\n\n<p class=\"wp-embed-aspect-16-9 wp-has-aspect-ratio\" style=\"margin-bottom:var(--wp--preset--spacing--20)\">Die h\u00e4ufigste Wahl ist die <strong>Verlegung durch Verkleben<\/strong>, die eine gr\u00f6\u00dfere Stabilit\u00e4t bietet, da die Parkettdielen auf dem darunter liegenden Boden oder Estrich fixiert und verklebt werden. Dies ist <a href=\"https:\/\/www.berti.net\/faq\/faq\/tecniche\/qual%E2%80%99e-la-tipologia-di-posa-piu-adatta-per-un-sistema-di-riscaldamento-a-pavimento\" target=\"_blank\" rel=\"noreferrer noopener\">die ratsamste Verlegeart, wenn eine Fu\u00dfbodenheizung geplant ist<\/a>, da auf diese Weise kein Luftraum zwischen dem Estrich und den Parkettdielen verbleibt und somit W\u00e4rmeverluste vermieden werden.<\/p>\n\n\n\n<figure class=\"wp-block-image size-full is-style-default\"><img loading=\"lazy\" decoding=\"async\" width=\"1200\" height=\"1600\" src=\"https:\/\/www.berti.net\/wp-content\/uploads\/2013\/07\/Berti-pavimenti-legno-posa-incollata-parquet.jpg\" alt=\"\" class=\"wp-image-9159\" srcset=\"https:\/\/berti.net\/wp-content\/uploads\/2013\/07\/Berti-pavimenti-legno-posa-incollata-parquet.jpg 1200w, https:\/\/berti.net\/wp-content\/uploads\/2013\/07\/Berti-pavimenti-legno-posa-incollata-parquet-225x300.jpg 225w, https:\/\/berti.net\/wp-content\/uploads\/2013\/07\/Berti-pavimenti-legno-posa-incollata-parquet-768x1024.jpg 768w, https:\/\/berti.net\/wp-content\/uploads\/2013\/07\/Berti-pavimenti-legno-posa-incollata-parquet-1152x1536.jpg 1152w\" sizes=\"auto, (max-width: 1200px) 100vw, 1200px\" \/><\/figure>\n\n\n\n<p class=\"wp-embed-aspect-16-9 wp-has-aspect-ratio\" style=\"margin-bottom:var(--wp--preset--spacing--20)\">Schlie\u00dflich k\u00f6nnen Sie sich f\u00fcr die <a href=\"https:\/\/www.berti.net\/faq\/faq\/generiche\/e-migliore-la-posa-galleggiante\/flottante-o-la-posa-mediante-incollaggio\" target=\"_blank\" rel=\"noreferrer noopener\">schwimmende<strong>Verlegung<\/strong><\/a> entscheiden, bei der der Boden darunter ungest\u00f6rt bleibt. Bei dieser Art der Verlegung werden die Parkettdielen einfach auf den Unterboden gelegt, die Dielen werden mit einer d\u00fcnnen Schicht Kleber, die an den Fugen aufgetragen wird, fest fixiert. In diesem Fall muss das Einlegen einer Matratze zwischen Boden und Parkett vorgesehen werden, die verschiedene Funktionen haben kann, wie z.B. Schallschutz oder W\u00e4rmed\u00e4mmung, um als Feuchtigkeitssperre zu wirken.  <\/p>\n\n\n\n<figure class=\"wp-block-image size-full is-style-default\"><img loading=\"lazy\" decoding=\"async\" width=\"606\" height=\"170\" src=\"https:\/\/www.berti.net\/wp-content\/uploads\/2013\/07\/Posa-flottante.png\" alt=\"\" class=\"wp-image-9162\" srcset=\"https:\/\/berti.net\/wp-content\/uploads\/2013\/07\/Posa-flottante.png 606w, https:\/\/berti.net\/wp-content\/uploads\/2013\/07\/Posa-flottante-300x84.png 300w\" sizes=\"auto, (max-width: 606px) 100vw, 606px\" \/><\/figure>\n\n\n\n<p class=\"wp-embed-aspect-16-9 wp-has-aspect-ratio\" style=\"margin-bottom:var(--wp--preset--spacing--20)\">F\u00fcr welche Verlegeart Sie sich auch entscheiden, ein Element von grundlegender Bedeutung ist der <strong>Unterboden<\/strong>: Er muss in ausgezeichnetem Zustand sein, also kompakt, rissfrei, abgelagert und trocken, glatt und sauber. Die Temperatur des Raumes darf nicht unter 18\u00b0\/22\u00b0 liegen und die Luftfeuchtigkeit muss zwischen 45% und 65% liegen. <\/p>\n\n\n\n<p class=\"wp-embed-aspect-16-9 wp-has-aspect-ratio\" style=\"margin-bottom:var(--wp--preset--spacing--20)\">Wir haben einen kurzen \u00dcberblick \u00fcber die Verlegem\u00f6glichkeiten gegeben und sind auf umfangreiche und komplexe technische Themen eingegangen. <a href=\"https:\/\/www.berti.net\/faq\/faq\" target=\"_blank\" rel=\"noreferrer noopener\">F\u00fcr die am h\u00e4ufigsten gestellten Fragen zum Thema Parkett verweisen wir Sie auf die FAQ von Berti<\/a>. Und nat\u00fcrlich auf die n\u00e4chsten Ausgaben von <em>Berti consiglia<\/em>, in denen wir auf einige der vorgestellten Aspekte n\u00e4her eingehen werden.  <\/p>\n<\/div>\n<\/div>\n\n\n\n<div class=\"wp-block-group post-categories has-global-padding is-content-justification-left is-layout-constrained wp-container-core-group-is-layout-836d34cb wp-block-group-is-layout-constrained\" style=\"margin-top:var(--wp--preset--spacing--70);font-size:11px\">\n<div class=\"wp-block-group is-content-justification-center is-nowrap is-layout-flex wp-container-core-group-is-layout-60758a6d wp-block-group-is-layout-flex\">\n<p>Magazin \/<\/p>\n\n\n<div class=\"taxonomy-category wp-block-post-terms\"><a href=\"https:\/\/berti.net\/de\/magazine\/category\/produkte\/\" rel=\"tag\">Produkte<\/a><span class=\"wp-block-post-terms__separator\">, <\/span><a href=\"https:\/\/berti.net\/de\/magazine\/category\/veranstaltungen\/\" rel=\"tag\">Veranstaltungen<\/a><\/div><\/div>\n<\/div>\n<\/div>\n\n<p><\/p>\n","protected":false},"excerpt":{"rendered":"<p>Wenn Sie sich f\u00fcr das Wesen und das Format Ihres Parketts entschieden haben, ist es an der Zeit, es zu verlegen.<\/p>\n","protected":false},"author":9,"featured_media":23380,"comment_status":"closed","ping_status":"closed","sticky":false,"template":"","format":"standard","meta":{"footnotes":""},"categories":[161,178],"tags":[],"class_list":["post-23373","post","type-post","status-publish","format-standard","has-post-thumbnail","hentry","category-produkte","category-veranstaltungen"],"_links":{"self":[{"href":"https:\/\/berti.net\/de\/wp-json\/wp\/v2\/posts\/23373","targetHints":{"allow":["GET"]}}],"collection":[{"href":"https:\/\/berti.net\/de\/wp-json\/wp\/v2\/posts"}],"about":[{"href":"https:\/\/berti.net\/de\/wp-json\/wp\/v2\/types\/post"}],"author":[{"embeddable":true,"href":"https:\/\/berti.net\/de\/wp-json\/wp\/v2\/users\/9"}],"replies":[{"embeddable":true,"href":"https:\/\/berti.net\/de\/wp-json\/wp\/v2\/comments?post=23373"}],"version-history":[{"count":1,"href":"https:\/\/berti.net\/de\/wp-json\/wp\/v2\/posts\/23373\/revisions"}],"predecessor-version":[{"id":23397,"href":"https:\/\/berti.net\/de\/wp-json\/wp\/v2\/posts\/23373\/revisions\/23397"}],"wp:featuredmedia":[{"embeddable":true,"href":"https:\/\/berti.net\/de\/wp-json\/wp\/v2\/media\/23380"}],"wp:attachment":[{"href":"https:\/\/berti.net\/de\/wp-json\/wp\/v2\/media?parent=23373"}],"wp:term":[{"taxonomy":"category","embeddable":true,"href":"https:\/\/berti.net\/de\/wp-json\/wp\/v2\/categories?post=23373"},{"taxonomy":"post_tag","embeddable":true,"href":"https:\/\/berti.net\/de\/wp-json\/wp\/v2\/tags?post=23373"}],"curies":[{"name":"wp","href":"https:\/\/api.w.org\/{rel}","templated":true}]}}