{"id":23360,"date":"2013-02-05T07:41:27","date_gmt":"2013-02-05T07:41:27","guid":{"rendered":"https:\/\/www.berti.net\/magazine\/berti-prasentiert-zwischen-design-und-recycling-diy-touch-und-wahnsinn\/"},"modified":"2025-06-05T07:40:14","modified_gmt":"2025-06-05T07:40:14","slug":"berti-prasentiert-zwischen-design-und-recycling-diy-touch-und-wahnsinn","status":"publish","type":"post","link":"https:\/\/berti.net\/de\/magazine\/berti-prasentiert-zwischen-design-und-recycling-diy-touch-und-wahnsinn\/","title":{"rendered":"Berti pr\u00e4sentiert: Zwischen Design und Recycling, Diy, Touch und Wahnsinn"},"content":{"rendered":"\n<div class=\"wp-block-group post-detail-pattern is-container has-base-2-color has-contrast-background-color has-text-color has-background has-link-color wp-elements-52e47679b81bfbb97402241c92d61eb0 has-global-padding is-layout-constrained wp-block-group-is-layout-constrained\" style=\"margin-top:0;margin-bottom:0;padding-top:var(--wp--preset--spacing--70);padding-bottom:var(--wp--preset--spacing--70)\">\n<div class=\"wp-block-columns alignwide is-layout-flex wp-container-core-columns-is-layout-d125203f wp-block-columns-is-layout-flex\" style=\"margin-bottom:var(--wp--preset--spacing--50)\">\n<div class=\"wp-block-column is-vertically-aligned-stretch is-layout-flow wp-block-column-is-layout-flow\" style=\"padding-right:0;flex-basis:50%\">\n<div class=\"wp-block-group is-vertical is-content-justification-stretch is-layout-flex wp-container-core-group-is-layout-e9e70883 wp-block-group-is-layout-flex\" style=\"min-height:100%\">\n<div class=\"wp-block-group post-categories is-nowrap is-layout-flex wp-container-core-group-is-layout-3155b93e wp-block-group-is-layout-flex\" style=\"margin-top:var(--wp--preset--spacing--20);font-size:11px\">\n<p>Magazin \/<\/p>\n\n\n<div class=\"taxonomy-category wp-block-post-terms\"><a href=\"https:\/\/berti.net\/de\/magazine\/category\/produkte\/\" rel=\"tag\">Produkte<\/a><span class=\"wp-block-post-terms__separator\">, <\/span><a href=\"https:\/\/berti.net\/de\/magazine\/category\/projekte\/\" rel=\"tag\">Projekte<\/a><\/div><\/div>\n\n\n<div style=\"font-style:normal;font-weight:600;text-transform:uppercase;\" class=\"has-link-color wp-elements-32859cd979b45056895d81c5660c23a0 wp-block-post-date has-text-color has-base-color has-s-font-size\"><time datetime=\"2013-02-05T07:41:27+00:00\">5 February 2013<\/time><\/div>\n\n\n<h1 class=\"wp-block-heading post-title\"><strong>Berti pr\u00e4sentiert<\/strong>: zwischen Design und Recycling, Diy, Touch und Wahnsinn<\/h1>\n\n\n\n<h2 class=\"wp-block-heading post-subtitle\" style=\"margin-bottom:var(--wp--preset--spacing--20)\">Es hat uns Spa\u00df gemacht, in diesen ersten Wochen des Jahres 2013 verschiedene Design-Blogs und -Portale zu durchst\u00f6bern, um zu sehen, was die wichtigsten <strong>Trends<\/strong> f\u00fcr die kommende Saison sind, vor allem im Bereich der<strong>Inneneinrichtung.<\/strong><\/h2>\n\n\n\n<p>Wir haben Hinweise, Ratschl\u00e4ge, Visionen und Prognosen \u201eneu gemischt\u201c und so eine Reihe wirklich interessanter und anregender Trends erhalten, die wir hier in zehn Punkten nach unserer pers\u00f6nlichen Geschmackspr\u00e4ferenz aufgelistet haben. Hier haben Sie also die Top Ten von Berti Pavimenti Legno in Bezug auf Design und Trends: <\/p>\n\n\n\n<p>1) Pflanzliche Farben, <strong>umweltfreundliche<\/strong> Stoffe, <strong>recycelte<\/strong> Materialien und<strong>DIY-Stil<\/strong>f\u00fcr Tische, Lampen und verschiedene Gegenst\u00e4nde: Parkett bietet in dieser Hinsicht viele Ideen.<\/p>\n\n\n\n<figure class=\"wp-block-image size-full is-style-default\"><img loading=\"lazy\" decoding=\"async\" width=\"937\" height=\"649\" src=\"https:\/\/www.berti.net\/wp-content\/uploads\/2013\/02\/Berti-parquet-diy.jpg\" alt=\"\" class=\"wp-image-9960\" srcset=\"https:\/\/berti.net\/wp-content\/uploads\/2013\/02\/Berti-parquet-diy.jpg 937w, https:\/\/berti.net\/wp-content\/uploads\/2013\/02\/Berti-parquet-diy-812x562.jpg 812w, https:\/\/berti.net\/wp-content\/uploads\/2013\/02\/Berti-parquet-diy-768x532.jpg 768w\" sizes=\"auto, (max-width: 937px) 100vw, 937px\" \/><\/figure>\n\n\n\n<p>2) <strong>Mit Moos bewachsene<\/strong> M\u00f6bel und Gr\u00fcnfl\u00e4chen f\u00fcr st\u00e4dtische G\u00e4rten: Moos hat den Vorteil, dass es nicht gegossen werden muss und nicht w\u00e4chst.<\/p>\n\n\n\n<p>3) <strong>Tierformen<\/strong> als Mikrotrend: Lampen in Form von Hunden, Tische in Form von K\u00fchen und Strau\u00dfen, auf Stoffe gedruckte Tiere, pelzige Hocker und Tapeten voller Schmetterlinge.<\/p>\n\n\n\n<figure class=\"wp-block-image size-full is-style-default\"><img loading=\"lazy\" decoding=\"async\" width=\"375\" height=\"500\" src=\"https:\/\/www.berti.net\/wp-content\/uploads\/2013\/02\/berti_trends02.jpg\" alt=\"\" class=\"wp-image-9963\"\/><\/figure>\n\n\n\n<p>4) Gerade die <strong>Tapete<\/strong> ist eine R\u00fcckkehr in die Vergangenheit, eine Wiederentdeckung mit einem Hauch von Vintage, die auch mit der Verwendung von Blumen (oder Tieren) als Dekorationsmotiv verbunden ist.<\/p>\n\n\n\n<figure class=\"wp-block-image size-full is-style-default\"><img loading=\"lazy\" decoding=\"async\" width=\"554\" height=\"831\" src=\"https:\/\/www.berti.net\/wp-content\/uploads\/2013\/02\/885979affeb072fec51ca31321053150.jpg\" alt=\"\" class=\"wp-image-9966\" srcset=\"https:\/\/berti.net\/wp-content\/uploads\/2013\/02\/885979affeb072fec51ca31321053150.jpg 554w, https:\/\/berti.net\/wp-content\/uploads\/2013\/02\/885979affeb072fec51ca31321053150-541x812.jpg 541w\" sizes=\"auto, (max-width: 554px) 100vw, 554px\" \/><\/figure>\n\n\n\n<figure class=\"wp-block-image size-full is-style-default\"><img loading=\"lazy\" decoding=\"async\" width=\"426\" height=\"640\" src=\"https:\/\/www.berti.net\/wp-content\/uploads\/2013\/02\/d4a669beceee3ac26fd94efa30515cce.jpg\" alt=\"\" class=\"wp-image-9969\"\/><\/figure>\n\n\n\n<p>5) <strong>Spitze und Spitzen<\/strong>: Um beim Thema Vintage zu bleiben, werden auch diese Materialien und ihre Verarbeitung \u201eentstaubt\u201c.<\/p>\n\n\n\n<figure class=\"wp-block-image size-full is-style-default\"><img loading=\"lazy\" decoding=\"async\" width=\"348\" height=\"500\" src=\"https:\/\/www.berti.net\/wp-content\/uploads\/2013\/02\/Berti-parquet-design-lace.jpg\" alt=\"\" class=\"wp-image-9972\"\/><\/figure>\n\n\n\n<p>6) <strong>Gr\u00fcn<\/strong> &#8211; Pantone Emerald Green &#8211; wurde zur Farbe des Jahres 2013 gew\u00e4hlt und wird zusammen mit <strong>Gelb<\/strong> eine wichtige Rolle bei Stoffen und Accessoires spielen <strong>.<\/strong><\/p>\n\n\n\n<figure class=\"wp-block-image size-full is-style-default\"><img loading=\"lazy\" decoding=\"async\" width=\"924\" height=\"638\" src=\"https:\/\/www.berti.net\/wp-content\/uploads\/2013\/02\/Berti-parquet-emerald-green.jpg\" alt=\"\" class=\"wp-image-9975\" srcset=\"https:\/\/berti.net\/wp-content\/uploads\/2013\/02\/Berti-parquet-emerald-green.jpg 924w, https:\/\/berti.net\/wp-content\/uploads\/2013\/02\/Berti-parquet-emerald-green-812x561.jpg 812w, https:\/\/berti.net\/wp-content\/uploads\/2013\/02\/Berti-parquet-emerald-green-768x530.jpg 768w\" sizes=\"auto, (max-width: 924px) 100vw, 924px\" \/><\/figure>\n<\/div>\n<\/div>\n\n\n\n<div class=\"wp-block-column is-layout-flow wp-container-core-column-is-layout-22223934 wp-block-column-is-layout-flow\" style=\"flex-basis:50%\">\n<figure class=\"wp-block-image size-full is-style-default\"><img loading=\"lazy\" decoding=\"async\" width=\"862\" height=\"407\" src=\"https:\/\/www.berti.net\/wp-content\/uploads\/2013\/02\/Berti-parquet-design-trend-giallo.jpg\" alt=\"\" class=\"wp-image-9978\" srcset=\"https:\/\/berti.net\/wp-content\/uploads\/2013\/02\/Berti-parquet-design-trend-giallo.jpg 862w, https:\/\/berti.net\/wp-content\/uploads\/2013\/02\/Berti-parquet-design-trend-giallo-812x383.jpg 812w, https:\/\/berti.net\/wp-content\/uploads\/2013\/02\/Berti-parquet-design-trend-giallo-768x363.jpg 768w\" sizes=\"auto, (max-width: 862px) 100vw, 862px\" \/><\/figure>\n\n\n\n<p>7) Details und Einrichtungsgegenst\u00e4nde <strong>aus Messing<\/strong>: Auch hier handelt es sich um eine Wiederentdeckung mit Retro-Ambiente, eine typische Stimmung der 1970er Jahre, die jetzt ein Comeback erlebt.<\/p>\n\n\n\n<p>8 ) Der <strong>Tastsinn<\/strong>: taktile Eigenschaften von Textilien und Gegenst\u00e4nden, Bedeutung von Texturen und Beschaffenheit .<\/p>\n\n\n\n<p>9) Die Rolle des <strong>Mannes<\/strong> muss betont werden, denn M\u00e4nner verbringen immer mehr Zeit zu Hause und sind daher aktiver an Design- und Einrichtungsentscheidungen beteiligt.<\/p>\n\n\n\n<p>10) Ein Hauch von <strong>Originalit\u00e4t<\/strong>, <strong>Gl\u00fcck<\/strong> und <strong>Verr\u00fccktheit<\/strong>: Es reicht nicht mehr aus, einen Stuhl zu kaufen, sondern es muss ein Stuhl sein, der Sie zum L\u00e4cheln bringt. Es werden Materialien und Gegenst\u00e4nde verwendet, die scheinbar aus dem Zusammenhang gerissen sind und die je nach pers\u00f6nlicher Bedeutung spontan und fast kindlich neu kontextualisiert werden: Messbecher wie Blument\u00f6pfe, Gabeln und L\u00f6ffel, die vom Kronleuchter h\u00e4ngen, Sofas, die mit alten Jeans bezogen sind. <\/p>\n\n\n\n<figure class=\"wp-block-image size-full is-style-default\"><img loading=\"lazy\" decoding=\"async\" width=\"696\" height=\"515\" src=\"https:\/\/www.berti.net\/wp-content\/uploads\/2013\/02\/Berti-parquet-arredi-design-originali.jpg\" alt=\"\" class=\"wp-image-9981\"\/><\/figure>\n\n\n\n<p>Wir hoffen, dass Ihnen diese kurze Zusammenfassung unserer \u00e4sthetischen Beitr\u00e4ge gefallen hat. Es ist nicht immer einfach, sich in all diesen zyklischen Neuheiten und Moden zurechtzufinden, aber wir behalten gerne ein Auge auf alles, was in unserer Branche passiert.<\/p>\n\n\n\n<p>Bald werden wir mit neuen interessanten und originellen Ideen aufwarten, um den Blickwinkel von Holzb\u00f6den und spezifischen Bodenbel\u00e4gen zu erweitern und die M\u00f6glichkeiten zu untersuchen, die zu Parkettb\u00f6den passen und die Einrichtung unserer R\u00e4ume erg\u00e4nzen.<\/p>\n\n\n\n<p>(Foto \u00fcber <a href=\"https:\/\/it.pinterest.com\/berti_official\/\" target=\"_blank\" rel=\"noopener\"><strong>Pinterest<\/strong><\/a>)<\/p>\n<\/div>\n<\/div>\n\n\n\n<div class=\"wp-block-group post-categories has-global-padding is-content-justification-left is-layout-constrained wp-container-core-group-is-layout-836d34cb wp-block-group-is-layout-constrained\" style=\"margin-top:var(--wp--preset--spacing--70);font-size:11px\">\n<div class=\"wp-block-group is-content-justification-center is-nowrap is-layout-flex wp-container-core-group-is-layout-60758a6d wp-block-group-is-layout-flex\">\n<p>Magazin \/<\/p>\n\n\n<div class=\"taxonomy-category wp-block-post-terms\"><a href=\"https:\/\/berti.net\/de\/magazine\/category\/produkte\/\" rel=\"tag\">Produkte<\/a><span class=\"wp-block-post-terms__separator\">, <\/span><a href=\"https:\/\/berti.net\/de\/magazine\/category\/projekte\/\" rel=\"tag\">Projekte<\/a><\/div><\/div>\n<\/div>\n<\/div>\n\n<p><\/p>\n","protected":false},"excerpt":{"rendered":"<p>Es hat uns Spa\u00df gemacht, in diesen ersten Wochen des Jahres 2013 auf verschiedenen Design-Blogs und Portalen zu st\u00f6bern, um zu sehen, was die wichtigsten Trends f\u00fcr die kommende Saison sind<\/p>\n","protected":false},"author":9,"featured_media":23361,"comment_status":"closed","ping_status":"closed","sticky":false,"template":"","format":"standard","meta":{"footnotes":""},"categories":[161,179],"tags":[],"class_list":["post-23360","post","type-post","status-publish","format-standard","has-post-thumbnail","hentry","category-produkte","category-projekte"],"_links":{"self":[{"href":"https:\/\/berti.net\/de\/wp-json\/wp\/v2\/posts\/23360","targetHints":{"allow":["GET"]}}],"collection":[{"href":"https:\/\/berti.net\/de\/wp-json\/wp\/v2\/posts"}],"about":[{"href":"https:\/\/berti.net\/de\/wp-json\/wp\/v2\/types\/post"}],"author":[{"embeddable":true,"href":"https:\/\/berti.net\/de\/wp-json\/wp\/v2\/users\/9"}],"replies":[{"embeddable":true,"href":"https:\/\/berti.net\/de\/wp-json\/wp\/v2\/comments?post=23360"}],"version-history":[{"count":1,"href":"https:\/\/berti.net\/de\/wp-json\/wp\/v2\/posts\/23360\/revisions"}],"predecessor-version":[{"id":23378,"href":"https:\/\/berti.net\/de\/wp-json\/wp\/v2\/posts\/23360\/revisions\/23378"}],"wp:featuredmedia":[{"embeddable":true,"href":"https:\/\/berti.net\/de\/wp-json\/wp\/v2\/media\/23361"}],"wp:attachment":[{"href":"https:\/\/berti.net\/de\/wp-json\/wp\/v2\/media?parent=23360"}],"wp:term":[{"taxonomy":"category","embeddable":true,"href":"https:\/\/berti.net\/de\/wp-json\/wp\/v2\/categories?post=23360"},{"taxonomy":"post_tag","embeddable":true,"href":"https:\/\/berti.net\/de\/wp-json\/wp\/v2\/tags?post=23360"}],"curies":[{"name":"wp","href":"https:\/\/api.w.org\/{rel}","templated":true}]}}