{"id":23342,"date":"2013-07-17T07:35:59","date_gmt":"2013-07-17T07:35:59","guid":{"rendered":"https:\/\/www.berti.net\/magazine\/berti-empfiehlt-lackiertes-oder-geoltes-parkett\/"},"modified":"2025-06-05T07:40:12","modified_gmt":"2025-06-05T07:40:12","slug":"berti-empfiehlt-lackiertes-oder-geoltes-parkett","status":"publish","type":"post","link":"https:\/\/berti.net\/de\/magazine\/berti-empfiehlt-lackiertes-oder-geoltes-parkett\/","title":{"rendered":"Berti empfiehlt: Lackiertes oder ge\u00f6ltes Parkett?"},"content":{"rendered":"\n<div class=\"wp-block-group post-detail-pattern is-container has-base-2-color has-contrast-background-color has-text-color has-background has-link-color wp-elements-cb090c1863dc075f635488e0b65a94e8 has-global-padding is-layout-constrained wp-block-group-is-layout-constrained\" style=\"margin-top:0;margin-bottom:0;padding-top:var(--wp--preset--spacing--70);padding-bottom:var(--wp--preset--spacing--70)\">\n<div class=\"wp-block-columns alignwide is-layout-flex wp-container-core-columns-is-layout-d125203f wp-block-columns-is-layout-flex\" style=\"margin-bottom:var(--wp--preset--spacing--50)\">\n<div class=\"wp-block-column is-vertically-aligned-stretch is-layout-flow wp-block-column-is-layout-flow\" style=\"padding-right:0;flex-basis:50%\">\n<div class=\"wp-block-group is-vertical is-content-justification-stretch is-layout-flex wp-container-core-group-is-layout-e9e70883 wp-block-group-is-layout-flex\" style=\"min-height:100%\">\n<div class=\"wp-block-group post-categories is-nowrap is-layout-flex wp-container-core-group-is-layout-3155b93e wp-block-group-is-layout-flex\" style=\"margin-top:var(--wp--preset--spacing--20);font-size:11px\">\n<p>Magazin \/<\/p>\n\n\n<div class=\"taxonomy-category wp-block-post-terms\"><a href=\"https:\/\/berti.net\/de\/magazine\/category\/produkte\/\" rel=\"tag\">Produkte<\/a><span class=\"wp-block-post-terms__separator\">, <\/span><a href=\"https:\/\/berti.net\/de\/magazine\/category\/veranstaltungen\/\" rel=\"tag\">Veranstaltungen<\/a><\/div><\/div>\n\n\n<div style=\"font-style:normal;font-weight:600;text-transform:uppercase;\" class=\"has-link-color wp-elements-32859cd979b45056895d81c5660c23a0 wp-block-post-date has-text-color has-base-color has-s-font-size\"><time datetime=\"2013-07-17T07:35:59+00:00\">17 July 2013<\/time><\/div>\n\n\n<h1 class=\"wp-block-heading post-title\"><strong>Berti<\/strong> empfiehlt: <strong>Lackiertes<\/strong> oder <strong>ge\u00f6ltes<\/strong> <strong>Parkett<\/strong>?<\/h1>\n\n\n\n<h2 class=\"wp-block-heading post-subtitle\" style=\"margin-bottom:var(--wp--preset--spacing--20)\"><a href=\"https:\/\/blog.berti.net\/category\/berti-consiglia\/\" target=\"_blank\" rel=\"noreferrer noopener\"><em><strong>Berti ber\u00e4t<\/strong><\/em><\/a> sich weiter mit den <strong>eher technischen Aspekten<\/strong> von <strong>Parkett<\/strong> und der Wahl Ihres Holzbodens zu befassen. Mit Blick auf die Anforderungen an die M\u00f6bel und nat\u00fcrlich auf alle Aspekte, die nach der Verlegung kommen. Denn Holz ist ein <strong>lebendiges Material<\/strong>, und das Beste daran ist, in ihm zu leben und <strong>die<\/strong> <strong>Qualit\u00e4ten<\/strong>, die es zu einem der <strong>herausragenden Materialien des<\/strong> <strong>Made in Italy<\/strong> machen, voll auszukosten.  <\/h2>\n\n\n\n<figure class=\"wp-block-image size-full is-style-default\"><img loading=\"lazy\" decoding=\"async\" width=\"1035\" height=\"352\" src=\"https:\/\/www.berti.net\/wp-content\/uploads\/2013\/07\/Berti-consiglia-parquet-oliato-verniciato.jpg\" alt=\"\" class=\"wp-image-9111\" srcset=\"https:\/\/berti.net\/wp-content\/uploads\/2013\/07\/Berti-consiglia-parquet-oliato-verniciato.jpg 1035w, https:\/\/berti.net\/wp-content\/uploads\/2013\/07\/Berti-consiglia-parquet-oliato-verniciato-300x102.jpg 300w, https:\/\/berti.net\/wp-content\/uploads\/2013\/07\/Berti-consiglia-parquet-oliato-verniciato-1024x348.jpg 1024w, https:\/\/berti.net\/wp-content\/uploads\/2013\/07\/Berti-consiglia-parquet-oliato-verniciato-768x261.jpg 768w\" sizes=\"auto, (max-width: 1035px) 100vw, 1035px\" \/><\/figure>\n\n\n\n<p>Dieses Mal versuchen wir, eine der h\u00e4ufigsten Fragen zu beantworten: Ist eine Lackierung oder eine \u00d6lbehandlung f\u00fcr Parkett besser?<\/p>\n\n\n\n<p>Auch auf die Gefahr hin, sich zu wiederholen, ist dies eine sehr <strong>subjektive<\/strong> <strong>Entscheidung<\/strong>: Es kommt auf das \u00e4sthetische Ergebnis und das Gef\u00fchl an, das Sie von Ihrem Parkett haben m\u00f6chten.<\/p>\n\n\n\n<figure class=\"wp-block-image size-full is-style-default\"><img loading=\"lazy\" decoding=\"async\" width=\"895\" height=\"646\" src=\"https:\/\/www.berti.net\/wp-content\/uploads\/2013\/07\/Berti-parquet-prefinito-verniciato.jpg\" alt=\"\" class=\"wp-image-9114\" srcset=\"https:\/\/berti.net\/wp-content\/uploads\/2013\/07\/Berti-parquet-prefinito-verniciato.jpg 895w, https:\/\/berti.net\/wp-content\/uploads\/2013\/07\/Berti-parquet-prefinito-verniciato-300x217.jpg 300w, https:\/\/berti.net\/wp-content\/uploads\/2013\/07\/Berti-parquet-prefinito-verniciato-768x554.jpg 768w\" sizes=\"auto, (max-width: 895px) 100vw, 895px\" \/><\/figure>\n\n\n\n<figure class=\"wp-block-image size-full is-style-default\"><img loading=\"lazy\" decoding=\"async\" width=\"1200\" height=\"1205\" src=\"https:\/\/www.berti.net\/wp-content\/uploads\/2013\/07\/Berti-pavimenti-legno-finitura-vernice.jpg\" alt=\"\" class=\"wp-image-9117\" srcset=\"https:\/\/berti.net\/wp-content\/uploads\/2013\/07\/Berti-pavimenti-legno-finitura-vernice.jpg 1200w, https:\/\/berti.net\/wp-content\/uploads\/2013\/07\/Berti-pavimenti-legno-finitura-vernice-300x300.jpg 300w, https:\/\/berti.net\/wp-content\/uploads\/2013\/07\/Berti-pavimenti-legno-finitura-vernice-1020x1024.jpg 1020w, https:\/\/berti.net\/wp-content\/uploads\/2013\/07\/Berti-pavimenti-legno-finitura-vernice-150x150.jpg 150w, https:\/\/berti.net\/wp-content\/uploads\/2013\/07\/Berti-pavimenti-legno-finitura-vernice-768x771.jpg 768w\" sizes=\"auto, (max-width: 1200px) 100vw, 1200px\" \/><figcaption class=\"wp-element-caption\">SV-BERTI-114-5<\/figcaption><\/figure>\n\n\n\n<figure class=\"wp-block-image size-full is-style-default\"><img loading=\"lazy\" decoding=\"async\" width=\"1200\" height=\"893\" src=\"https:\/\/www.berti.net\/wp-content\/uploads\/2013\/07\/Berti-parquet-finitura-olio.jpg\" alt=\"\" class=\"wp-image-9120\" srcset=\"https:\/\/berti.net\/wp-content\/uploads\/2013\/07\/Berti-parquet-finitura-olio.jpg 1200w, https:\/\/berti.net\/wp-content\/uploads\/2013\/07\/Berti-parquet-finitura-olio-300x223.jpg 300w, https:\/\/berti.net\/wp-content\/uploads\/2013\/07\/Berti-parquet-finitura-olio-1024x762.jpg 1024w, https:\/\/berti.net\/wp-content\/uploads\/2013\/07\/Berti-parquet-finitura-olio-768x572.jpg 768w\" sizes=\"auto, (max-width: 1200px) 100vw, 1200px\" \/><figcaption class=\"wp-element-caption\">Bilder 015<\/figcaption><\/figure>\n\n\n\n<p>Die <strong>ge\u00f6lte Oberfl\u00e4che<\/strong> verleiht dem Holzboden eine sehr nat\u00fcrliche Wirkung, w\u00e4hrend die lackierte <strong>Oberfl\u00e4che<\/strong> die T\u00f6ne und Farben der Holzstruktur hervorhebt und verst\u00e4rkt. <strong>Lackiertes Parkett<\/strong> ist praktischer, da es schwieriger zu zerkratzen und leichter zu reinigen ist: ein weiches, feuchtes Tuch reicht aus, ohne dass Sie spezielle Reinigungsmittel ben\u00f6tigen. Andererseits hat es die nat\u00fcrliche Tendenz, bei direktem Lichteinfall mehr Reflexionen zu erzeugen, wodurch es weniger nat\u00fcrlich wirkt als ein ge\u00f6ltes Parkett. Wenn ge\u00f6ltes Parkett f\u00fcr seinen \u201enat\u00fcrlichen Effekt\u201c bekannt ist, m\u00fcssen wir auch erw\u00e4hnen, dass heutzutage Techniken f\u00fcr die Lackierung von Parkett entwickelt wurden, die es erm\u00f6glichen, ein ebenso nat\u00fcrliches Parkett zu w\u00e4hlen. Gleichzeitig ist eine lackierte Oberfl\u00e4che widerstandsf\u00e4higer gegen Abrieb und Kratzer und hat den Vorteil, dass sie wasserabweisend ist und eine harte Oberfl\u00e4che aufweist. Bei einem ge\u00f6lten Parkettboden reicht es bei Oberfl\u00e4chenkratzern aus, ihn einfach neu zu \u00f6len, w\u00e4hrend bei einem lackierten Holzboden der Kratzer nur durch erneutes Schleifen des gesamten Bodens behoben werden kann.     <\/p>\n\n\n\n<figure class=\"wp-block-image size-full is-style-default\"><img loading=\"lazy\" decoding=\"async\" width=\"1200\" height=\"890\" src=\"https:\/\/www.berti.net\/wp-content\/uploads\/2013\/07\/Berti-Pavimenti-Legno-Parquet-verniciato-oliato.jpg\" alt=\"\" class=\"wp-image-9124\" srcset=\"https:\/\/berti.net\/wp-content\/uploads\/2013\/07\/Berti-Pavimenti-Legno-Parquet-verniciato-oliato.jpg 1200w, https:\/\/berti.net\/wp-content\/uploads\/2013\/07\/Berti-Pavimenti-Legno-Parquet-verniciato-oliato-300x223.jpg 300w, https:\/\/berti.net\/wp-content\/uploads\/2013\/07\/Berti-Pavimenti-Legno-Parquet-verniciato-oliato-1024x759.jpg 1024w, https:\/\/berti.net\/wp-content\/uploads\/2013\/07\/Berti-Pavimenti-Legno-Parquet-verniciato-oliato-768x570.jpg 768w\" sizes=\"auto, (max-width: 1200px) 100vw, 1200px\" \/><figcaption class=\"wp-element-caption\">Bilder 015<\/figcaption><\/figure>\n<\/div>\n<\/div>\n\n\n\n<div class=\"wp-block-column is-layout-flow wp-container-core-column-is-layout-22223934 wp-block-column-is-layout-flow\" style=\"flex-basis:50%\">\n<p class=\"wp-embed-aspect-16-9 wp-has-aspect-ratio\" style=\"margin-bottom:var(--wp--preset--spacing--20)\">Alle <a href=\"https:\/\/www.berti.net\/collezioni\/berti\" target=\"_blank\" rel=\"noreferrer noopener\"><strong>einbaufertigen Berti<\/strong><\/a> werden bereits <strong>lackiert<\/strong> geliefert: Sie werden einer hochfesten Lackierung unterzogen, die dank der besonderen Veredelungstechnik ein praktisch ewiges Produkt mit hoher H\u00e4rte und Verschlei\u00dffestigkeit erm\u00f6glicht. Die verschiedenen Phasen der Endbearbeitung umfassen 4 bis 6 Schichten Grundierung, die mit der Rolle aufgetragen werden, gefolgt von der anschlie\u00dfenden Lackierung. Denn neben dem \u00e4sthetischen Aspekt ist die Endbearbeitung Ihres Parketts eine Garantie f\u00fcr erstklassige <strong>funktionelle Leistungen<\/strong>. Die Trocknung des Lacks in speziellen UV-\u00d6fen macht Berti-Fertigb\u00f6den sofort nach der Verlegung benutzbar und begehbar. <a href=\"https:\/\/blog.berti.net\/garanzia-prodotti-berti-qualita-e-sicurezza\/\" target=\"_blank\" rel=\"noreferrer noopener\">Die Produkte von Berti werden mit Wasser lackiert<\/a> und schonen die Umwelt: Sie k\u00f6nnen sich r\u00fchmen, 95% weniger sch\u00e4dliche Emissionen im Vergleich zu einem normalen L\u00f6semittellack auszusto\u00dfen und gleichzeitig einen ausgezeichneten professionellen Qualit\u00e4tsstandard beizubehalten.    <\/p>\n\n\n\n<figure class=\"wp-block-image size-full is-style-default\"><img loading=\"lazy\" decoding=\"async\" width=\"818\" height=\"2560\" src=\"https:\/\/www.berti.net\/wp-content\/uploads\/2013\/07\/Berti-collezione-Verniciatura-_2-scaled.jpg\" alt=\"\" class=\"wp-image-9128\" srcset=\"https:\/\/berti.net\/wp-content\/uploads\/2013\/07\/Berti-collezione-Verniciatura-_2-scaled.jpg 818w, https:\/\/berti.net\/wp-content\/uploads\/2013\/07\/Berti-collezione-Verniciatura-_2-96x300.jpg 96w, https:\/\/berti.net\/wp-content\/uploads\/2013\/07\/Berti-collezione-Verniciatura-_2-327x1024.jpg 327w, https:\/\/berti.net\/wp-content\/uploads\/2013\/07\/Berti-collezione-Verniciatura-_2-491x1536.jpg 491w\" sizes=\"auto, (max-width: 818px) 100vw, 818px\" \/><\/figure>\n\n\n\n<p class=\"wp-embed-aspect-16-9 wp-has-aspect-ratio\" style=\"margin-bottom:var(--wp--preset--spacing--20)\">Bei allen <strong>Berti-Fertigparkettdielen<\/strong> ist es m\u00f6glich, eine <strong>ge\u00f6lte Oberfl\u00e4che<\/strong> anzufordern. Sie haben die Wahl zwischen einem Produkt, das unbehandelt geliefert wird und daher auf der Baustelle mit nat\u00fcrlichem \u00d6l behandelt wird, oder einem Berti-Fertigparkett, das inline mit UV-Urethan\u00f6l ge\u00f6lt wird.<\/p>\n\n\n\n<p class=\"wp-embed-aspect-16-9 wp-has-aspect-ratio\" style=\"margin-bottom:var(--wp--preset--spacing--20)\">Da \u00d6l im Allgemeinen mehr Pflege und Wartung erfordert, wird sehr oft eine Lackierung bevorzugt.<\/p>\n<\/div>\n<\/div>\n\n\n\n<div class=\"wp-block-group post-categories has-global-padding is-content-justification-left is-layout-constrained wp-container-core-group-is-layout-836d34cb wp-block-group-is-layout-constrained\" style=\"margin-top:var(--wp--preset--spacing--70);font-size:11px\">\n<div class=\"wp-block-group is-content-justification-center is-nowrap is-layout-flex wp-container-core-group-is-layout-60758a6d wp-block-group-is-layout-flex\">\n<p>Magazin \/<\/p>\n\n\n<div class=\"taxonomy-category wp-block-post-terms\"><a href=\"https:\/\/berti.net\/de\/magazine\/category\/produkte\/\" rel=\"tag\">Produkte<\/a><span class=\"wp-block-post-terms__separator\">, <\/span><a href=\"https:\/\/berti.net\/de\/magazine\/category\/veranstaltungen\/\" rel=\"tag\">Veranstaltungen<\/a><\/div><\/div>\n<\/div>\n<\/div>\n\n<p><\/p>\n","protected":false},"excerpt":{"rendered":"<p>Berti r\u00e4t, sich weiter mit den technischen Aspekten von Parkett und der Wahl Ihres Holzbodens zu besch\u00e4ftigen.<\/p>\n","protected":false},"author":9,"featured_media":23345,"comment_status":"closed","ping_status":"closed","sticky":false,"template":"","format":"standard","meta":{"footnotes":""},"categories":[161,178],"tags":[],"class_list":["post-23342","post","type-post","status-publish","format-standard","has-post-thumbnail","hentry","category-produkte","category-veranstaltungen"],"_links":{"self":[{"href":"https:\/\/berti.net\/de\/wp-json\/wp\/v2\/posts\/23342","targetHints":{"allow":["GET"]}}],"collection":[{"href":"https:\/\/berti.net\/de\/wp-json\/wp\/v2\/posts"}],"about":[{"href":"https:\/\/berti.net\/de\/wp-json\/wp\/v2\/types\/post"}],"author":[{"embeddable":true,"href":"https:\/\/berti.net\/de\/wp-json\/wp\/v2\/users\/9"}],"replies":[{"embeddable":true,"href":"https:\/\/berti.net\/de\/wp-json\/wp\/v2\/comments?post=23342"}],"version-history":[{"count":1,"href":"https:\/\/berti.net\/de\/wp-json\/wp\/v2\/posts\/23342\/revisions"}],"predecessor-version":[{"id":23358,"href":"https:\/\/berti.net\/de\/wp-json\/wp\/v2\/posts\/23342\/revisions\/23358"}],"wp:featuredmedia":[{"embeddable":true,"href":"https:\/\/berti.net\/de\/wp-json\/wp\/v2\/media\/23345"}],"wp:attachment":[{"href":"https:\/\/berti.net\/de\/wp-json\/wp\/v2\/media?parent=23342"}],"wp:term":[{"taxonomy":"category","embeddable":true,"href":"https:\/\/berti.net\/de\/wp-json\/wp\/v2\/categories?post=23342"},{"taxonomy":"post_tag","embeddable":true,"href":"https:\/\/berti.net\/de\/wp-json\/wp\/v2\/tags?post=23342"}],"curies":[{"name":"wp","href":"https:\/\/api.w.org\/{rel}","templated":true}]}}