{"id":23278,"date":"2013-11-14T13:51:17","date_gmt":"2013-11-14T13:51:17","guid":{"rendered":"https:\/\/www.berti.net\/magazine\/berti-parkettboden-auf-elle-decor\/"},"modified":"2025-06-05T07:40:00","modified_gmt":"2025-06-05T07:40:00","slug":"berti-parkettboden-auf-elle-decor","status":"publish","type":"post","link":"https:\/\/berti.net\/de\/magazine\/berti-parkettboden-auf-elle-decor\/","title":{"rendered":"Berti-Parkettb\u00f6den auf Elle Decor"},"content":{"rendered":"\n<div class=\"wp-block-group post-detail-pattern is-container has-base-2-color has-contrast-background-color has-text-color has-background has-link-color wp-elements-3a0fdac03d38b2f27522681d40b8481a has-global-padding is-layout-constrained wp-block-group-is-layout-constrained\" style=\"margin-top:0;margin-bottom:0;padding-top:var(--wp--preset--spacing--70);padding-bottom:var(--wp--preset--spacing--70)\">\n<div class=\"wp-block-columns alignwide is-layout-flex wp-container-core-columns-is-layout-d125203f wp-block-columns-is-layout-flex\" style=\"margin-bottom:var(--wp--preset--spacing--50)\">\n<div class=\"wp-block-column is-vertically-aligned-stretch is-layout-flow wp-block-column-is-layout-flow\" style=\"padding-right:0;flex-basis:50%\">\n<div class=\"wp-block-group is-vertical is-content-justification-stretch is-layout-flex wp-container-core-group-is-layout-e9e70883 wp-block-group-is-layout-flex\" style=\"min-height:100%\">\n<div class=\"wp-block-group post-categories is-nowrap is-layout-flex wp-container-core-group-is-layout-3155b93e wp-block-group-is-layout-flex\" style=\"margin-top:var(--wp--preset--spacing--20);font-size:11px\">\n<p>Magazin \/<\/p>\n\n\n<div class=\"taxonomy-category wp-block-post-terms\"><a href=\"https:\/\/berti.net\/de\/magazine\/category\/produkte\/\" rel=\"tag\">Produkte<\/a><span class=\"wp-block-post-terms__separator\">, <\/span><a href=\"https:\/\/berti.net\/de\/magazine\/category\/projekte\/\" rel=\"tag\">Projekte<\/a><\/div><\/div>\n\n\n<div style=\"font-style:normal;font-weight:600;text-transform:uppercase;\" class=\"has-link-color wp-elements-32859cd979b45056895d81c5660c23a0 wp-block-post-date has-text-color has-base-color has-s-font-size\"><time datetime=\"2013-11-14T13:51:17+00:00\">14 November 2013<\/time><\/div>\n\n\n<h1 class=\"wp-block-heading post-title\"><strong>Berti-Parkettb\u00f6den<\/strong> auf <strong>Elle Decor<\/strong><\/h1>\n\n\n\n<h2 class=\"wp-block-heading post-subtitle\" style=\"margin-bottom:var(--wp--preset--spacing--20)\"><strong>Berti-Parkettb\u00f6den<\/strong> waren die Protagonisten im letzten Monat in Verona w\u00e4hrend der Ausstellung <strong>Abitare il tempo<\/strong>, einem traditionellen Termin f\u00fcr hervorragende<strong>italienische M\u00f6bel<\/strong>.<\/h2>\n\n\n\n<p>Berti und seine Holzb\u00f6den wurden von <strong>Elle Decor Italia<\/strong>, einer der f\u00fchrenden nationalen Zeitschriften<strong> f\u00fcr Inneneinrichtung<\/strong>, ausgew\u00e4hlt, um Teil einer der sechs Vitrinen der \u201e<strong><em>Decor Codes<\/em><\/strong>\u201c, die den Zusammenhang zwischen Handwerkskunst und zeitgen\u00f6ssischem Design aufzeigen soll.<\/p>\n\n\n\n<figure class=\"wp-block-image size-full is-style-default\"><img loading=\"lazy\" decoding=\"async\" width=\"519\" height=\"254\" src=\"https:\/\/www.berti.net\/wp-content\/uploads\/2013\/11\/Berti_elledecor02.png\" alt=\"\" class=\"wp-image-8932\" srcset=\"https:\/\/berti.net\/wp-content\/uploads\/2013\/11\/Berti_elledecor02.png 519w, https:\/\/berti.net\/wp-content\/uploads\/2013\/11\/Berti_elledecor02-300x147.png 300w\" sizes=\"auto, (max-width: 519px) 100vw, 519px\" \/><\/figure>\n\n\n\n<p>In diesem Monat ist die neue Elle Decor erschienen, die uns ausf\u00fchrlich \u00fcber die gl\u00fcckliche und kreative Erfahrung in Verona berichtet:<\/p>\n\n\n\n<p>&#8221;<em>Sechs verschiedene Interpretationen des h\u00e4uslichen Raums mit einer eklektischen und zug\u00e4nglichen, aber anspruchsvollen Sprache. Die Protagonisten sind die gro\u00dfen Designklassiker und <strong>Designexperimente<\/strong>, Unikate aus der Kunst und Serienproduktionen, die ausgew\u00e4hlt wurden, um neue m\u00f6gliche Szenarien zu definieren. Elle Decor Italia spielt mit den Kontrasten von weichen Oberfl\u00e4chen und Materialien, von klassischen oder zeitgen\u00f6ssischen Stilen. Sie konzentriert sich auf Details, sowohl nat\u00fcrliche als auch kostbare, aber immer mit einem Auge f\u00fcr Farbe und Dekoration. Bricht die Form und entfesselt die Kreativit\u00e4t    <\/em>.&#8221;<\/p>\n\n\n\n<figure class=\"wp-block-image size-full is-style-default\"><img loading=\"lazy\" decoding=\"async\" width=\"600\" height=\"900\" src=\"https:\/\/www.berti.net\/wp-content\/uploads\/2013\/11\/Berti-pavimenti-legno_parquet-elledecor06-.jpg\" alt=\"\" class=\"wp-image-8941\" srcset=\"https:\/\/berti.net\/wp-content\/uploads\/2013\/11\/Berti-pavimenti-legno_parquet-elledecor06-.jpg 600w, https:\/\/berti.net\/wp-content\/uploads\/2013\/11\/Berti-pavimenti-legno_parquet-elledecor06--200x300.jpg 200w\" sizes=\"auto, (max-width: 600px) 100vw, 600px\" \/><\/figure>\n\n\n\n<p>Konkret handelt es sich bei dem verwendeten Berti-Parkett um ein vorgefertigtes <strong>Rovere Espresso, Vintage Berti Studio byBerti Pavimenti Legno line<\/strong>, mit ungarischen Fischgr\u00e4tmustern verlegt<\/p>\n\n\n\n<p>Das betreffende Parkett war in der &#8221;<strong>Eklektisch Borghese. Zugangscode: Exzentrischer Schick <\/strong>&#8221;:<\/p>\n\n\n\n<p>&#8221;<em>Pariser Farbt\u00f6ne f\u00fcr einen Raum mit einem Hauch von Hausmannskost. Stuck an den W\u00e4nden und Deckenrosetten ziehen die Grenzen eines Ortes, der von Akzenten lebt. In einer Umgebung, die in leuchtende Farben gekleidet ist, koexistieren ausgew\u00e4hlte St\u00fccke aus dem besten<strong>Kunstdesign<\/strong> und kostbare Details wie Leder, Gold und Messing.  <\/em>.&#8221;<\/p>\n<\/div>\n<\/div>\n\n\n\n<div class=\"wp-block-column is-layout-flow wp-container-core-column-is-layout-22223934 wp-block-column-is-layout-flow\" style=\"flex-basis:50%\">\n<figure class=\"wp-block-image size-full is-style-default\"><img loading=\"lazy\" decoding=\"async\" width=\"600\" height=\"803\" src=\"https:\/\/www.berti.net\/wp-content\/uploads\/2013\/11\/Berti-pavimenti-legno_parquet-elledecor04-.jpg\" alt=\"\" class=\"wp-image-8935\" srcset=\"https:\/\/berti.net\/wp-content\/uploads\/2013\/11\/Berti-pavimenti-legno_parquet-elledecor04-.jpg 600w, https:\/\/berti.net\/wp-content\/uploads\/2013\/11\/Berti-pavimenti-legno_parquet-elledecor04--224x300.jpg 224w\" sizes=\"auto, (max-width: 600px) 100vw, 600px\" \/><\/figure>\n\n\n\n<figure class=\"wp-block-image size-full is-style-default\"><img loading=\"lazy\" decoding=\"async\" width=\"600\" height=\"754\" src=\"https:\/\/www.berti.net\/wp-content\/uploads\/2013\/11\/Berti-pavimenti-legno_parquet-elledecor03-.jpg\" alt=\"\" class=\"wp-image-8938\" srcset=\"https:\/\/berti.net\/wp-content\/uploads\/2013\/11\/Berti-pavimenti-legno_parquet-elledecor03-.jpg 600w, https:\/\/berti.net\/wp-content\/uploads\/2013\/11\/Berti-pavimenti-legno_parquet-elledecor03--239x300.jpg 239w\" sizes=\"auto, (max-width: 600px) 100vw, 600px\" \/><\/figure>\n<\/div>\n<\/div>\n\n\n\n<div class=\"wp-block-group post-categories has-global-padding is-content-justification-left is-layout-constrained wp-container-core-group-is-layout-836d34cb wp-block-group-is-layout-constrained\" style=\"margin-top:var(--wp--preset--spacing--70);font-size:11px\">\n<div class=\"wp-block-group is-content-justification-center is-nowrap is-layout-flex wp-container-core-group-is-layout-60758a6d wp-block-group-is-layout-flex\">\n<p>Magazin \/<\/p>\n\n\n<div class=\"taxonomy-category wp-block-post-terms\"><a href=\"https:\/\/berti.net\/de\/magazine\/category\/produkte\/\" rel=\"tag\">Produkte<\/a><span class=\"wp-block-post-terms__separator\">, <\/span><a href=\"https:\/\/berti.net\/de\/magazine\/category\/projekte\/\" rel=\"tag\">Projekte<\/a><\/div><\/div>\n<\/div>\n<\/div>\n\n<p><\/p>\n","protected":false},"excerpt":{"rendered":"<p>Berti-Parkettb\u00f6den waren die Protagonisten im letzten Monat in Verona w\u00e4hrend der Ausstellung Abitare il tempo, einem traditionellen Termin f\u00fcr hervorragende italienische M\u00f6bel.<\/p>\n","protected":false},"author":9,"featured_media":23283,"comment_status":"closed","ping_status":"closed","sticky":false,"template":"","format":"standard","meta":{"footnotes":""},"categories":[161,179],"tags":[],"class_list":["post-23278","post","type-post","status-publish","format-standard","has-post-thumbnail","hentry","category-produkte","category-projekte"],"_links":{"self":[{"href":"https:\/\/berti.net\/de\/wp-json\/wp\/v2\/posts\/23278","targetHints":{"allow":["GET"]}}],"collection":[{"href":"https:\/\/berti.net\/de\/wp-json\/wp\/v2\/posts"}],"about":[{"href":"https:\/\/berti.net\/de\/wp-json\/wp\/v2\/types\/post"}],"author":[{"embeddable":true,"href":"https:\/\/berti.net\/de\/wp-json\/wp\/v2\/users\/9"}],"replies":[{"embeddable":true,"href":"https:\/\/berti.net\/de\/wp-json\/wp\/v2\/comments?post=23278"}],"version-history":[{"count":1,"href":"https:\/\/berti.net\/de\/wp-json\/wp\/v2\/posts\/23278\/revisions"}],"predecessor-version":[{"id":23299,"href":"https:\/\/berti.net\/de\/wp-json\/wp\/v2\/posts\/23278\/revisions\/23299"}],"wp:featuredmedia":[{"embeddable":true,"href":"https:\/\/berti.net\/de\/wp-json\/wp\/v2\/media\/23283"}],"wp:attachment":[{"href":"https:\/\/berti.net\/de\/wp-json\/wp\/v2\/media?parent=23278"}],"wp:term":[{"taxonomy":"category","embeddable":true,"href":"https:\/\/berti.net\/de\/wp-json\/wp\/v2\/categories?post=23278"},{"taxonomy":"post_tag","embeddable":true,"href":"https:\/\/berti.net\/de\/wp-json\/wp\/v2\/tags?post=23278"}],"curies":[{"name":"wp","href":"https:\/\/api.w.org\/{rel}","templated":true}]}}