{"id":23241,"date":"2013-09-10T06:58:51","date_gmt":"2013-09-10T06:58:51","guid":{"rendered":"https:\/\/www.berti.net\/magazine\/berti-startet-den-countdown-fur-das-vintage-festival-in-padua\/"},"modified":"2025-06-05T07:39:56","modified_gmt":"2025-06-05T07:39:56","slug":"berti-startet-den-countdown-fur-das-vintage-festival-in-padua","status":"publish","type":"post","link":"https:\/\/berti.net\/de\/magazine\/berti-startet-den-countdown-fur-das-vintage-festival-in-padua\/","title":{"rendered":"Berti startet den Countdown f\u00fcr das Vintage Festival in Padua"},"content":{"rendered":"\n<div class=\"wp-block-group post-detail-pattern is-container has-base-2-color has-contrast-background-color has-text-color has-background has-link-color wp-elements-9a8d71e24e9d88063f97fd3b2bd7712e has-global-padding is-layout-constrained wp-block-group-is-layout-constrained\" style=\"margin-top:0;margin-bottom:0;padding-top:var(--wp--preset--spacing--70);padding-bottom:var(--wp--preset--spacing--70)\">\n<div class=\"wp-block-columns alignwide is-layout-flex wp-container-core-columns-is-layout-d125203f wp-block-columns-is-layout-flex\" style=\"margin-bottom:var(--wp--preset--spacing--50)\">\n<div class=\"wp-block-column is-vertically-aligned-stretch is-layout-flow wp-block-column-is-layout-flow\" style=\"padding-right:0;flex-basis:50%\">\n<div class=\"wp-block-group is-vertical is-content-justification-stretch is-layout-flex wp-container-core-group-is-layout-e9e70883 wp-block-group-is-layout-flex\" style=\"min-height:100%\">\n<div class=\"wp-block-group post-categories is-nowrap is-layout-flex wp-container-core-group-is-layout-3155b93e wp-block-group-is-layout-flex\" style=\"margin-top:var(--wp--preset--spacing--20);font-size:11px\">\n<p>Magazin \/<\/p>\n\n\n<div class=\"taxonomy-category wp-block-post-terms\"><a href=\"https:\/\/berti.net\/de\/magazine\/category\/produkte\/\" rel=\"tag\">Produkte<\/a><span class=\"wp-block-post-terms__separator\">, <\/span><a href=\"https:\/\/berti.net\/de\/magazine\/category\/veranstaltungen\/\" rel=\"tag\">Veranstaltungen<\/a><\/div><\/div>\n\n\n<div style=\"font-style:normal;font-weight:600;text-transform:uppercase;\" class=\"has-link-color wp-elements-32859cd979b45056895d81c5660c23a0 wp-block-post-date has-text-color has-base-color has-s-font-size\"><time datetime=\"2013-09-10T06:58:51+00:00\">10 September 2013<\/time><\/div>\n\n\n<h1 class=\"wp-block-heading post-title\"><strong>Berti<\/strong> startet den Countdown f\u00fcr das <strong>Vintage Festival<\/strong> in Padua<\/h1>\n\n\n\n<h2 class=\"wp-block-heading post-subtitle\" style=\"margin-bottom:var(--wp--preset--spacing--20)\">Letzten Freitag waren wir in <strong>Padua<\/strong>, im renommierten <strong>Caff\u00e8 Pedrocchi<\/strong>, f\u00fcr die Pressekonferenz zur Vorstellung des <strong>Vintage Festivals<\/strong>. Neben einem \u00dcberblick \u00fcber die Zahlen der Veranstaltung und die verschiedenen wichtigen G\u00e4ste waren auch mehrere prominente Pers\u00f6nlichkeiten anwesend und sprachen. <\/h2>\n\n\n\n<figure class=\"wp-block-image size-full is-style-default\"><img loading=\"lazy\" decoding=\"async\" width=\"998\" height=\"511\" src=\"https:\/\/www.berti.net\/wp-content\/uploads\/2013\/09\/Berti-Vintage-Festival-2013.jpg\" alt=\"\" class=\"wp-image-9061\" srcset=\"https:\/\/berti.net\/wp-content\/uploads\/2013\/09\/Berti-Vintage-Festival-2013.jpg 998w, https:\/\/berti.net\/wp-content\/uploads\/2013\/09\/Berti-Vintage-Festival-2013-300x154.jpg 300w, https:\/\/berti.net\/wp-content\/uploads\/2013\/09\/Berti-Vintage-Festival-2013-768x393.jpg 768w\" sizes=\"auto, (max-width: 998px) 100vw, 998px\" \/><\/figure>\n\n\n\n<p>Neben Paolo Orsacchini, dem Kreativdirektor des <strong>Vintage Festivals 2013<\/strong>, der die G\u00e4ste und Veranstaltungen vorstellte, lauschten wir den Worten des B\u00fcrgermeisters von Padua, Ivo Rossi, der seine Wertsch\u00e4tzung f\u00fcr die Initiative zum Ausdruck brachte und den Wert eines Wachstums- und Entwicklungsprojekts hervorhob, das von einer Gruppe junger Menschen durchgef\u00fchrt wird, die, anstatt sich \u00fcber die globale Situation zu beklagen, selbst aktiv werden wollen, indem sie positive Aktivit\u00e4ten schaffen, die Beteiligung und Bewegung anziehen.<\/p>\n\n\n\n<p>Wie aus dem Slogan des Vintage Festivals,<em>\u201eThe Past in HD<\/em>\u201c, hervorgeht, besteht die beste Wahl darin, aus der Vergangenheit zu lernen und in die Zukunft zu investieren. Um diese zugrunde liegende Philosophie besser zum Ausdruck zu bringen, wird das Festival durch ein Video pr\u00e4sentiert, das von zwei K\u00fcnstlern aus Padua gedreht wurde: Giampietro Cutrino &#8211; alias Gip -, der die Regie f\u00fchrte und mit Daniele Dupuis, dem Autor des begleitenden Songs \u201eMi raccomando\u201c, zusammenarbeitete. Sich die Vergangenheit wieder anzueignen, um neue Ideen und Projekte anzuregen, f\u00fcr eine inspirierte und bereichernde Zukunft. Das Thema Vintage ist nur der Ausgangspunkt, um in der Geschichte nach den Schl\u00fcsseln f\u00fcr die Zukunft zu suchen.   <\/p>\n<\/div>\n<\/div>\n\n\n\n<div class=\"wp-block-column is-layout-flow wp-container-core-column-is-layout-22223934 wp-block-column-is-layout-flow\" style=\"flex-basis:50%\">\n<figure class=\"wp-block-embed is-type-video is-provider-youtube wp-block-embed-youtube wp-embed-aspect-16-9 wp-has-aspect-ratio\" style=\"margin-bottom:var(--wp--preset--spacing--20)\"><div class=\"wp-block-embed__wrapper\">\n<iframe loading=\"lazy\" title=\"Vintage Festival 2013 - Official Promo\" width=\"500\" height=\"281\" src=\"https:\/\/www.youtube.com\/embed\/NyU5W9J5KlY?feature=oembed\" frameborder=\"0\" allow=\"accelerometer; autoplay; clipboard-write; encrypted-media; gyroscope; picture-in-picture; web-share\" referrerpolicy=\"strict-origin-when-cross-origin\" allowfullscreen><\/iframe>\n<\/div><\/figure>\n\n\n\n<p class=\"wp-embed-aspect-16-9 wp-has-aspect-ratio\" style=\"margin-bottom:var(--wp--preset--spacing--20)\">Von Freitag, den 13. September, bis Sonntag, den 15. September, erwartet Sie <strong>Berti Pavimenti Legno<\/strong> auf der beliebtesten Veranstaltung der Branche und dar\u00fcber hinaus, deren Besucherrekorde von Jahr zu Jahr steigen, mit einer Kombination aus Mode, Design, Musik und Unterhaltung. Wir werden mit <strong>Parkettinstallationen<\/strong> auf der Ausstellung vertreten sein. <\/p>\n<\/div>\n<\/div>\n\n\n\n<div class=\"wp-block-group post-categories has-global-padding is-content-justification-left is-layout-constrained wp-container-core-group-is-layout-836d34cb wp-block-group-is-layout-constrained\" style=\"margin-top:var(--wp--preset--spacing--70);font-size:11px\">\n<div class=\"wp-block-group is-content-justification-center is-nowrap is-layout-flex wp-container-core-group-is-layout-60758a6d wp-block-group-is-layout-flex\">\n<p>Magazin \/<\/p>\n\n\n<div class=\"taxonomy-category wp-block-post-terms\"><a href=\"https:\/\/berti.net\/de\/magazine\/category\/produkte\/\" rel=\"tag\">Produkte<\/a><span class=\"wp-block-post-terms__separator\">, <\/span><a href=\"https:\/\/berti.net\/de\/magazine\/category\/veranstaltungen\/\" rel=\"tag\">Veranstaltungen<\/a><\/div><\/div>\n<\/div>\n<\/div>\n\n<p><\/p>\n","protected":false},"excerpt":{"rendered":"<p>Berti startet den Countdown f\u00fcr das Vintage Festival in Padua.<\/p>\n","protected":false},"author":9,"featured_media":23247,"comment_status":"closed","ping_status":"closed","sticky":false,"template":"","format":"standard","meta":{"footnotes":""},"categories":[161,178],"tags":[],"class_list":["post-23241","post","type-post","status-publish","format-standard","has-post-thumbnail","hentry","category-produkte","category-veranstaltungen"],"_links":{"self":[{"href":"https:\/\/berti.net\/de\/wp-json\/wp\/v2\/posts\/23241","targetHints":{"allow":["GET"]}}],"collection":[{"href":"https:\/\/berti.net\/de\/wp-json\/wp\/v2\/posts"}],"about":[{"href":"https:\/\/berti.net\/de\/wp-json\/wp\/v2\/types\/post"}],"author":[{"embeddable":true,"href":"https:\/\/berti.net\/de\/wp-json\/wp\/v2\/users\/9"}],"replies":[{"embeddable":true,"href":"https:\/\/berti.net\/de\/wp-json\/wp\/v2\/comments?post=23241"}],"version-history":[{"count":1,"href":"https:\/\/berti.net\/de\/wp-json\/wp\/v2\/posts\/23241\/revisions"}],"predecessor-version":[{"id":23253,"href":"https:\/\/berti.net\/de\/wp-json\/wp\/v2\/posts\/23241\/revisions\/23253"}],"wp:featuredmedia":[{"embeddable":true,"href":"https:\/\/berti.net\/de\/wp-json\/wp\/v2\/media\/23247"}],"wp:attachment":[{"href":"https:\/\/berti.net\/de\/wp-json\/wp\/v2\/media?parent=23241"}],"wp:term":[{"taxonomy":"category","embeddable":true,"href":"https:\/\/berti.net\/de\/wp-json\/wp\/v2\/categories?post=23241"},{"taxonomy":"post_tag","embeddable":true,"href":"https:\/\/berti.net\/de\/wp-json\/wp\/v2\/tags?post=23241"}],"curies":[{"name":"wp","href":"https:\/\/api.w.org\/{rel}","templated":true}]}}