{"id":23217,"date":"2014-03-12T12:11:10","date_gmt":"2014-03-12T12:11:10","guid":{"rendered":"https:\/\/www.berti.net\/magazine\/berti-consiglia-boiserien-parkett-als-wandverkleidung\/"},"modified":"2025-06-05T07:39:54","modified_gmt":"2025-06-05T07:39:54","slug":"berti-consiglia-boiserien-parkett-als-wandverkleidung","status":"publish","type":"post","link":"https:\/\/berti.net\/de\/magazine\/berti-consiglia-boiserien-parkett-als-wandverkleidung\/","title":{"rendered":"Berti Consiglia: Boiserien, Parkett als Wandverkleidung"},"content":{"rendered":"\n<div class=\"wp-block-group post-detail-pattern is-container has-base-2-color has-contrast-background-color has-text-color has-background has-link-color wp-elements-340882a222cbc89919d18063a9080437 has-global-padding is-layout-constrained wp-block-group-is-layout-constrained\" style=\"margin-top:0;margin-bottom:0;padding-top:var(--wp--preset--spacing--70);padding-bottom:var(--wp--preset--spacing--70)\">\n<div class=\"wp-block-columns alignwide is-layout-flex wp-container-core-columns-is-layout-d125203f wp-block-columns-is-layout-flex\" style=\"margin-bottom:var(--wp--preset--spacing--50)\">\n<div class=\"wp-block-column is-vertically-aligned-stretch is-layout-flow wp-block-column-is-layout-flow\" style=\"padding-right:0;flex-basis:50%\">\n<div class=\"wp-block-group is-vertical is-content-justification-stretch is-layout-flex wp-container-core-group-is-layout-e9e70883 wp-block-group-is-layout-flex\" style=\"min-height:100%\">\n<div class=\"wp-block-group post-categories is-nowrap is-layout-flex wp-container-core-group-is-layout-3155b93e wp-block-group-is-layout-flex\" style=\"margin-top:var(--wp--preset--spacing--20);font-size:11px\">\n<p>Magazin \/<\/p>\n\n\n<div class=\"taxonomy-category wp-block-post-terms\"><a href=\"https:\/\/berti.net\/de\/magazine\/category\/produkte\/\" rel=\"tag\">Produkte<\/a><\/div><\/div>\n\n\n<div style=\"font-style:normal;font-weight:600;text-transform:uppercase;\" class=\"has-link-color wp-elements-32859cd979b45056895d81c5660c23a0 wp-block-post-date has-text-color has-base-color has-s-font-size\"><time datetime=\"2014-03-12T12:11:10+00:00\">12 March 2014<\/time><\/div>\n\n\n<h1 class=\"wp-block-heading post-title\"><strong>Berti Consiglia<\/strong>: <strong>Boiserien<\/strong>, Parkett als Wandverkleidung<\/h1>\n\n\n\n<h2 class=\"wp-block-heading post-subtitle\" style=\"margin-bottom:var(--wp--preset--spacing--20)\"><strong>Liebhaber von Parkett<\/strong> wissen, dass es sich um eine Entscheidung handelt, die von Herzen kommt: Neben den technischen Qualit\u00e4ten dieses Belagsmaterials ist es ein Einrichtungselement, das zu allumfassenden Entscheidungen inspirieren kann&#8230; und die sich manchmal nicht nur auf den Bodenbelag beschr\u00e4nken.<\/h2>\n\n\n\n<figure class=\"wp-block-image size-full is-style-default\"><img loading=\"lazy\" decoding=\"async\" width=\"1035\" height=\"352\" src=\"https:\/\/www.berti.net\/wp-content\/uploads\/2014\/03\/Berti-consiglia-boiserie.jpg\" alt=\"\" class=\"wp-image-8857\" srcset=\"https:\/\/berti.net\/wp-content\/uploads\/2014\/03\/Berti-consiglia-boiserie.jpg 1035w, https:\/\/berti.net\/wp-content\/uploads\/2014\/03\/Berti-consiglia-boiserie-300x102.jpg 300w, https:\/\/berti.net\/wp-content\/uploads\/2014\/03\/Berti-consiglia-boiserie-1024x348.jpg 1024w, https:\/\/berti.net\/wp-content\/uploads\/2014\/03\/Berti-consiglia-boiserie-768x261.jpg 768w\" sizes=\"auto, (max-width: 1035px) 100vw, 1035px\" \/><\/figure>\n\n\n\n<p>Was ist eine <strong>Boiserie<\/strong>? Heute bei <a href=\"https:\/\/blog.berti.net\/category\/berti-consiglia\/\" target=\"_blank\" rel=\"noreferrer noopener\"><em>Berti Consiglia<\/em><\/a> sprechen wir \u00fcber genau das! Es handelt sich um eine Art Wandverkleidung, die aus Holzpaneelen hergestellt wird. Sie k\u00f6nnen entweder verzierte, geschnitzte oder mit Intarsien versehene Holzpaneele verwenden. Sie k\u00f6nnen aber auch die gleichen <strong>Parkettdielen<\/strong> verwenden, die Sie auch auf dem Boden verlegen w\u00fcrden. Derzeit bevorzugt der Geschmack schlichte Wandverkleidungen, die den Charakter des Holzes unterstreichen und dem Raum W\u00e4rme und Pers\u00f6nlichkeit verleihen.     <\/p>\n\n\n\n<figure class=\"wp-block-image size-full is-style-default\"><img loading=\"lazy\" decoding=\"async\" width=\"600\" height=\"399\" src=\"https:\/\/www.berti.net\/wp-content\/uploads\/2014\/03\/Scandinavian-Interior-Wood-Cladding.jpg\" alt=\"\" class=\"wp-image-8863\" srcset=\"https:\/\/berti.net\/wp-content\/uploads\/2014\/03\/Scandinavian-Interior-Wood-Cladding.jpg 600w, https:\/\/berti.net\/wp-content\/uploads\/2014\/03\/Scandinavian-Interior-Wood-Cladding-300x200.jpg 300w\" sizes=\"auto, (max-width: 600px) 100vw, 600px\" \/><\/figure>\n\n\n\n<p>Die gro\u00dfe Vielfalt an Produktfarben und -gr\u00f6\u00dfen <a href=\"https:\/\/www.berti.net\/collezioni\/collezione-berti\/\" target=\"_blank\" rel=\"noreferrer noopener\"><strong>Berti<\/strong><\/a> e <a href=\"https:\/\/www.berti.net\/collezioni\/berti-studio\/\" target=\"_blank\" rel=\"noreferrer noopener\"><strong>BertiStudio<\/strong><\/a> machen Parkett f\u00fcr viele Anwendungen in der Architektur und Innenarchitektur geeignet. F\u00fcr Designer und Innenarchitekten ist es eine L\u00f6sung, die sich f\u00fcr eine Vielzahl von Projekten und kreativen L\u00f6sungen eignet, dank der unendlichen M\u00f6glichkeiten der individuellen Gestaltung. <\/p>\n\n\n\n<p><strong>Eine Wand<\/strong> mit Fertigparkett <strong>zu verkleiden<\/strong> ist die einfachste \u00e4sthetische L\u00f6sung, um die Kontinuit\u00e4t zwischen horizontalen und vertikalen Fl\u00e4chen in Ihrer Wohnung zu erhalten. Wenn Sie diese Wahl mit einer sorgf\u00e4ltigen Auswahl von M\u00f6beln und Accessoires begleiten, k\u00f6nnen Sie ein modernes und unverwechselbares Wohnambiente schaffen. <\/p>\n\n\n\n<figure class=\"wp-block-image size-full is-style-default\"><img loading=\"lazy\" decoding=\"async\" width=\"1200\" height=\"800\" src=\"https:\/\/www.berti.net\/wp-content\/uploads\/2014\/03\/Berti-parquet-su-rivestimento-parete.jpg\" alt=\"\" class=\"wp-image-8866\" srcset=\"https:\/\/berti.net\/wp-content\/uploads\/2014\/03\/Berti-parquet-su-rivestimento-parete.jpg 1200w, https:\/\/berti.net\/wp-content\/uploads\/2014\/03\/Berti-parquet-su-rivestimento-parete-300x200.jpg 300w, https:\/\/berti.net\/wp-content\/uploads\/2014\/03\/Berti-parquet-su-rivestimento-parete-1024x683.jpg 1024w, https:\/\/berti.net\/wp-content\/uploads\/2014\/03\/Berti-parquet-su-rivestimento-parete-768x512.jpg 768w\" sizes=\"auto, (max-width: 1200px) 100vw, 1200px\" \/><\/figure>\n\n\n\n<p>Die Produkte von Berti und BertiStudio werden dank einer leistungsstarken Technologie entwickelt, die f\u00fcr Anwendungen geeignet ist, die die technischen Eigenschaften von Holz hervorheben, indem sie seine Qualit\u00e4ten hervorheben.<\/p>\n\n\n\n<p>Die gleiche Qualit\u00e4t, die Sie auf Ihren Fu\u00dfb\u00f6den haben k\u00f6nnen, l\u00e4sst sich auch perfekt f\u00fcr Wandverkleidungen nutzen: Bei einer glatten, verputzten Oberfl\u00e4che kann die Tr\u00e4gerstruktur geschaffen werden, indem zun\u00e4chst eine Reihe von <strong>Holzlatten<\/strong> befestigt wird, deren Verlauf senkrecht zu dem der Dielen verl\u00e4uft; die Abst\u00e4nde und Abmessungen der Latten \u00e4hneln denen, die f\u00fcr Holzleisten verwendet werden. Die Parkettdielen werden dann auf diesem Rahmen montiert. Dieser vorbereitende Schritt ist unerl\u00e4sslich, um Fehler zu vermeiden, die sp\u00e4ter irreparabel werden k\u00f6nnten. Das Parkett wird mit selbstschneidenden Holzschrauben an den Balken befestigt, w\u00e4hrend die Haftung auf dem Untergrund durch eine Zwischenschicht aus Vinylkleber verst\u00e4rkt wird.   <\/p>\n\n\n\n<p>Wie bei allen Schritten der Installation empfiehlt Berti, dass Sie sich von <strong>Fachpersonal<\/strong> unterst\u00fctzen lassen, um eine absolut perfekte <strong>Holzarbeit<\/strong> zu erzielen.<\/p>\n\n\n\n<p>Eine Designl\u00f6sung, die an eine Idee ankn\u00fcpft, die in traditionelleren M\u00f6beln verwurzelt ist und die es erm\u00f6glicht, das Parkett auch an der Wand zu sehen.<\/p>\n<\/div>\n<\/div>\n\n\n\n<div class=\"wp-block-column is-layout-flow wp-container-core-column-is-layout-22223934 wp-block-column-is-layout-flow\" style=\"flex-basis:50%\">\n<figure class=\"wp-block-image size-full is-style-default\"><img loading=\"lazy\" decoding=\"async\" width=\"1200\" height=\"901\" src=\"https:\/\/www.berti.net\/wp-content\/uploads\/2014\/03\/Berti-Pavimenti-Legno-parquet-rivestimenti-boiserie_.jpg\" alt=\"\" class=\"wp-image-8860\" srcset=\"https:\/\/berti.net\/wp-content\/uploads\/2014\/03\/Berti-Pavimenti-Legno-parquet-rivestimenti-boiserie_.jpg 1200w, https:\/\/berti.net\/wp-content\/uploads\/2014\/03\/Berti-Pavimenti-Legno-parquet-rivestimenti-boiserie_-300x225.jpg 300w, https:\/\/berti.net\/wp-content\/uploads\/2014\/03\/Berti-Pavimenti-Legno-parquet-rivestimenti-boiserie_-1024x769.jpg 1024w, https:\/\/berti.net\/wp-content\/uploads\/2014\/03\/Berti-Pavimenti-Legno-parquet-rivestimenti-boiserie_-768x577.jpg 768w\" sizes=\"auto, (max-width: 1200px) 100vw, 1200px\" \/><figcaption class=\"wp-element-caption\">R47 3a 046<\/figcaption><\/figure>\n<\/div>\n<\/div>\n\n\n\n<div class=\"wp-block-group post-categories has-global-padding is-content-justification-left is-layout-constrained wp-container-core-group-is-layout-836d34cb wp-block-group-is-layout-constrained\" style=\"margin-top:var(--wp--preset--spacing--70);font-size:11px\">\n<div class=\"wp-block-group is-content-justification-center is-nowrap is-layout-flex wp-container-core-group-is-layout-60758a6d wp-block-group-is-layout-flex\">\n<p>Magazin \/<\/p>\n\n\n<div class=\"taxonomy-category wp-block-post-terms\"><a href=\"https:\/\/berti.net\/de\/magazine\/category\/produkte\/\" rel=\"tag\">Produkte<\/a><\/div><\/div>\n<\/div>\n<\/div>\n\n<p><\/p>\n","protected":false},"excerpt":{"rendered":"<p>Boiserien, Parkett als Wandverkleidung<\/p>\n","protected":false},"author":9,"featured_media":23221,"comment_status":"closed","ping_status":"closed","sticky":false,"template":"","format":"standard","meta":{"footnotes":""},"categories":[161],"tags":[],"class_list":["post-23217","post","type-post","status-publish","format-standard","has-post-thumbnail","hentry","category-produkte"],"_links":{"self":[{"href":"https:\/\/berti.net\/de\/wp-json\/wp\/v2\/posts\/23217","targetHints":{"allow":["GET"]}}],"collection":[{"href":"https:\/\/berti.net\/de\/wp-json\/wp\/v2\/posts"}],"about":[{"href":"https:\/\/berti.net\/de\/wp-json\/wp\/v2\/types\/post"}],"author":[{"embeddable":true,"href":"https:\/\/berti.net\/de\/wp-json\/wp\/v2\/users\/9"}],"replies":[{"embeddable":true,"href":"https:\/\/berti.net\/de\/wp-json\/wp\/v2\/comments?post=23217"}],"version-history":[{"count":1,"href":"https:\/\/berti.net\/de\/wp-json\/wp\/v2\/posts\/23217\/revisions"}],"predecessor-version":[{"id":23237,"href":"https:\/\/berti.net\/de\/wp-json\/wp\/v2\/posts\/23217\/revisions\/23237"}],"wp:featuredmedia":[{"embeddable":true,"href":"https:\/\/berti.net\/de\/wp-json\/wp\/v2\/media\/23221"}],"wp:attachment":[{"href":"https:\/\/berti.net\/de\/wp-json\/wp\/v2\/media?parent=23217"}],"wp:term":[{"taxonomy":"category","embeddable":true,"href":"https:\/\/berti.net\/de\/wp-json\/wp\/v2\/categories?post=23217"},{"taxonomy":"post_tag","embeddable":true,"href":"https:\/\/berti.net\/de\/wp-json\/wp\/v2\/tags?post=23217"}],"curies":[{"name":"wp","href":"https:\/\/api.w.org\/{rel}","templated":true}]}}