{"id":23159,"date":"2016-07-21T13:10:28","date_gmt":"2016-07-21T13:10:28","guid":{"rendered":"https:\/\/www.berti.net\/magazine\/archichef-night-in-belgrad-wenn-architektur-auf-kuche-trifft\/"},"modified":"2025-06-05T07:39:43","modified_gmt":"2025-06-05T07:39:43","slug":"archichef-night-in-belgrad-wenn-architektur-auf-kuche-trifft","status":"publish","type":"post","link":"https:\/\/berti.net\/de\/magazine\/archichef-night-in-belgrad-wenn-architektur-auf-kuche-trifft\/","title":{"rendered":"Archichef Night in Belgrad: Wenn Architektur auf K\u00fcche trifft"},"content":{"rendered":"\n<div class=\"wp-block-group post-detail-pattern is-container has-base-2-color has-contrast-background-color has-text-color has-background has-link-color wp-elements-2325c5fcf1799f3b99e8f068b282055e has-global-padding is-layout-constrained wp-block-group-is-layout-constrained\" style=\"margin-top:0;margin-bottom:0;padding-top:var(--wp--preset--spacing--70);padding-bottom:var(--wp--preset--spacing--70)\">\n<div class=\"wp-block-columns alignwide is-layout-flex wp-container-core-columns-is-layout-d125203f wp-block-columns-is-layout-flex\" style=\"margin-bottom:var(--wp--preset--spacing--50)\">\n<div class=\"wp-block-column is-vertically-aligned-stretch is-layout-flow wp-block-column-is-layout-flow\" style=\"padding-right:0;flex-basis:50%\">\n<div class=\"wp-block-group is-vertical is-content-justification-stretch is-layout-flex wp-container-core-group-is-layout-e9e70883 wp-block-group-is-layout-flex\" style=\"min-height:100%\">\n<div class=\"wp-block-group post-categories is-nowrap is-layout-flex wp-container-core-group-is-layout-3155b93e wp-block-group-is-layout-flex\" style=\"margin-top:var(--wp--preset--spacing--20);font-size:11px\">\n<p>Magazin \/<\/p>\n\n\n<div class=\"taxonomy-category wp-block-post-terms\"><a href=\"https:\/\/berti.net\/de\/magazine\/category\/produkte\/\" rel=\"tag\">Produkte<\/a><span class=\"wp-block-post-terms__separator\">, <\/span><a href=\"https:\/\/berti.net\/de\/magazine\/category\/projekte\/\" rel=\"tag\">Projekte<\/a><span class=\"wp-block-post-terms__separator\">, <\/span><a href=\"https:\/\/berti.net\/de\/magazine\/category\/veranstaltungen\/\" rel=\"tag\">Veranstaltungen<\/a><\/div><\/div>\n\n\n<div style=\"font-style:normal;font-weight:600;text-transform:uppercase;\" class=\"has-link-color wp-elements-32859cd979b45056895d81c5660c23a0 wp-block-post-date has-text-color has-base-color has-s-font-size\"><time datetime=\"2016-07-21T13:10:28+00:00\">21 July 2016<\/time><\/div>\n\n\n<h1 class=\"wp-block-heading post-title\"><strong>Archichef Night<\/strong> in <strong>Belgrad<\/strong>: wenn Architektur auf K\u00fcche trifft.<\/h1>\n\n\n\n<h2 class=\"wp-block-heading post-subtitle\" style=\"margin-bottom:var(--wp--preset--spacing--20)\">Die<strong>Archichef Night<\/strong> in <strong>Belgrad<\/strong> war die Veranstaltung, bei der <strong>Berti Pavimenti Legno<\/strong> als Partner dabei war. Lassen Sie uns mehr erfahren. <\/h2>\n\n\n\n<figure class=\"wp-block-image size-full is-style-default\"><img loading=\"lazy\" decoding=\"async\" width=\"756\" height=\"1135\" src=\"https:\/\/www.berti.net\/wp-content\/uploads\/2016\/06\/berti_archichef_belgrado01.jpg\" alt=\"\" class=\"wp-image-8386\" srcset=\"https:\/\/berti.net\/wp-content\/uploads\/2016\/06\/berti_archichef_belgrado01.jpg 756w, https:\/\/berti.net\/wp-content\/uploads\/2016\/06\/berti_archichef_belgrado01-200x300.jpg 200w, https:\/\/berti.net\/wp-content\/uploads\/2016\/06\/berti_archichef_belgrado01-682x1024.jpg 682w\" sizes=\"auto, (max-width: 756px) 100vw, 756px\" \/><\/figure>\n\n\n\n<p>Es handelte sich um ein Abendessen\/Event, das vom <strong>Restaurant Homa<\/strong> ausgerichtet wurde und f\u00fcnf Architekturb\u00fcros aus der serbischen Hauptstadt hinter dem Herd versammelte, um so Kreativit\u00e4t und kulinarisches Flair mit architektonischem Design zu verbinden.<\/p>\n\n\n\n<p>Jeder Architekt w\u00e4hlte sein Lieblingsrezept oder das Rezept, das die wichtigsten Merkmale seiner Praxis am besten beschrieb, und war f\u00fcr die Auswahl der einzelnen Zutaten sowie f\u00fcr die endg\u00fcltige Pr\u00e4sentation der Gerichte verantwortlich. Am Ende der Zubereitung wurden das ausgew\u00e4hlte Gericht und seine Zubereitung beschrieben. An dieser ersten serbischen Etappe waren f\u00fcnf Studios beteiligt: <strong>AA Studio, Art Machine, Atelier Petrovic, Draft Architects<\/strong> und <strong>Studio Sinestezia<\/strong>.  <\/p>\n\n\n\n<figure class=\"wp-block-image size-full is-style-default\"><img loading=\"lazy\" decoding=\"async\" width=\"1368\" height=\"912\" src=\"https:\/\/www.berti.net\/wp-content\/uploads\/2016\/06\/berti_archichef_belgrado02.jpg\" alt=\"\" class=\"wp-image-8401\" srcset=\"https:\/\/berti.net\/wp-content\/uploads\/2016\/06\/berti_archichef_belgrado02.jpg 1368w, https:\/\/berti.net\/wp-content\/uploads\/2016\/06\/berti_archichef_belgrado02-300x200.jpg 300w, https:\/\/berti.net\/wp-content\/uploads\/2016\/06\/berti_archichef_belgrado02-1024x683.jpg 1024w, https:\/\/berti.net\/wp-content\/uploads\/2016\/06\/berti_archichef_belgrado02-768x512.jpg 768w\" sizes=\"auto, (max-width: 1368px) 100vw, 1368px\" \/><\/figure>\n\n\n\n<figure class=\"wp-block-image size-full is-style-default\"><img loading=\"lazy\" decoding=\"async\" width=\"1368\" height=\"912\" src=\"https:\/\/www.berti.net\/wp-content\/uploads\/2016\/06\/berti_archichef_belgrado03.jpg\" alt=\"\" class=\"wp-image-8405\" srcset=\"https:\/\/berti.net\/wp-content\/uploads\/2016\/06\/berti_archichef_belgrado03.jpg 1368w, https:\/\/berti.net\/wp-content\/uploads\/2016\/06\/berti_archichef_belgrado03-300x200.jpg 300w, https:\/\/berti.net\/wp-content\/uploads\/2016\/06\/berti_archichef_belgrado03-1024x683.jpg 1024w, https:\/\/berti.net\/wp-content\/uploads\/2016\/06\/berti_archichef_belgrado03-768x512.jpg 768w\" sizes=\"auto, (max-width: 1368px) 100vw, 1368px\" \/><\/figure>\n\n\n\n<figure class=\"wp-block-image size-full is-style-default\"><img loading=\"lazy\" decoding=\"async\" width=\"1327\" height=\"912\" src=\"https:\/\/www.berti.net\/wp-content\/uploads\/2016\/06\/berti_archichef_belgrado04.jpg\" alt=\"\" class=\"wp-image-8408\" srcset=\"https:\/\/berti.net\/wp-content\/uploads\/2016\/06\/berti_archichef_belgrado04.jpg 1327w, https:\/\/berti.net\/wp-content\/uploads\/2016\/06\/berti_archichef_belgrado04-300x206.jpg 300w, https:\/\/berti.net\/wp-content\/uploads\/2016\/06\/berti_archichef_belgrado04-1024x704.jpg 1024w, https:\/\/berti.net\/wp-content\/uploads\/2016\/06\/berti_archichef_belgrado04-768x528.jpg 768w\" sizes=\"auto, (max-width: 1327px) 100vw, 1327px\" \/><\/figure>\n\n\n\n<p><strong>Berti<\/strong> hatte das Vergn\u00fcgen, einer der besonderen Partner dieser Initiative zu sein, zusammen mit anderen ausgezeichneten italienischen Designunternehmen, w\u00e4hrend die renommierte <strong>Elle Decor<\/strong> und <strong>Architonic<\/strong> als Medienpartner fungierten.<\/p>\n\n\n\n<p>Nach Belgrad wird die Ausgabe 2016 der Archichef Night im Juli in <strong>London<\/strong>, im September in <strong>Kopenhagen<\/strong>, im Oktober in <strong>Palermo<\/strong> und schlie\u00dflich im Dezember in <strong>Bozen<\/strong> fortgesetzt.<\/p>\n\n\n\n<p>Archichef Night ist eine Idee von <strong><a href=\"https:\/\/www.towant.eu\/\" target=\"_blank\" rel=\"noreferrer noopener\">TOWANT<\/a><\/strong>, einer Agentur, die sich der Organisation von Architekturveranstaltungen in Italien und im Ausland widmet und mit einigen der wichtigsten italienischen und internationalen Designmarken zusammenarbeitet. Neben der <strong>ArchichefNight<\/strong> wurden in den letzten Jahren unter anderem folgende Veranstaltungen organisiert: European<strong>DesignFoosball<\/strong>, ein europ\u00e4isches Design-Tischfu\u00dfballturnier, <strong>Beachdesign<\/strong>, das erste italienische Architektur-Strandmurmelturnier, und <strong>DJArch<\/strong>, Partys in Design-Showrooms, bei denen der DJ der Architekt ist. <\/p>\n\n\n\n<p><strong><a href=\"https:\/\/cucina.corriere.it\/notizie\/cards\/archichef-night-2016-una-sera-architetti-diventano-chef\/serata-tavola-gli-architetti_principale.shtml\" target=\"_blank\" rel=\"noreferrer noopener\">Archichef Spezial auf Corriere.it<\/a><\/strong><\/p>\n\n\n\n<figure class=\"wp-block-image size-full is-style-default\"><img loading=\"lazy\" decoding=\"async\" width=\"1368\" height=\"912\" src=\"https:\/\/www.berti.net\/wp-content\/uploads\/2016\/06\/berti_archichef_belgrado06.jpg\" alt=\"\" class=\"wp-image-8414\" srcset=\"https:\/\/berti.net\/wp-content\/uploads\/2016\/06\/berti_archichef_belgrado06.jpg 1368w, https:\/\/berti.net\/wp-content\/uploads\/2016\/06\/berti_archichef_belgrado06-300x200.jpg 300w, https:\/\/berti.net\/wp-content\/uploads\/2016\/06\/berti_archichef_belgrado06-1024x683.jpg 1024w, https:\/\/berti.net\/wp-content\/uploads\/2016\/06\/berti_archichef_belgrado06-768x512.jpg 768w\" sizes=\"auto, (max-width: 1368px) 100vw, 1368px\" \/><\/figure>\n\n\n\n<figure class=\"wp-block-image size-full is-style-default\"><img loading=\"lazy\" decoding=\"async\" width=\"1368\" height=\"912\" src=\"https:\/\/www.berti.net\/wp-content\/uploads\/2016\/06\/berti_archichef_belgrado07.jpg\" alt=\"\" class=\"wp-image-8418\" srcset=\"https:\/\/berti.net\/wp-content\/uploads\/2016\/06\/berti_archichef_belgrado07.jpg 1368w, https:\/\/berti.net\/wp-content\/uploads\/2016\/06\/berti_archichef_belgrado07-300x200.jpg 300w, https:\/\/berti.net\/wp-content\/uploads\/2016\/06\/berti_archichef_belgrado07-1024x683.jpg 1024w, https:\/\/berti.net\/wp-content\/uploads\/2016\/06\/berti_archichef_belgrado07-768x512.jpg 768w\" sizes=\"auto, (max-width: 1368px) 100vw, 1368px\" \/><\/figure>\n<\/div>\n<\/div>\n\n\n\n<div class=\"wp-block-column is-layout-flow wp-container-core-column-is-layout-22223934 wp-block-column-is-layout-flow\" style=\"flex-basis:50%\">\n<figure class=\"wp-block-image size-full is-style-default\"><img loading=\"lazy\" decoding=\"async\" width=\"1368\" height=\"912\" src=\"https:\/\/www.berti.net\/wp-content\/uploads\/2016\/06\/berti_archichef_belgrado05.jpg\" alt=\"\" class=\"wp-image-8393\" srcset=\"https:\/\/berti.net\/wp-content\/uploads\/2016\/06\/berti_archichef_belgrado05.jpg 1368w, https:\/\/berti.net\/wp-content\/uploads\/2016\/06\/berti_archichef_belgrado05-300x200.jpg 300w, https:\/\/berti.net\/wp-content\/uploads\/2016\/06\/berti_archichef_belgrado05-1024x683.jpg 1024w, https:\/\/berti.net\/wp-content\/uploads\/2016\/06\/berti_archichef_belgrado05-768x512.jpg 768w\" sizes=\"auto, (max-width: 1368px) 100vw, 1368px\" \/><\/figure>\n\n\n\n<figure class=\"wp-block-image size-full is-style-default\"><img loading=\"lazy\" decoding=\"async\" width=\"1368\" height=\"912\" src=\"https:\/\/www.berti.net\/wp-content\/uploads\/2016\/06\/berti_archichef_belgrado08.jpg\" alt=\"\" class=\"wp-image-8398\" srcset=\"https:\/\/berti.net\/wp-content\/uploads\/2016\/06\/berti_archichef_belgrado08.jpg 1368w, https:\/\/berti.net\/wp-content\/uploads\/2016\/06\/berti_archichef_belgrado08-300x200.jpg 300w, https:\/\/berti.net\/wp-content\/uploads\/2016\/06\/berti_archichef_belgrado08-1024x683.jpg 1024w, https:\/\/berti.net\/wp-content\/uploads\/2016\/06\/berti_archichef_belgrado08-768x512.jpg 768w\" sizes=\"auto, (max-width: 1368px) 100vw, 1368px\" \/><\/figure>\n<\/div>\n<\/div>\n\n\n\n<div class=\"wp-block-group post-categories has-global-padding is-content-justification-left is-layout-constrained wp-container-core-group-is-layout-836d34cb wp-block-group-is-layout-constrained\" style=\"margin-top:var(--wp--preset--spacing--70);font-size:11px\">\n<div class=\"wp-block-group is-content-justification-center is-nowrap is-layout-flex wp-container-core-group-is-layout-60758a6d wp-block-group-is-layout-flex\">\n<p>Magazin \/<\/p>\n\n\n<div class=\"taxonomy-category wp-block-post-terms\"><a href=\"https:\/\/berti.net\/de\/magazine\/category\/produkte\/\" rel=\"tag\">Produkte<\/a><span class=\"wp-block-post-terms__separator\">, <\/span><a href=\"https:\/\/berti.net\/de\/magazine\/category\/projekte\/\" rel=\"tag\">Projekte<\/a><span class=\"wp-block-post-terms__separator\">, <\/span><a href=\"https:\/\/berti.net\/de\/magazine\/category\/veranstaltungen\/\" rel=\"tag\">Veranstaltungen<\/a><\/div><\/div>\n<\/div>\n<\/div>\n\n<p><\/p>\n","protected":false},"excerpt":{"rendered":"<p>Die Archichef Night in Belgrad war die Veranstaltung, bei der Berti Pavimenti Legno als Partner dabei war.<\/p>\n","protected":false},"author":9,"featured_media":23161,"comment_status":"closed","ping_status":"closed","sticky":false,"template":"","format":"standard","meta":{"footnotes":""},"categories":[161,179,178],"tags":[],"class_list":["post-23159","post","type-post","status-publish","format-standard","has-post-thumbnail","hentry","category-produkte","category-projekte","category-veranstaltungen"],"_links":{"self":[{"href":"https:\/\/berti.net\/de\/wp-json\/wp\/v2\/posts\/23159","targetHints":{"allow":["GET"]}}],"collection":[{"href":"https:\/\/berti.net\/de\/wp-json\/wp\/v2\/posts"}],"about":[{"href":"https:\/\/berti.net\/de\/wp-json\/wp\/v2\/types\/post"}],"author":[{"embeddable":true,"href":"https:\/\/berti.net\/de\/wp-json\/wp\/v2\/users\/9"}],"replies":[{"embeddable":true,"href":"https:\/\/berti.net\/de\/wp-json\/wp\/v2\/comments?post=23159"}],"version-history":[{"count":1,"href":"https:\/\/berti.net\/de\/wp-json\/wp\/v2\/posts\/23159\/revisions"}],"predecessor-version":[{"id":23183,"href":"https:\/\/berti.net\/de\/wp-json\/wp\/v2\/posts\/23159\/revisions\/23183"}],"wp:featuredmedia":[{"embeddable":true,"href":"https:\/\/berti.net\/de\/wp-json\/wp\/v2\/media\/23161"}],"wp:attachment":[{"href":"https:\/\/berti.net\/de\/wp-json\/wp\/v2\/media?parent=23159"}],"wp:term":[{"taxonomy":"category","embeddable":true,"href":"https:\/\/berti.net\/de\/wp-json\/wp\/v2\/categories?post=23159"},{"taxonomy":"post_tag","embeddable":true,"href":"https:\/\/berti.net\/de\/wp-json\/wp\/v2\/tags?post=23159"}],"curies":[{"name":"wp","href":"https:\/\/api.w.org\/{rel}","templated":true}]}}