{"id":23133,"date":"2016-07-11T13:40:31","date_gmt":"2016-07-11T13:40:31","guid":{"rendered":"https:\/\/www.berti.net\/magazine\/neuer-berti-ausstellungsraum-in-barcelona\/"},"modified":"2025-06-05T07:39:39","modified_gmt":"2025-06-05T07:39:39","slug":"neuer-berti-ausstellungsraum-in-barcelona","status":"publish","type":"post","link":"https:\/\/berti.net\/de\/magazine\/neuer-berti-ausstellungsraum-in-barcelona\/","title":{"rendered":"Neuer Berti-Ausstellungsraum in Barcelona!"},"content":{"rendered":"\n<div class=\"wp-block-group post-detail-pattern is-container has-base-2-color has-contrast-background-color has-text-color has-background has-link-color wp-elements-9569445156175006bd1b9ecabb45ba77 has-global-padding is-layout-constrained wp-block-group-is-layout-constrained\" style=\"margin-top:0;margin-bottom:0;padding-top:var(--wp--preset--spacing--70);padding-bottom:var(--wp--preset--spacing--70)\">\n<div class=\"wp-block-columns alignwide is-layout-flex wp-container-core-columns-is-layout-d125203f wp-block-columns-is-layout-flex\" style=\"margin-bottom:var(--wp--preset--spacing--50)\">\n<div class=\"wp-block-column is-vertically-aligned-stretch is-layout-flow wp-block-column-is-layout-flow\" style=\"padding-right:0;flex-basis:50%\">\n<div class=\"wp-block-group is-vertical is-content-justification-stretch is-layout-flex wp-container-core-group-is-layout-e9e70883 wp-block-group-is-layout-flex\" style=\"min-height:100%\">\n<div class=\"wp-block-group post-categories is-nowrap is-layout-flex wp-container-core-group-is-layout-3155b93e wp-block-group-is-layout-flex\" style=\"margin-top:var(--wp--preset--spacing--20);font-size:11px\">\n<p>Magazin \/<\/p>\n\n\n<div class=\"taxonomy-category wp-block-post-terms\"><a href=\"https:\/\/berti.net\/de\/magazine\/category\/produkte\/\" rel=\"tag\">Produkte<\/a><span class=\"wp-block-post-terms__separator\">, <\/span><a href=\"https:\/\/berti.net\/de\/magazine\/category\/projekte\/\" rel=\"tag\">Projekte<\/a><span class=\"wp-block-post-terms__separator\">, <\/span><a href=\"https:\/\/berti.net\/de\/magazine\/category\/veranstaltungen\/\" rel=\"tag\">Veranstaltungen<\/a><\/div><\/div>\n\n\n<div style=\"font-style:normal;font-weight:600;text-transform:uppercase;\" class=\"has-link-color wp-elements-32859cd979b45056895d81c5660c23a0 wp-block-post-date has-text-color has-base-color has-s-font-size\"><time datetime=\"2016-07-11T13:40:31+00:00\">11 July 2016<\/time><\/div>\n\n\n<h1 class=\"wp-block-heading post-title\">Neuer<strong> Berti-Ausstellungsraum<\/strong> in<strong> Barcelona<\/strong>!<\/h1>\n\n\n\n<h2 class=\"wp-block-heading post-subtitle\" style=\"margin-bottom:var(--wp--preset--spacing--20)\">Eine weitere wichtige internationale Erfahrung f\u00fcr <strong>Berti Pavimento Legno<\/strong>, das in diesem Jahr 2016 best\u00e4tigt, dass es immer auch im Ausland aktiv ist und die Wertsch\u00e4tzung f\u00fcr seine Parkettb\u00f6den w\u00e4chst. Diesmal sind wir in Spanien, in <strong>Barcelona,<\/strong> wo letzten Monat ein offizieller <strong>Berti-Showroom<\/strong> er\u00f6ffnet wurde, in dem Sie die besten Produkte der Kollektion anfassen und kaufen k\u00f6nnen. <\/h2>\n\n\n\n<figure class=\"wp-block-image size-full is-style-default\"><img loading=\"lazy\" decoding=\"async\" width=\"700\" height=\"848\" src=\"https:\/\/www.berti.net\/wp-content\/uploads\/2016\/07\/berti_barcellona01.jpg\" alt=\"\" class=\"wp-image-8474\" srcset=\"https:\/\/berti.net\/wp-content\/uploads\/2016\/07\/berti_barcellona01.jpg 700w, https:\/\/berti.net\/wp-content\/uploads\/2016\/07\/berti_barcellona01-248x300.jpg 248w\" sizes=\"auto, (max-width: 700px) 100vw, 700px\" \/><\/figure>\n\n\n\n<p>Diese Ausstellungsfl\u00e4che in der katalanischen Hauptstadt in der <strong>Carrer del Rosell\u00f2 285<\/strong> (weniger als zwei Kilometer von der spektakul\u00e4ren <strong>Sagrada Familia<\/strong> entfernt) teilt sich Berti mit einem anderen italienischen Unternehmen, das in der Welt des <em>Made in Italy<\/em> eine herausragende Rolle spielt. Sie sind <a href=\"https:\/\/www.rintal.com\/\" target=\"_blank\" rel=\"noreferrer noopener\"><strong>Rintal<\/strong><\/a>ein Unternehmen mit Sitz in Cesena, das Treppen f\u00fcr den Innen- und Au\u00dfenbereich herstellt. <\/p>\n\n\n\n<figure class=\"wp-block-image size-full is-style-default\"><img loading=\"lazy\" decoding=\"async\" width=\"1500\" height=\"1000\" src=\"https:\/\/www.berti.net\/wp-content\/uploads\/2016\/07\/berti_barcellona03-1.jpg\" alt=\"\" class=\"wp-image-8496\" srcset=\"https:\/\/berti.net\/wp-content\/uploads\/2016\/07\/berti_barcellona03-1.jpg 1500w, https:\/\/berti.net\/wp-content\/uploads\/2016\/07\/berti_barcellona03-1-300x200.jpg 300w, https:\/\/berti.net\/wp-content\/uploads\/2016\/07\/berti_barcellona03-1-1024x683.jpg 1024w, https:\/\/berti.net\/wp-content\/uploads\/2016\/07\/berti_barcellona03-1-768x512.jpg 768w\" sizes=\"auto, (max-width: 1500px) 100vw, 1500px\" \/><\/figure>\n\n\n\n<p>Die Er\u00f6ffnungsveranstaltung fand in einer Atmosph\u00e4re voller Enthusiasmus statt, mit einem gro\u00dfen Wunsch, diese aufregende neue Erfahrung zu beginnen. Alle Angebote, von <strong>Intarsien<\/strong> bis hin zu <strong>Fertigparkett<\/strong>, fanden gro\u00dfen Anklang, auch die Parkettkollektion der <strong><a href=\"https:\/\/www.berti.net\/diesel\/\" target=\"_blank\" rel=\"noreferrer noopener\">Diesel Living<\/a><\/strong>. <\/p>\n\n\n\n<p>Um den Showroom direkt anzurufen, w\u00e4hlen Sie die Telefonnummer <strong>+34 934 67 26 07.<\/strong><\/p>\n\n\n\n<p><a href=\"https:\/\/www.facebook.com\/scalerintal\/photos\/?tab=album&amp;album_id=1315115998516971\" target=\"_blank\" rel=\"noreferrer noopener\"><strong>Die Fotogalerie stammt von der Rintal-Facebook-Seite<\/strong><\/a><\/p>\n\n\n\n<figure class=\"wp-block-image size-full is-style-default\"><img loading=\"lazy\" decoding=\"async\" width=\"1500\" height=\"1000\" src=\"https:\/\/www.berti.net\/wp-content\/uploads\/2016\/07\/berti_barcellona05.jpg\" alt=\"\" class=\"wp-image-8499\" srcset=\"https:\/\/berti.net\/wp-content\/uploads\/2016\/07\/berti_barcellona05.jpg 1500w, https:\/\/berti.net\/wp-content\/uploads\/2016\/07\/berti_barcellona05-300x200.jpg 300w, https:\/\/berti.net\/wp-content\/uploads\/2016\/07\/berti_barcellona05-1024x683.jpg 1024w, https:\/\/berti.net\/wp-content\/uploads\/2016\/07\/berti_barcellona05-768x512.jpg 768w\" sizes=\"auto, (max-width: 1500px) 100vw, 1500px\" \/><\/figure>\n\n\n\n<figure class=\"wp-block-image size-full is-style-default\"><img loading=\"lazy\" decoding=\"async\" width=\"1500\" height=\"1000\" src=\"https:\/\/www.berti.net\/wp-content\/uploads\/2016\/07\/berti_barcellona06.jpg\" alt=\"\" class=\"wp-image-8502\" srcset=\"https:\/\/berti.net\/wp-content\/uploads\/2016\/07\/berti_barcellona06.jpg 1500w, https:\/\/berti.net\/wp-content\/uploads\/2016\/07\/berti_barcellona06-300x200.jpg 300w, https:\/\/berti.net\/wp-content\/uploads\/2016\/07\/berti_barcellona06-1024x683.jpg 1024w, https:\/\/berti.net\/wp-content\/uploads\/2016\/07\/berti_barcellona06-768x512.jpg 768w\" sizes=\"auto, (max-width: 1500px) 100vw, 1500px\" \/><\/figure>\n<\/div>\n<\/div>\n\n\n\n<div class=\"wp-block-column is-layout-flow wp-container-core-column-is-layout-22223934 wp-block-column-is-layout-flow\" style=\"flex-basis:50%\">\n<figure class=\"wp-block-image size-full is-style-default\"><img loading=\"lazy\" decoding=\"async\" width=\"1500\" height=\"1000\" src=\"https:\/\/www.berti.net\/wp-content\/uploads\/2016\/07\/berti_barcellona08-1.jpg\" alt=\"\" class=\"wp-image-8490\" srcset=\"https:\/\/berti.net\/wp-content\/uploads\/2016\/07\/berti_barcellona08-1.jpg 1500w, https:\/\/berti.net\/wp-content\/uploads\/2016\/07\/berti_barcellona08-1-300x200.jpg 300w, https:\/\/berti.net\/wp-content\/uploads\/2016\/07\/berti_barcellona08-1-1024x683.jpg 1024w, https:\/\/berti.net\/wp-content\/uploads\/2016\/07\/berti_barcellona08-1-768x512.jpg 768w\" sizes=\"auto, (max-width: 1500px) 100vw, 1500px\" \/><\/figure>\n\n\n\n<figure class=\"wp-block-image size-full is-style-default\"><img loading=\"lazy\" decoding=\"async\" width=\"1500\" height=\"1000\" src=\"https:\/\/www.berti.net\/wp-content\/uploads\/2016\/07\/berti_barcellona02-2.jpg\" alt=\"\" class=\"wp-image-8493\" srcset=\"https:\/\/berti.net\/wp-content\/uploads\/2016\/07\/berti_barcellona02-2.jpg 1500w, https:\/\/berti.net\/wp-content\/uploads\/2016\/07\/berti_barcellona02-2-300x200.jpg 300w, https:\/\/berti.net\/wp-content\/uploads\/2016\/07\/berti_barcellona02-2-1024x683.jpg 1024w, https:\/\/berti.net\/wp-content\/uploads\/2016\/07\/berti_barcellona02-2-768x512.jpg 768w\" sizes=\"auto, (max-width: 1500px) 100vw, 1500px\" \/><\/figure>\n<\/div>\n<\/div>\n\n\n\n<div class=\"wp-block-group post-categories has-global-padding is-content-justification-left is-layout-constrained wp-container-core-group-is-layout-836d34cb wp-block-group-is-layout-constrained\" style=\"margin-top:var(--wp--preset--spacing--70);font-size:11px\">\n<div class=\"wp-block-group is-content-justification-center is-nowrap is-layout-flex wp-container-core-group-is-layout-60758a6d wp-block-group-is-layout-flex\">\n<p>Magazin \/<\/p>\n\n\n<div class=\"taxonomy-category wp-block-post-terms\"><a href=\"https:\/\/berti.net\/de\/magazine\/category\/produkte\/\" rel=\"tag\">Produkte<\/a><span class=\"wp-block-post-terms__separator\">, <\/span><a href=\"https:\/\/berti.net\/de\/magazine\/category\/projekte\/\" rel=\"tag\">Projekte<\/a><span class=\"wp-block-post-terms__separator\">, <\/span><a href=\"https:\/\/berti.net\/de\/magazine\/category\/veranstaltungen\/\" rel=\"tag\">Veranstaltungen<\/a><\/div><\/div>\n<\/div>\n<\/div>\n\n<p><\/p>\n","protected":false},"excerpt":{"rendered":"<p>Dieses Mal sind wir in Spanien, in Barcelona, wo letzten Monat ein offizieller Berti-Showroom er\u00f6ffnet wurde.  <\/p>\n","protected":false},"author":9,"featured_media":23134,"comment_status":"closed","ping_status":"closed","sticky":false,"template":"","format":"standard","meta":{"footnotes":""},"categories":[161,179,178],"tags":[],"class_list":["post-23133","post","type-post","status-publish","format-standard","has-post-thumbnail","hentry","category-produkte","category-projekte","category-veranstaltungen"],"_links":{"self":[{"href":"https:\/\/berti.net\/de\/wp-json\/wp\/v2\/posts\/23133","targetHints":{"allow":["GET"]}}],"collection":[{"href":"https:\/\/berti.net\/de\/wp-json\/wp\/v2\/posts"}],"about":[{"href":"https:\/\/berti.net\/de\/wp-json\/wp\/v2\/types\/post"}],"author":[{"embeddable":true,"href":"https:\/\/berti.net\/de\/wp-json\/wp\/v2\/users\/9"}],"replies":[{"embeddable":true,"href":"https:\/\/berti.net\/de\/wp-json\/wp\/v2\/comments?post=23133"}],"version-history":[{"count":1,"href":"https:\/\/berti.net\/de\/wp-json\/wp\/v2\/posts\/23133\/revisions"}],"predecessor-version":[{"id":23148,"href":"https:\/\/berti.net\/de\/wp-json\/wp\/v2\/posts\/23133\/revisions\/23148"}],"wp:featuredmedia":[{"embeddable":true,"href":"https:\/\/berti.net\/de\/wp-json\/wp\/v2\/media\/23134"}],"wp:attachment":[{"href":"https:\/\/berti.net\/de\/wp-json\/wp\/v2\/media?parent=23133"}],"wp:term":[{"taxonomy":"category","embeddable":true,"href":"https:\/\/berti.net\/de\/wp-json\/wp\/v2\/categories?post=23133"},{"taxonomy":"post_tag","embeddable":true,"href":"https:\/\/berti.net\/de\/wp-json\/wp\/v2\/tags?post=23133"}],"curies":[{"name":"wp","href":"https:\/\/api.w.org\/{rel}","templated":true}]}}