{"id":23054,"date":"2016-09-30T12:50:44","date_gmt":"2016-09-30T12:50:44","guid":{"rendered":"https:\/\/www.berti.net\/magazine\/ich-parquet-berti-im-fernsehen-auf-realtime-mit-der-sendung-ma-come-ti-vesti\/"},"modified":"2025-06-05T07:39:32","modified_gmt":"2025-06-05T07:39:32","slug":"ich-parquet-berti-im-fernsehen-auf-realtime-mit-der-sendung-ma-come-ti-vesti","status":"publish","type":"post","link":"https:\/\/berti.net\/de\/magazine\/ich-parquet-berti-im-fernsehen-auf-realtime-mit-der-sendung-ma-come-ti-vesti\/","title":{"rendered":"Ich parquet Berti im Fernsehen auf RealTime mit der Sendung \u201eMa come ti vesti?!\u201c"},"content":{"rendered":"\n<div class=\"wp-block-group post-detail-pattern is-container has-base-2-color has-contrast-background-color has-text-color has-background has-link-color wp-elements-7290b8245fd95631ace78784f3f6696b has-global-padding is-layout-constrained wp-block-group-is-layout-constrained\" style=\"margin-top:0;margin-bottom:0;padding-top:var(--wp--preset--spacing--70);padding-bottom:var(--wp--preset--spacing--70)\">\n<div class=\"wp-block-columns alignwide is-layout-flex wp-container-core-columns-is-layout-d125203f wp-block-columns-is-layout-flex\" style=\"margin-bottom:var(--wp--preset--spacing--50)\">\n<div class=\"wp-block-column is-vertically-aligned-stretch is-layout-flow wp-block-column-is-layout-flow\" style=\"padding-right:0;flex-basis:50%\">\n<div class=\"wp-block-group is-vertical is-content-justification-stretch is-layout-flex wp-container-core-group-is-layout-e9e70883 wp-block-group-is-layout-flex\" style=\"min-height:100%\">\n<div class=\"wp-block-group post-categories is-nowrap is-layout-flex wp-container-core-group-is-layout-3155b93e wp-block-group-is-layout-flex\" style=\"margin-top:var(--wp--preset--spacing--20);font-size:11px\">\n<p>Magazin \/<\/p>\n\n\n<div class=\"taxonomy-category wp-block-post-terms\"><a href=\"https:\/\/berti.net\/de\/magazine\/category\/produkte\/\" rel=\"tag\">Produkte<\/a><span class=\"wp-block-post-terms__separator\">, <\/span><a href=\"https:\/\/berti.net\/de\/magazine\/category\/projekte\/\" rel=\"tag\">Projekte<\/a><span class=\"wp-block-post-terms__separator\">, <\/span><a href=\"https:\/\/berti.net\/de\/magazine\/category\/veranstaltungen\/\" rel=\"tag\">Veranstaltungen<\/a><\/div><\/div>\n\n\n<div style=\"font-style:normal;font-weight:600;text-transform:uppercase;\" class=\"has-link-color wp-elements-32859cd979b45056895d81c5660c23a0 wp-block-post-date has-text-color has-base-color has-s-font-size\"><time datetime=\"2016-09-30T12:50:44+00:00\">30 September 2016<\/time><\/div>\n\n\n<h1 class=\"wp-block-heading post-title\">Ich parquet <strong>Berti<\/strong> im Fernsehen auf <strong>RealTime<\/strong> mit der Sendung <strong>\u201eMa come ti vesti?!\u201c<\/strong><\/h1>\n\n\n\n<h2 class=\"wp-block-heading post-subtitle\" style=\"margin-bottom:var(--wp--preset--spacing--20)\"><strong>Berti Parquets<\/strong> sind auch Stars im Fernsehen!<\/h2>\n\n\n\n<p>In diesen Wochen wird n\u00e4mlich die neunte Staffel der Sendung ausgestrahlt <strong><a href=\"https:\/\/blog.berti.net\/i-parquet-berti-in-tv-su-realtime-con-il-programma-ma-come-ti-vesti\/www.realtimetv.it\/programmi\/ma-come-ti-vesti\/\" target=\"_blank\" rel=\"noreferrer noopener\">Ma come ti vesti?!<\/a><\/strong>die von dem ber\u00fchmten Ehepaar <strong>Enzo Miccio<\/strong> und <strong>Carla Gozzi<\/strong> moderiert wird, jeden Dienstagabend um 21.10 Uhr auf dem Sender <strong><a href=\"https:\/\/www.facebook.com\/realtimeitalia\/\" target=\"_blank\" rel=\"noopener\">Real Time<\/a><\/strong> mit der M\u00f6glichkeit, die Episoden auf <strong>DPLAY<\/strong> anzuschauen.<\/p>\n\n\n\n<p>In dieser Saison k\u00f6nnen sich die Fernsehsender auf die Qualit\u00e4t von <strong>Berti Wooden Floors<\/strong> verlassen. <a href=\"https:\/\/www.berti.net\/product\/prodotti-inspiration\/\" target=\"_blank\" rel=\"noreferrer noopener\">Die Linie <strong>INSPIRATION<\/strong> der <strong>Berti Studio Collection<\/strong><\/a>, Modell Crystal, wurde f\u00fcr diesen prestigetr\u00e4chtigen Auftrag ausgew\u00e4hlt.<\/p>\n\n\n\n<figure class=\"wp-block-image size-full is-style-default\"><img loading=\"lazy\" decoding=\"async\" width=\"2128\" height=\"1137\" src=\"https:\/\/www.berti.net\/wp-content\/uploads\/2016\/09\/macometivesti_bertipavimenti_150dpi1.jpg\" alt=\"\" class=\"wp-image-8345\" srcset=\"https:\/\/berti.net\/wp-content\/uploads\/2016\/09\/macometivesti_bertipavimenti_150dpi1.jpg 2128w, https:\/\/berti.net\/wp-content\/uploads\/2016\/09\/macometivesti_bertipavimenti_150dpi1-300x160.jpg 300w, https:\/\/berti.net\/wp-content\/uploads\/2016\/09\/macometivesti_bertipavimenti_150dpi1-1024x547.jpg 1024w, https:\/\/berti.net\/wp-content\/uploads\/2016\/09\/macometivesti_bertipavimenti_150dpi1-768x410.jpg 768w, https:\/\/berti.net\/wp-content\/uploads\/2016\/09\/macometivesti_bertipavimenti_150dpi1-1536x821.jpg 1536w, https:\/\/berti.net\/wp-content\/uploads\/2016\/09\/macometivesti_bertipavimenti_150dpi1-2048x1094.jpg 2048w\" sizes=\"auto, (max-width: 2128px) 100vw, 2128px\" \/><\/figure>\n\n\n\n<p><strong>\u201eMa come ti vesti?!\u201c<\/strong> ist eine beliebte Fernsehserie, die versucht, Menschen zu helfen, die eine radikale Ver\u00e4nderung ihrer Garderobe ben\u00f6tigen, indem sie manchmal gnadenlos alles eliminiert, was geschmacklos ist. So verpassen Enzo und Carla den Protagonisten ma\u00dfgeschneiderte Looks, bevor sie sie mit der herausfordernden Aufgabe betrauen, allein einzukaufen. Am Ende des Trainings pr\u00e4sentieren sich die Teilnehmerinnen, die einen neuen Stil erlernt haben, ihren Freunden und Familien.  <\/p>\n\n\n\n<p>Wir freuen uns sehr \u00fcber diese neue Zusammenarbeit und laden Sie ein, sich das Programm sowohl live als auch auf Abruf anzusehen, um mit eigenen Augen zu sehen, wie pr\u00e4chtig unsere Parkettb\u00f6den zur Geltung kommen.<\/p>\n\n\n\n<figure class=\"wp-block-image size-full is-style-default\"><img loading=\"lazy\" decoding=\"async\" width=\"1416\" height=\"2128\" src=\"https:\/\/www.berti.net\/wp-content\/uploads\/2016\/09\/macometivesti_bertipavimenti_02_150dpi.jpg\" alt=\"\" class=\"wp-image-8351\" srcset=\"https:\/\/berti.net\/wp-content\/uploads\/2016\/09\/macometivesti_bertipavimenti_02_150dpi.jpg 1416w, https:\/\/berti.net\/wp-content\/uploads\/2016\/09\/macometivesti_bertipavimenti_02_150dpi-200x300.jpg 200w, https:\/\/berti.net\/wp-content\/uploads\/2016\/09\/macometivesti_bertipavimenti_02_150dpi-681x1024.jpg 681w, https:\/\/berti.net\/wp-content\/uploads\/2016\/09\/macometivesti_bertipavimenti_02_150dpi-768x1154.jpg 768w, https:\/\/berti.net\/wp-content\/uploads\/2016\/09\/macometivesti_bertipavimenti_02_150dpi-1022x1536.jpg 1022w, https:\/\/berti.net\/wp-content\/uploads\/2016\/09\/macometivesti_bertipavimenti_02_150dpi-1363x2048.jpg 1363w\" sizes=\"auto, (max-width: 1416px) 100vw, 1416px\" \/><\/figure>\n<\/div>\n<\/div>\n\n\n\n<div class=\"wp-block-column is-layout-flow wp-container-core-column-is-layout-22223934 wp-block-column-is-layout-flow\" style=\"flex-basis:50%\">\n<figure class=\"wp-block-image size-full is-style-default\"><img loading=\"lazy\" decoding=\"async\" width=\"1348\" height=\"1792\" src=\"https:\/\/www.berti.net\/wp-content\/uploads\/2016\/09\/macometivesti_bertipavimenti_01_150dpi.jpg\" alt=\"\" class=\"wp-image-8354\" srcset=\"https:\/\/berti.net\/wp-content\/uploads\/2016\/09\/macometivesti_bertipavimenti_01_150dpi.jpg 1348w, https:\/\/berti.net\/wp-content\/uploads\/2016\/09\/macometivesti_bertipavimenti_01_150dpi-226x300.jpg 226w, https:\/\/berti.net\/wp-content\/uploads\/2016\/09\/macometivesti_bertipavimenti_01_150dpi-770x1024.jpg 770w, https:\/\/berti.net\/wp-content\/uploads\/2016\/09\/macometivesti_bertipavimenti_01_150dpi-768x1021.jpg 768w, https:\/\/berti.net\/wp-content\/uploads\/2016\/09\/macometivesti_bertipavimenti_01_150dpi-1155x1536.jpg 1155w\" sizes=\"auto, (max-width: 1348px) 100vw, 1348px\" \/><\/figure>\n<\/div>\n<\/div>\n\n\n\n<div class=\"wp-block-group post-categories has-global-padding is-content-justification-left is-layout-constrained wp-container-core-group-is-layout-836d34cb wp-block-group-is-layout-constrained\" style=\"margin-top:var(--wp--preset--spacing--70);font-size:11px\">\n<div class=\"wp-block-group is-content-justification-center is-nowrap is-layout-flex wp-container-core-group-is-layout-60758a6d wp-block-group-is-layout-flex\">\n<p>Magazin \/<\/p>\n\n\n<div class=\"taxonomy-category wp-block-post-terms\"><a href=\"https:\/\/berti.net\/de\/magazine\/category\/produkte\/\" rel=\"tag\">Produkte<\/a><span class=\"wp-block-post-terms__separator\">, <\/span><a href=\"https:\/\/berti.net\/de\/magazine\/category\/projekte\/\" rel=\"tag\">Projekte<\/a><span class=\"wp-block-post-terms__separator\">, <\/span><a href=\"https:\/\/berti.net\/de\/magazine\/category\/veranstaltungen\/\" rel=\"tag\">Veranstaltungen<\/a><\/div><\/div>\n<\/div>\n<\/div>\n","protected":false},"excerpt":{"rendered":"<p>Ich parquet Berti im Fernsehen auf RealTime mit der Sendung \u201eMa come ti vesti?!\u201c<\/p>\n","protected":false},"author":9,"featured_media":23069,"comment_status":"closed","ping_status":"closed","sticky":false,"template":"","format":"standard","meta":{"footnotes":""},"categories":[161,179,178],"tags":[],"class_list":["post-23054","post","type-post","status-publish","format-standard","has-post-thumbnail","hentry","category-produkte","category-projekte","category-veranstaltungen"],"_links":{"self":[{"href":"https:\/\/berti.net\/de\/wp-json\/wp\/v2\/posts\/23054","targetHints":{"allow":["GET"]}}],"collection":[{"href":"https:\/\/berti.net\/de\/wp-json\/wp\/v2\/posts"}],"about":[{"href":"https:\/\/berti.net\/de\/wp-json\/wp\/v2\/types\/post"}],"author":[{"embeddable":true,"href":"https:\/\/berti.net\/de\/wp-json\/wp\/v2\/users\/9"}],"replies":[{"embeddable":true,"href":"https:\/\/berti.net\/de\/wp-json\/wp\/v2\/comments?post=23054"}],"version-history":[{"count":1,"href":"https:\/\/berti.net\/de\/wp-json\/wp\/v2\/posts\/23054\/revisions"}],"predecessor-version":[{"id":23095,"href":"https:\/\/berti.net\/de\/wp-json\/wp\/v2\/posts\/23054\/revisions\/23095"}],"wp:featuredmedia":[{"embeddable":true,"href":"https:\/\/berti.net\/de\/wp-json\/wp\/v2\/media\/23069"}],"wp:attachment":[{"href":"https:\/\/berti.net\/de\/wp-json\/wp\/v2\/media?parent=23054"}],"wp:term":[{"taxonomy":"category","embeddable":true,"href":"https:\/\/berti.net\/de\/wp-json\/wp\/v2\/categories?post=23054"},{"taxonomy":"post_tag","embeddable":true,"href":"https:\/\/berti.net\/de\/wp-json\/wp\/v2\/tags?post=23054"}],"curies":[{"name":"wp","href":"https:\/\/api.w.org\/{rel}","templated":true}]}}