{"id":23050,"date":"2022-10-10T08:14:49","date_gmt":"2022-10-10T08:14:49","guid":{"rendered":"https:\/\/www.berti.net\/magazine\/parkett-und-holzboden-fur-individuelle-traume\/"},"modified":"2025-06-05T13:08:06","modified_gmt":"2025-06-05T13:08:06","slug":"parkett-und-holzboden-fur-individuelle-traume","status":"publish","type":"post","link":"https:\/\/berti.net\/de\/magazine\/parkett-und-holzboden-fur-individuelle-traume\/","title":{"rendered":"Parkett und Holzb\u00f6den f\u00fcr individuelle Tr\u00e4ume"},"content":{"rendered":"\n<div class=\"wp-block-group post-detail-pattern is-container has-base-2-color has-contrast-background-color has-text-color has-background has-link-color wp-elements-4b792b217a8a03f628eba527a035ad0c has-global-padding is-layout-constrained wp-block-group-is-layout-constrained\" style=\"margin-top:0;margin-bottom:0;padding-top:var(--wp--preset--spacing--70);padding-bottom:var(--wp--preset--spacing--70)\">\n<div class=\"wp-block-columns alignwide is-layout-flex wp-container-core-columns-is-layout-d125203f wp-block-columns-is-layout-flex\" style=\"margin-bottom:var(--wp--preset--spacing--50)\">\n<div class=\"wp-block-column is-vertically-aligned-stretch is-layout-flow wp-block-column-is-layout-flow\" style=\"padding-right:0;flex-basis:50%\">\n<div class=\"wp-block-group is-vertical is-content-justification-stretch is-layout-flex wp-container-core-group-is-layout-e9e70883 wp-block-group-is-layout-flex\" style=\"min-height:100%\">\n<div class=\"wp-block-group post-categories is-nowrap is-layout-flex wp-container-core-group-is-layout-3155b93e wp-block-group-is-layout-flex\" style=\"margin-top:var(--wp--preset--spacing--20);font-size:11px\">\n<p>Magazin \/<\/p>\n\n\n<div class=\"taxonomy-category wp-block-post-terms\"><a href=\"https:\/\/berti.net\/de\/magazine\/category\/produkte\/\" rel=\"tag\">Produkte<\/a><span class=\"wp-block-post-terms__separator\">, <\/span><a href=\"https:\/\/berti.net\/de\/magazine\/category\/projekte\/\" rel=\"tag\">Projekte<\/a><\/div><\/div>\n\n\n<div style=\"font-style:normal;font-weight:600;text-transform:uppercase;\" class=\"has-link-color wp-elements-32859cd979b45056895d81c5660c23a0 wp-block-post-date has-text-color has-base-color has-s-font-size\"><time datetime=\"2022-10-10T08:14:49+00:00\">10 October 2022<\/time><\/div>\n\n\n<h1 class=\"wp-block-heading post-title\">Parkett und Holzb\u00f6den f\u00fcr individuelle Tr\u00e4ume<\/h1>\n\n\n\n<h2 class=\"wp-block-heading post-subtitle\" style=\"margin-bottom:var(--wp--preset--spacing--20)\"><strong>Designer-<\/strong> und <strong>ma\u00dfgeschneiderte<\/strong> <strong>Intarsienparkettb\u00f6den<\/strong>. F\u00fcr diejenigen, die <strong>Sch\u00f6nheit<\/strong> und <strong>Nachhaltigkeit<\/strong> an einem Ort vereinen m\u00f6chten. <\/h2>\n\n\n\n<h2 class=\"wp-block-heading post-subtitle\" style=\"margin-bottom:var(--wp--preset--spacing--20)\"><strong>Berti Pavimenti Legno<\/strong> ist stets leidenschaftlich auf Innovation bedacht und arbeitet st\u00e4ndig an der <strong>Entwicklung<\/strong> und <strong>Erforschung<\/strong> neuer Produkte, die auf den Markt gebracht werden sollen. Dieser Ansatz liefert neue Inspirationen in der Welt der <strong>eingelegten<\/strong> und <strong>ma\u00dfgeschneiderten<\/strong> <strong>Holzb\u00f6den<\/strong>, f\u00fcr <strong>einzigartige<\/strong>, <strong>ma\u00dfgeschneiderte<\/strong> Umgebungen, perfekt f\u00fcr diejenigen, die <strong>davon tr\u00e4umen<\/strong> und sie <strong>leben<\/strong>. <\/h2>\n\n\n\n<h3 class=\"wp-block-heading has-m-font-size\"><strong>Parkett und Harz: die Kunst der Sch\u00f6nheit<\/strong><\/h3>\n\n\n\n<p>Berti Pavimenti pr\u00e4sentiert ein einzigartiges Projekt, das aus einer ehrgeizigen und komplexen Vision in Zusammenarbeit mit Mino Longo &#8211; bekannt f\u00fcr seine Meisterschaft in der k\u00fcnstlerischen Verarbeitung von Harz &#8211; entstanden ist. Eine Serie von <strong>Parkettb\u00f6den<\/strong> und Verkleidungen, bei denen sich <strong>Intarsien aus Holz<\/strong> mit Harz abwechseln und ein Spiel von Perspektiven und optischen T\u00e4uschungen schaffen, die jedes Mal einzigartig sind. <br\/>Die absolute Besonderheit der hier vorgeschlagenen <strong>Parkettb\u00f6den<\/strong> und Verkleidungen ist ihre Nicht-Reproduzierbarkeit: Tats\u00e4chlich ist jedes St\u00fcck ein Unikat. Schritt f\u00fcr Schritt hergestellt und verarbeitet, mit einer Handwerkskunst, die jedes Detail wertvoll macht.  <\/p>\n\n\n\n<h3 class=\"wp-block-heading has-m-font-size\"><strong>Einrichtung mit kunstvollem und bio-inspiriertem Parkettboden<\/strong><div><span style=\"white-space: normal; background-image: none; background-position: 0% 0%; background-size: auto; background-repeat: repeat; background-attachment: scroll; background-origin: padding-box; background-clip: border-box; border: 0px; margin: 0px 0px 20px; padding: 0px; vertical-align: baseline; color: rgb(0, 0, 0); clear: both; font-size: 19px; line-height: 1.5em; font-family: Karla, sans-serif;\"><\/span><\/div><\/h3>\n\n\n\n<p>Mit Respekt vor der Natur und der Umwelt hat Berti beschlossen, dieses Projekt zu verwirklichen, wobei der Schwerpunkt auch auf der Nachhaltigkeit und der Verbesserung des Komforts und der Gesundheit derjenigen liegt, die in den R\u00e4umen leben. Dazu werden die neuesten umweltfreundlichen Technologien eingesetzt, wie z.B. die Verwendung von erneuerbaren oder recycelten Materialien, so genannten &#8221;biobasierten&#8221; Materialien, und die Kombination von Holz, dem gr\u00fcnsten aller Baumaterialien, mit Harz auf pflanzlicher Basis: leicht, biologisch abbaubar und best\u00e4ndig gegen Wasser und hohe Temperaturen. Biobasierte&#8221; Materialien werden so genannt, weil sie biologischen Ursprungs sind und keine Bestandteile fossilen Ursprungs enthalten, d.h. aus Kohle und \u00d6l gewonnen werden. Dies garantiert ein gesundes und sicheres Produkt: Der zertifizierte VOC-Wert liegt unter den zul\u00e4ssigen Grenzwerten. Dar\u00fcber hinaus hat das Harz den Vorteil, dass es geschliffen und gestrichen werden kann und unnachahmliche Farbeffekte erzeugt.   <\/p>\n\n\n\n<figure class=\"wp-block-image size-large is-style-default\"><img loading=\"lazy\" decoding=\"async\" width=\"1024\" height=\"714\" src=\"https:\/\/www.berti.net\/wp-content\/uploads\/2024\/10\/berti-parquet-tavole-rovere-prefinito-resina_2022-1024x714.jpg\" alt=\"\" class=\"wp-image-7012\" srcset=\"https:\/\/berti.net\/wp-content\/uploads\/2024\/10\/berti-parquet-tavole-rovere-prefinito-resina_2022-1024x714.jpg 1024w, https:\/\/berti.net\/wp-content\/uploads\/2024\/10\/berti-parquet-tavole-rovere-prefinito-resina_2022-300x209.jpg 300w, https:\/\/berti.net\/wp-content\/uploads\/2024\/10\/berti-parquet-tavole-rovere-prefinito-resina_2022-768x535.jpg 768w, https:\/\/berti.net\/wp-content\/uploads\/2024\/10\/berti-parquet-tavole-rovere-prefinito-resina_2022-1536x1071.jpg 1536w, https:\/\/berti.net\/wp-content\/uploads\/2024\/10\/berti-parquet-tavole-rovere-prefinito-resina_2022.jpg 1693w\" sizes=\"auto, (max-width: 1024px) 100vw, 1024px\" \/><\/figure>\n\n\n\n<figure class=\"wp-block-image size-large is-style-default\"><img loading=\"lazy\" decoding=\"async\" width=\"1024\" height=\"714\" src=\"https:\/\/www.berti.net\/wp-content\/uploads\/2024\/10\/berti-parquet-rovere-prefinito-pavimenti-in-legno-resina_2022-1024x714.jpg\" alt=\"\" class=\"wp-image-7015\" srcset=\"https:\/\/berti.net\/wp-content\/uploads\/2024\/10\/berti-parquet-rovere-prefinito-pavimenti-in-legno-resina_2022-1024x714.jpg 1024w, https:\/\/berti.net\/wp-content\/uploads\/2024\/10\/berti-parquet-rovere-prefinito-pavimenti-in-legno-resina_2022-300x209.jpg 300w, https:\/\/berti.net\/wp-content\/uploads\/2024\/10\/berti-parquet-rovere-prefinito-pavimenti-in-legno-resina_2022-768x535.jpg 768w, https:\/\/berti.net\/wp-content\/uploads\/2024\/10\/berti-parquet-rovere-prefinito-pavimenti-in-legno-resina_2022-1536x1071.jpg 1536w, https:\/\/berti.net\/wp-content\/uploads\/2024\/10\/berti-parquet-rovere-prefinito-pavimenti-in-legno-resina_2022.jpg 1693w\" sizes=\"auto, (max-width: 1024px) 100vw, 1024px\" \/><\/figure>\n\n\n\n<p class=\"has-xxs-font-size\">Auf dem Foto:<strong>Fertigparkett aus Eiche<\/strong> mit Harzeinlagen | Ma\u00dfgeschneidertes Produkt auf Anfrage<\/p>\n\n\n\n<p>Die Entscheidung, <strong>Parkett<\/strong> <strong>und Harz<\/strong> zu integrieren, ist f\u00fcr Berti nichts Neues.<br\/>Die ersten Verunreinigungen fanden 2004 anl\u00e4sslich der Ausstellung \u201eTouch Wood\u201c in Verona statt, wo in Zusammenarbeit mit Gaetano Pesce 6 Paneele aus Parkett und Harz geschaffen wurden. Gerade die Einzigartigkeit, verstanden als die Herstellung von Unikaten und nicht von identischen Artefakten, ist der \u201efil rouge\u201c, der die <strong>Intarsienb\u00f6den<\/strong> und <strong>Parkettkreationen<\/strong> von Berti auf dem Markt immer verbunden hat. <br\/>\u2937 S <a href=\"https:\/\/www.berti.net\/de\/referenzen\/gaetano-pesce\/\" target=\"_blank\" rel=\"noreferrer noopener\">ehen Sie das Projekt mit Gaetano Pesce<\/a> <\/p>\n\n\n\n<p>In der \u201eSquare Space\u201c Kollektion von <strong>Quadrotten aus Holz<\/strong> hingegen ist die Verwendung von Harz zum Markenzeichen geworden und verwandelt Details in elegante Dekorationen.<br\/>\u2937 <a href=\"https:\/\/www.berti.net\/de\/parkett\/quadrotte-square-space\/\" target=\"_blank\" rel=\"noreferrer noopener\">Entdecken Sie die Kollektion<\/a><\/p>\n\n\n\n<h3 class=\"wp-block-heading has-m-font-size\"><strong>Qualit\u00e4t kommt von Erfahrung<span style=\"white-space: normal; background-image: none; background-position: 0% 0%; background-size: auto; background-repeat: repeat; background-attachment: scroll; background-origin: padding-box; background-clip: border-box; border: 0px; margin: 0px 0px 20px; padding: 0px; vertical-align: baseline; color: rgb(0, 0, 0); clear: both; font-size: 19px; line-height: 1.5em; font-family: Karla, sans-serif;\"><\/span><\/strong><div><span style=\"white-space: normal; background-image: none; background-position: 0% 0%; background-size: auto; background-repeat: repeat; background-attachment: scroll; background-origin: padding-box; background-clip: border-box; border: 0px; margin: 0px 0px 20px; padding: 0px; vertical-align: baseline; color: rgb(0, 0, 0); clear: both; font-size: 19px; line-height: 1.5em; font-family: Karla, sans-serif;\"><\/span><\/div><\/h3>\n\n\n\n<figure class=\"wp-block-image size-large is-style-default\"><img loading=\"lazy\" decoding=\"async\" width=\"1024\" height=\"786\" src=\"https:\/\/www.berti.net\/wp-content\/uploads\/2024\/10\/berti-parquet-e-pavimenti-in-legno-resina_2022-1024x786.jpg\" alt=\"\" class=\"wp-image-7022\" srcset=\"https:\/\/berti.net\/wp-content\/uploads\/2024\/10\/berti-parquet-e-pavimenti-in-legno-resina_2022-1024x786.jpg 1024w, https:\/\/berti.net\/wp-content\/uploads\/2024\/10\/berti-parquet-e-pavimenti-in-legno-resina_2022-300x230.jpg 300w, https:\/\/berti.net\/wp-content\/uploads\/2024\/10\/berti-parquet-e-pavimenti-in-legno-resina_2022-768x590.jpg 768w, https:\/\/berti.net\/wp-content\/uploads\/2024\/10\/berti-parquet-e-pavimenti-in-legno-resina_2022-1536x1179.jpg 1536w, https:\/\/berti.net\/wp-content\/uploads\/2024\/10\/berti-parquet-e-pavimenti-in-legno-resina_2022.jpg 1693w\" sizes=\"auto, (max-width: 1024px) 100vw, 1024px\" \/><\/figure>\n\n\n\n<p>Einzigartiges <strong>Parkett<\/strong> und Realisierungen, die zur Kunst werden: Qualit\u00e4t ist das Ergebnis von Erfahrung und wichtigen Entscheidungen, die sich auf die Sch\u00f6nheit von <strong>Parkettholz<\/strong> konzentrieren <strong>.<\/strong> Dieses Projekt soll den Inspirationsfunken bei Architekten und Designern entfachen oder bei jedem, der einen <strong>ma\u00dfgeschneiderten Parkettboden<\/strong> haben m\u00f6chte. <\/p>\n\n\n\n<p>Dank der langj\u00e4hrigen Erfahrung in der Ma\u00dfanfertigung von Holzb\u00f6den und Wandverkleidungen kann die technische Abteilung jeden Bedarf interpretieren. <br\/><strong>\u2937 <a href=\"https:\/\/www.berti.net\/de\/beratung-anfordern\/\" target=\"_blank\" rel=\"noreferrer noopener\">Fordern Sie jetzt eine Beratung an!<\/a><\/strong><\/p>\n<\/div>\n<\/div>\n\n\n\n<div class=\"wp-block-column is-layout-flow wp-container-core-column-is-layout-22223934 wp-block-column-is-layout-flow\" style=\"flex-basis:50%\">\n<figure class=\"wp-block-image size-large is-style-default\"><img loading=\"lazy\" decoding=\"async\" width=\"1024\" height=\"786\" src=\"https:\/\/www.berti.net\/wp-content\/uploads\/2024\/10\/berti-parquet-e-pavimenti-in-legno-resina_2022-02-1024x786.jpg\" alt=\"\" class=\"wp-image-7000\" srcset=\"https:\/\/berti.net\/wp-content\/uploads\/2024\/10\/berti-parquet-e-pavimenti-in-legno-resina_2022-02-1024x786.jpg 1024w, https:\/\/berti.net\/wp-content\/uploads\/2024\/10\/berti-parquet-e-pavimenti-in-legno-resina_2022-02-300x230.jpg 300w, https:\/\/berti.net\/wp-content\/uploads\/2024\/10\/berti-parquet-e-pavimenti-in-legno-resina_2022-02-768x590.jpg 768w, https:\/\/berti.net\/wp-content\/uploads\/2024\/10\/berti-parquet-e-pavimenti-in-legno-resina_2022-02-1536x1179.jpg 1536w, https:\/\/berti.net\/wp-content\/uploads\/2024\/10\/berti-parquet-e-pavimenti-in-legno-resina_2022-02.jpg 1693w\" sizes=\"auto, (max-width: 1024px) 100vw, 1024px\" \/><\/figure>\n\n\n\n<figure class=\"wp-block-image size-large is-style-default\"><img loading=\"lazy\" decoding=\"async\" width=\"918\" height=\"1024\" src=\"https:\/\/www.berti.net\/wp-content\/uploads\/2024\/10\/berti-parquet-e-pavimenti-in-legno-resina_2022-03-918x1024.jpg\" alt=\"\" class=\"wp-image-7006\" srcset=\"https:\/\/berti.net\/wp-content\/uploads\/2024\/10\/berti-parquet-e-pavimenti-in-legno-resina_2022-03-918x1024.jpg 918w, https:\/\/berti.net\/wp-content\/uploads\/2024\/10\/berti-parquet-e-pavimenti-in-legno-resina_2022-03-269x300.jpg 269w, https:\/\/berti.net\/wp-content\/uploads\/2024\/10\/berti-parquet-e-pavimenti-in-legno-resina_2022-03-768x857.jpg 768w, https:\/\/berti.net\/wp-content\/uploads\/2024\/10\/berti-parquet-e-pavimenti-in-legno-resina_2022-03.jpg 1165w\" sizes=\"auto, (max-width: 918px) 100vw, 918px\" \/><\/figure>\n\n\n\n<figure class=\"wp-block-image size-large is-style-default\"><img loading=\"lazy\" decoding=\"async\" width=\"1024\" height=\"786\" src=\"https:\/\/www.berti.net\/wp-content\/uploads\/2024\/10\/berti-parquet-e-pavimenti-in-legno-resina-verde-1024x786.jpg\" alt=\"\" class=\"wp-image-7009\" srcset=\"https:\/\/berti.net\/wp-content\/uploads\/2024\/10\/berti-parquet-e-pavimenti-in-legno-resina-verde-1024x786.jpg 1024w, https:\/\/berti.net\/wp-content\/uploads\/2024\/10\/berti-parquet-e-pavimenti-in-legno-resina-verde-300x230.jpg 300w, https:\/\/berti.net\/wp-content\/uploads\/2024\/10\/berti-parquet-e-pavimenti-in-legno-resina-verde-768x590.jpg 768w, https:\/\/berti.net\/wp-content\/uploads\/2024\/10\/berti-parquet-e-pavimenti-in-legno-resina-verde-1536x1179.jpg 1536w, https:\/\/berti.net\/wp-content\/uploads\/2024\/10\/berti-parquet-e-pavimenti-in-legno-resina-verde.jpg 1693w\" sizes=\"auto, (max-width: 1024px) 100vw, 1024px\" \/><\/figure>\n<\/div>\n<\/div>\n\n\n\n<div class=\"wp-block-group post-categories has-global-padding is-content-justification-left is-layout-constrained wp-container-core-group-is-layout-836d34cb wp-block-group-is-layout-constrained\" style=\"margin-top:var(--wp--preset--spacing--70);font-size:11px\">\n<div class=\"wp-block-group is-content-justification-center is-nowrap is-layout-flex wp-container-core-group-is-layout-60758a6d wp-block-group-is-layout-flex\">\n<p>Magazin \/<\/p>\n\n\n<div class=\"taxonomy-category wp-block-post-terms\"><a href=\"https:\/\/berti.net\/de\/magazine\/category\/produkte\/\" rel=\"tag\">Produkte<\/a><span class=\"wp-block-post-terms__separator\">, <\/span><a href=\"https:\/\/berti.net\/de\/magazine\/category\/projekte\/\" rel=\"tag\">Projekte<\/a><\/div><\/div>\n<\/div>\n<\/div>\n","protected":false},"excerpt":{"rendered":"<p>Designer- und ma\u00dfgeschneiderte Intarsienparkettb\u00f6den. F\u00fcr diejenigen, die Sch\u00f6nheit und Nachhaltigkeit an einem Ort vereinen m\u00f6chten. <\/p>\n","protected":false},"author":9,"featured_media":23063,"comment_status":"closed","ping_status":"closed","sticky":false,"template":"","format":"standard","meta":{"footnotes":""},"categories":[161,179],"tags":[],"class_list":["post-23050","post","type-post","status-publish","format-standard","has-post-thumbnail","hentry","category-produkte","category-projekte"],"_links":{"self":[{"href":"https:\/\/berti.net\/de\/wp-json\/wp\/v2\/posts\/23050","targetHints":{"allow":["GET"]}}],"collection":[{"href":"https:\/\/berti.net\/de\/wp-json\/wp\/v2\/posts"}],"about":[{"href":"https:\/\/berti.net\/de\/wp-json\/wp\/v2\/types\/post"}],"author":[{"embeddable":true,"href":"https:\/\/berti.net\/de\/wp-json\/wp\/v2\/users\/9"}],"replies":[{"embeddable":true,"href":"https:\/\/berti.net\/de\/wp-json\/wp\/v2\/comments?post=23050"}],"version-history":[{"count":3,"href":"https:\/\/berti.net\/de\/wp-json\/wp\/v2\/posts\/23050\/revisions"}],"predecessor-version":[{"id":24895,"href":"https:\/\/berti.net\/de\/wp-json\/wp\/v2\/posts\/23050\/revisions\/24895"}],"wp:featuredmedia":[{"embeddable":true,"href":"https:\/\/berti.net\/de\/wp-json\/wp\/v2\/media\/23063"}],"wp:attachment":[{"href":"https:\/\/berti.net\/de\/wp-json\/wp\/v2\/media?parent=23050"}],"wp:term":[{"taxonomy":"category","embeddable":true,"href":"https:\/\/berti.net\/de\/wp-json\/wp\/v2\/categories?post=23050"},{"taxonomy":"post_tag","embeddable":true,"href":"https:\/\/berti.net\/de\/wp-json\/wp\/v2\/tags?post=23050"}],"curies":[{"name":"wp","href":"https:\/\/api.w.org\/{rel}","templated":true}]}}