{"id":22996,"date":"2017-01-02T12:24:27","date_gmt":"2017-01-02T12:24:27","guid":{"rendered":"https:\/\/www.berti.net\/magazine\/neue-bestatigungen-fur-berti-und-seine-parkettboden-auch-im-showroom-in-barcelona\/"},"modified":"2025-06-05T07:39:27","modified_gmt":"2025-06-05T07:39:27","slug":"neue-bestatigungen-fur-berti-und-seine-parkettboden-auch-im-showroom-in-barcelona","status":"publish","type":"post","link":"https:\/\/berti.net\/de\/magazine\/neue-bestatigungen-fur-berti-und-seine-parkettboden-auch-im-showroom-in-barcelona\/","title":{"rendered":"Neue Best\u00e4tigungen f\u00fcr Berti und seine Parkettb\u00f6den auch im Showroom in Barcelona!"},"content":{"rendered":"\n<div class=\"wp-block-group post-detail-pattern is-container has-base-2-color has-contrast-background-color has-text-color has-background has-link-color wp-elements-0bbe7de285ff7c128d12b875fae75b23 has-global-padding is-layout-constrained wp-block-group-is-layout-constrained\" style=\"margin-top:0;margin-bottom:0;padding-top:var(--wp--preset--spacing--70);padding-bottom:var(--wp--preset--spacing--70)\">\n<div class=\"wp-block-columns alignwide is-layout-flex wp-container-core-columns-is-layout-d125203f wp-block-columns-is-layout-flex\" style=\"margin-bottom:var(--wp--preset--spacing--50)\">\n<div class=\"wp-block-column is-vertically-aligned-stretch is-layout-flow wp-block-column-is-layout-flow\" style=\"padding-right:0;flex-basis:50%\">\n<div class=\"wp-block-group is-vertical is-content-justification-stretch is-layout-flex wp-container-core-group-is-layout-e9e70883 wp-block-group-is-layout-flex\" style=\"min-height:100%\">\n<div class=\"wp-block-group post-categories is-nowrap is-layout-flex wp-container-core-group-is-layout-3155b93e wp-block-group-is-layout-flex\" style=\"margin-top:var(--wp--preset--spacing--20);font-size:11px\">\n<p>Magazin \/<\/p>\n\n\n<div class=\"taxonomy-category wp-block-post-terms\"><a href=\"https:\/\/berti.net\/de\/magazine\/category\/produkte\/\" rel=\"tag\">Produkte<\/a><span class=\"wp-block-post-terms__separator\">, <\/span><a href=\"https:\/\/berti.net\/de\/magazine\/category\/veranstaltungen\/\" rel=\"tag\">Veranstaltungen<\/a><\/div><\/div>\n\n\n<div style=\"font-style:normal;font-weight:600;text-transform:uppercase;\" class=\"has-link-color wp-elements-32859cd979b45056895d81c5660c23a0 wp-block-post-date has-text-color has-base-color has-s-font-size\"><time datetime=\"2017-01-02T12:24:27+00:00\">2 January 2017<\/time><\/div>\n\n\n<h1 class=\"wp-block-heading post-title\">Neue Best\u00e4tigungen f\u00fcr <strong>Berti<\/strong> und seine <strong>Parkettb\u00f6den<\/strong> auch im Showroom <strong>in Barcelona<\/strong>!<\/h1>\n\n\n\n<h2 class=\"wp-block-heading post-subtitle\" style=\"margin-bottom:var(--wp--preset--spacing--20)\">Eine der besten Neuigkeiten des Jahres 2016 f\u00fcr <strong>Berti Pavimenti Legno<\/strong> war die Er\u00f6ffnung des Showrooms in <strong>Barcelona<\/strong> in der Carrer del Rossel\u00f2 285,<br\/>, nur wenige Schritte von der beeindruckenden Aussicht auf die<br\/> Sagrada<strong>Familia<\/strong> entfernt, was die gute internationale Politik des Unternehmens best\u00e4tigt.<\/h2>\n\n\n\n<figure class=\"wp-block-image size-full is-style-default\"><img loading=\"lazy\" decoding=\"async\" width=\"2560\" height=\"1707\" src=\"https:\/\/www.berti.net\/wp-content\/uploads\/2017\/01\/berti_barcellona05-scaled.jpg\" alt=\"\" class=\"wp-image-8255\" srcset=\"https:\/\/berti.net\/wp-content\/uploads\/2017\/01\/berti_barcellona05-scaled.jpg 2560w, https:\/\/berti.net\/wp-content\/uploads\/2017\/01\/berti_barcellona05-300x200.jpg 300w, https:\/\/berti.net\/wp-content\/uploads\/2017\/01\/berti_barcellona05-1024x683.jpg 1024w, https:\/\/berti.net\/wp-content\/uploads\/2017\/01\/berti_barcellona05-768x512.jpg 768w, https:\/\/berti.net\/wp-content\/uploads\/2017\/01\/berti_barcellona05-1536x1024.jpg 1536w, https:\/\/berti.net\/wp-content\/uploads\/2017\/01\/berti_barcellona05-2048x1365.jpg 2048w\" sizes=\"auto, (max-width: 2560px) 100vw, 2560px\" \/><\/figure>\n\n\n\n<p>Der Raum wird mit einem anderen Unternehmen von Made in Italy geteilt, n\u00e4mlich <strong>Rintal<\/strong>, einem Hersteller von Innen- und Au\u00dfentreppen.<\/p>\n\n\n\n<p>In diesen ersten positiven Monaten unserer spanischen Erfahrung konnten wir feststellen, dass ein Markt und ein Geschmack, der sich von dem italienischen unterscheidet, dennoch die hohe Qualit\u00e4t und \u00c4sthetik unserer Produkte zu sch\u00e4tzen wei\u00df, die ihre Vielfalt zu einem starken Argument machen. In der Tat wurden zahlreiche Modelle angefragt, und der Showroom wurde von Fachleuten und Privatpersonen aus ganz <strong>Katalonien<\/strong> besucht. Wir konnten auch eine Art \u201ePodium\u201c ausmachen, indem wir hier die drei bisher am meisten gesch\u00e4tzten Parkettb\u00f6den genannt haben:  <\/p>\n\n\n\n<p><strong><a href=\"https:\/\/www.berti.net\/product\/diesel-living-with-berti-prodotti-special\/\">BLACK SHADOW DIESEL<\/a><br\/><\/strong>Pr\u00e4sentiert in der Special Linie der Diesel Living with Berti Kollektion.<strong><br\/><\/strong>Ein zeitgen\u00f6ssischer Look, aber interpretiert in einer geometrischen Komposition mit einer klassischen Matrix. Ein Hell-Dunkel-Effekt mit unmittelbarer plastischer Wahrnehmung, dank des Spiels von Licht und Schatten, das eine dreidimensionale Schattierung erzeugt <\/p>\n\n\n\n<p><strong><a href=\"https:\/\/www.berti.net\/product\/prodotti-essential-rovere\/\" target=\"_blank\" rel=\"noreferrer noopener\">ESSENTIAL EICHE<\/a><br\/><\/strong>Aus der Berti-Kollektion<br\/><strong>\u201e<\/strong>Die warme und raffinierte Eiche ist ein Bestseller unter den Essenzen, die f\u00fcr Fu\u00dfb\u00f6den und Parkett verwendet werden, dank ihrer \u00e4sthetischen Eigenschaften, ihrer Farbe und Maserung, die sie zu einer geeigneten Essenz f\u00fcr jede Art von Umgebung machen, aber vor allem dank ihrer ausgezeichneten H\u00e4rte, Stabilit\u00e4t und Haltbarkeit.\u201c<\/p>\n\n\n\n<p><strong><a href=\"https:\/\/www.berti.net\/product\/prodotti-inspiration\/\" target=\"_blank\" rel=\"noreferrer noopener\">BLANCHE EICHE<\/a><br\/><\/strong>Aus der Inspiration Collection von Berti Studio.<br\/>Eine Kollektion mit einer besonderen Note dank der Verarbeitung, der Beize und dem Finish, die den Standardprodukten in den einzelnen Essenzen hinzugef\u00fcgt werden. Andere Interpretationen des Holzes f\u00fcr den besonderen Geschmack oder die speziellen Bed\u00fcrfnisse. <\/p>\n\n\n\n<p>Angesichts der guten Ergebnisse der ersten Monate hat Berti beschlossen, eine neue <strong>Marketingpolitik<\/strong> zu verfolgen, sowohl territorial als auch digital, und Sie finden hier eine Seite, die dem Showroom in Barcelona gewidmet ist<strong> <\/strong><strong><a href=\"https:\/\/promo.bertiparquet.net\/\" target=\"_blank\" rel=\"noreferrer noopener\">promo.bertiparquet.net<\/a><\/strong><\/p>\n\n\n\n<figure class=\"wp-block-image size-full is-style-default\"><img loading=\"lazy\" decoding=\"async\" width=\"900\" height=\"1200\" src=\"https:\/\/www.berti.net\/wp-content\/uploads\/2017\/01\/bertistudio-scratch-1.jpg\" alt=\"\" class=\"wp-image-8268\" srcset=\"https:\/\/berti.net\/wp-content\/uploads\/2017\/01\/bertistudio-scratch-1.jpg 900w, https:\/\/berti.net\/wp-content\/uploads\/2017\/01\/bertistudio-scratch-1-225x300.jpg 225w, https:\/\/berti.net\/wp-content\/uploads\/2017\/01\/bertistudio-scratch-1-768x1024.jpg 768w\" sizes=\"auto, (max-width: 900px) 100vw, 900px\" \/><\/figure>\n<\/div>\n<\/div>\n\n\n\n<div class=\"wp-block-column is-layout-flow wp-container-core-column-is-layout-22223934 wp-block-column-is-layout-flow\" style=\"flex-basis:50%\">\n<figure class=\"wp-block-image size-full is-style-default\"><img loading=\"lazy\" decoding=\"async\" width=\"900\" height=\"1200\" src=\"https:\/\/www.berti.net\/wp-content\/uploads\/2017\/01\/bertistudio-essence-oil-1.jpg\" alt=\"\" class=\"wp-image-8262\" srcset=\"https:\/\/berti.net\/wp-content\/uploads\/2017\/01\/bertistudio-essence-oil-1.jpg 900w, https:\/\/berti.net\/wp-content\/uploads\/2017\/01\/bertistudio-essence-oil-1-225x300.jpg 225w, https:\/\/berti.net\/wp-content\/uploads\/2017\/01\/bertistudio-essence-oil-1-768x1024.jpg 768w\" sizes=\"auto, (max-width: 900px) 100vw, 900px\" \/><\/figure>\n<\/div>\n<\/div>\n\n\n\n<div class=\"wp-block-group post-categories has-global-padding is-content-justification-left is-layout-constrained wp-container-core-group-is-layout-836d34cb wp-block-group-is-layout-constrained\" style=\"margin-top:var(--wp--preset--spacing--70);font-size:11px\">\n<div class=\"wp-block-group is-content-justification-center is-nowrap is-layout-flex wp-container-core-group-is-layout-60758a6d wp-block-group-is-layout-flex\">\n<p>Magazin \/<\/p>\n\n\n<div class=\"taxonomy-category wp-block-post-terms\"><a href=\"https:\/\/berti.net\/de\/magazine\/category\/produkte\/\" rel=\"tag\">Produkte<\/a><span class=\"wp-block-post-terms__separator\">, <\/span><a href=\"https:\/\/berti.net\/de\/magazine\/category\/veranstaltungen\/\" rel=\"tag\">Veranstaltungen<\/a><\/div><\/div>\n<\/div>\n<\/div>\n","protected":false},"excerpt":{"rendered":"<p>Eine der besten Neuigkeiten des Jahres 2016 f\u00fcr Berti Pavimenti Legno war die Er\u00f6ffnung des Showrooms in Barcelona in der Carrer del Rossel\u00f2 285,<br \/>\nnur wenige Schritte von der beeindruckenden Aussicht auf die<br \/>\nSagrada Familia entfernt.<\/p>\n","protected":false},"author":9,"featured_media":23012,"comment_status":"closed","ping_status":"closed","sticky":false,"template":"","format":"standard","meta":{"footnotes":""},"categories":[161,178],"tags":[],"class_list":["post-22996","post","type-post","status-publish","format-standard","has-post-thumbnail","hentry","category-produkte","category-veranstaltungen"],"_links":{"self":[{"href":"https:\/\/berti.net\/de\/wp-json\/wp\/v2\/posts\/22996","targetHints":{"allow":["GET"]}}],"collection":[{"href":"https:\/\/berti.net\/de\/wp-json\/wp\/v2\/posts"}],"about":[{"href":"https:\/\/berti.net\/de\/wp-json\/wp\/v2\/types\/post"}],"author":[{"embeddable":true,"href":"https:\/\/berti.net\/de\/wp-json\/wp\/v2\/users\/9"}],"replies":[{"embeddable":true,"href":"https:\/\/berti.net\/de\/wp-json\/wp\/v2\/comments?post=22996"}],"version-history":[{"count":1,"href":"https:\/\/berti.net\/de\/wp-json\/wp\/v2\/posts\/22996\/revisions"}],"predecessor-version":[{"id":23037,"href":"https:\/\/berti.net\/de\/wp-json\/wp\/v2\/posts\/22996\/revisions\/23037"}],"wp:featuredmedia":[{"embeddable":true,"href":"https:\/\/berti.net\/de\/wp-json\/wp\/v2\/media\/23012"}],"wp:attachment":[{"href":"https:\/\/berti.net\/de\/wp-json\/wp\/v2\/media?parent=22996"}],"wp:term":[{"taxonomy":"category","embeddable":true,"href":"https:\/\/berti.net\/de\/wp-json\/wp\/v2\/categories?post=22996"},{"taxonomy":"post_tag","embeddable":true,"href":"https:\/\/berti.net\/de\/wp-json\/wp\/v2\/tags?post=22996"}],"curies":[{"name":"wp","href":"https:\/\/api.w.org\/{rel}","templated":true}]}}